{"id":186392,"date":"2025-06-18T17:27:08","date_gmt":"2025-06-18T17:27:08","guid":{"rendered":"https:\/\/www.europesays.com\/fr\/186392\/"},"modified":"2025-06-18T17:27:08","modified_gmt":"2025-06-18T17:27:08","slug":"du-cash-encaisse-illegalement-chez-darty-ile-de-france-la-societe-et-deux-cadres-mis-en-examen","status":"publish","type":"post","link":"https:\/\/www.europesays.com\/fr\/186392\/","title":{"rendered":"Du cash encaiss\u00e9 ill\u00e9galement chez Darty \u00cele-de-France ? La soci\u00e9t\u00e9 et deux cadres mis en examen"},"content":{"rendered":"<p>            Par<br \/>\n        <strong><br \/>\n            <a href=\"https:\/\/actu.fr\/auteur\/julie-bossart-actu-fr\" title=\"Consulter tous les articles de Julie Bossart\" rel=\"nofollow noopener\" target=\"_blank\">Julie Bossart<\/a><br \/>\n        <\/strong><\/p>\n<p>        Publi\u00e9 le<\/p>\n<p>            18 juin 2025 \u00e0 19h06        <\/p>\n<p>\u00ab\u2009Le contrat de confiance\u2009\u00bb \u00e9corn\u00e9.\u00a0Deux salari\u00e9s de Darty <a href=\"https:\/\/actu.fr\/ile-de-france\/dernieres-actus\" rel=\"nofollow noopener\" target=\"_blank\">\u00cele-de-France<\/a> ainsi que cette filiale en tant que personne morale ont \u00e9t\u00e9 mis en examen, a confirm\u00e9 ce mercredi 18\u00a0juin 2025 le groupe Fnac Darty, apr\u00e8s des informations de <a href=\"https:\/\/www.mediapart.fr\/journal\/france\/170625\/darty-mis-en-examen-pour-blanchiment-d-argent-en-bande-organisee\" rel=\"nofollow noopener\" target=\"_blank\">Mediapart<\/a>. La veille, le journal d\u2019investigation r\u00e9v\u00e9lait que les faits pr\u00e9sum\u00e9s portant sur un blanchiment en bande organis\u00e9e auraient \u00e9t\u00e9 commis \u00ab\u2009entre le 1er\u00a0janvier 2016 et le 30\u00a0d\u00e9cembre 2020\u2009\u00bb. Et d\u2019indiquer que la\u00a0soci\u00e9t\u00e9 \u00ab\u2009\u00c9tablissements Darty et fils a \u00e9galement \u00e9t\u00e9 plac\u00e9e sous le statut de t\u00e9moin assist\u00e9 pour des faits pr\u00e9sum\u00e9s d\u2019association de malfaiteurs et de blanchiment en bande organis\u00e9e\u2009\u00bb.<\/p>\n<p>\u00ab\u00a0Des agissements dont le groupe est victime\u00a0\u00bb<\/p>\n<p class=\" wall-content\">En 2021, cinq personnes, dont quatre directeurs de magasins Darty, avaient d\u00e9j\u00e0 \u00e9t\u00e9 mises en examen dans ce dossier en raison de soup\u00e7ons de transactions ill\u00e9gales en liquide dans des points de vente de la r\u00e9gion parisienne.<\/p>\n<p class=\" wall-content\">Mediapart affirme que dans \u00ab\u2009de nombreux magasins Darty\u2009\u00bb d\u2019\u00cele-de-France, un \u00ab\u2009vaste syst\u00e8me ill\u00e9gal de paiement en cash\u2009\u00bb avait \u00e9t\u00e9 mis en place, avec \u00ab\u2009des centaines de transactions ill\u00e9gales r\u00e9alis\u00e9es, d\u2019un montant de plus de 1,5\u00a0million d\u2019euros vers\u00e9s en cash\u2009\u00bb.\u00a0Mais, en France, depuis 2016, le paiement en esp\u00e8ces d\u2019un particulier \u00e0 un professionnel ou entre professionnels n\u2019est autoris\u00e9 que jusqu\u2019\u00e0 1\u2009000\u00a0euros, afin de lutter contre le blanchiment d\u2019argent provenant notamment de la criminalit\u00e9 organis\u00e9e.<\/p>\n<p class=\" wall-content\">Contact\u00e9 par <a href=\"https:\/\/actu.fr\/paris\/dernieres-actus\" rel=\"nofollow noopener\" target=\"_blank\">actu Paris<\/a>, le groupe Fnac Darty confirme qu\u2019une \u00ab\u00a0enqu\u00eate est en cours depuis 2021 \u00e0 la suite d\u2019irr\u00e9gularit\u00e9s constat\u00e9es dans un nombre limit\u00e9 de magasins de l\u2019une de ses filiales, Darty \u00cele-de-France. La direction du groupe a port\u00e9 ces agissements dont elle s\u2019estime victime \u00e0 la connaissance du procureur de la R\u00e9publique de Paris d\u00e8s janvier 2021, et a port\u00e9 plainte.\u00a0\u00bb<\/p>\n<p class=\" wall-content\">Depuis, \u00ab\u2009la direction du groupe a mandat\u00e9 le cabinet PWC qui a men\u00e9 un travail approfondi pour s\u2019assurer de la robustesse de ses proc\u00e9dures, et a renforc\u00e9 ses \u00e9quipes d\u2019audit interne\u2009\u00bb. Le groupe, qui rappelle \u00ab\u2009qu\u2019il ne s\u2019agit ni de la tenue d\u2019un proc\u00e8s ni d\u2019une condamnation\u2009\u00bb, se dit demeurer \u00ab\u2009serein et confiant dans le travail men\u00e9 par la justice et dans l\u2019issue de cette enqu\u00eate, et continue \u00e0 collaborer avec les autorit\u00e9s judiciaires\u2009\u00bb.<\/p>\n<p>Vid\u00e9os : en ce moment sur Actu<\/p>\n<p class=\" wall-content\">avec AFP<\/p>\n<p class=\" wall-content\">Suivez toute l\u2019actualit\u00e9 de vos villes et m\u00e9dias favoris en vous inscrivant \u00e0 <a href=\"https:\/\/moncompte.actu.fr\" title=\"D\u00e9couvez Mon Actu\" rel=\"nofollow noopener\" data-trk=\"{&quot;cta&quot;:{&quot;action&quot;:&quot;https:\\\/\\\/moncompte.actu.fr&quot;,&quot;category&quot;:&quot;mon compte&quot;,&quot;from&quot;:&quot;article footer&quot;,&quot;name&quot;:&quot;Mon actu&quot;,&quot;type&quot;:&quot;cta&quot;}}\" target=\"_blank\">Mon Actu<\/a>.<\/p>\n","protected":false},"excerpt":{"rendered":"Par Julie Bossart Publi\u00e9 le 18 juin 2025 \u00e0 19h06 \u00ab\u2009Le contrat de confiance\u2009\u00bb \u00e9corn\u00e9.\u00a0Deux salari\u00e9s de Darty&hellip;\n","protected":false},"author":2,"featured_media":186393,"comment_status":"","ping_status":"","sticky":false,"template":"","format":"standard","meta":{"footnotes":""},"categories":[1592],"tags":[1111,11,215,1777,674,118,1011,27,662,303,12,626,25],"class_list":{"0":"post-186392","1":"post","2":"type-post","3":"status-publish","4":"format-standard","5":"has-post-thumbnail","7":"category-ile-de-france","8":"tag-actu","9":"tag-actualites","10":"tag-commerce","11":"tag-eu","12":"tag-europe","13":"tag-faits-divers","14":"tag-fr","15":"tag-france","16":"tag-ile-de-france","17":"tag-justice","18":"tag-news","19":"tag-paris","20":"tag-republique-francaise"},"share_on_mastodon":{"url":"https:\/\/pubeurope.com\/@fr\/114705546997879622","error":""},"_links":{"self":[{"href":"https:\/\/www.europesays.com\/fr\/wp-json\/wp\/v2\/posts\/186392","targetHints":{"allow":["GET"]}}],"collection":[{"href":"https:\/\/www.europesays.com\/fr\/wp-json\/wp\/v2\/posts"}],"about":[{"href":"https:\/\/www.europesays.com\/fr\/wp-json\/wp\/v2\/types\/post"}],"author":[{"embeddable":true,"href":"https:\/\/www.europesays.com\/fr\/wp-json\/wp\/v2\/users\/2"}],"replies":[{"embeddable":true,"href":"https:\/\/www.europesays.com\/fr\/wp-json\/wp\/v2\/comments?post=186392"}],"version-history":[{"count":0,"href":"https:\/\/www.europesays.com\/fr\/wp-json\/wp\/v2\/posts\/186392\/revisions"}],"wp:featuredmedia":[{"embeddable":true,"href":"https:\/\/www.europesays.com\/fr\/wp-json\/wp\/v2\/media\/186393"}],"wp:attachment":[{"href":"https:\/\/www.europesays.com\/fr\/wp-json\/wp\/v2\/media?parent=186392"}],"wp:term":[{"taxonomy":"category","embeddable":true,"href":"https:\/\/www.europesays.com\/fr\/wp-json\/wp\/v2\/categories?post=186392"},{"taxonomy":"post_tag","embeddable":true,"href":"https:\/\/www.europesays.com\/fr\/wp-json\/wp\/v2\/tags?post=186392"}],"curies":[{"name":"wp","href":"https:\/\/api.w.org\/{rel}","templated":true}]}}