{"id":186402,"date":"2025-06-18T17:32:09","date_gmt":"2025-06-18T17:32:09","guid":{"rendered":"https:\/\/www.europesays.com\/fr\/186402\/"},"modified":"2025-06-18T17:32:09","modified_gmt":"2025-06-18T17:32:09","slug":"moscou-nationalise-laeroport-de-domodedovo-nouvel-exemple-de-saisie-dactifs-strategiques","status":"publish","type":"post","link":"https:\/\/www.europesays.com\/fr\/186402\/","title":{"rendered":"Moscou nationalise l\u2019a\u00e9roport de Domodedovo, nouvel exemple de saisie d\u2019actifs strat\u00e9giques"},"content":{"rendered":"\n<p>L\u2019\u00c9tat russe vient de mettre la main sur l\u2019un de ses plus grands a\u00e9roports internationaux. En un seul jugement rendu le 17\u00a0juin, l\u2019a\u00e9roport de Domodedovo \u2013\u00a0le dernier a\u00e9roport de Moscou encore enti\u00e8rement priv\u00e9\u00a0\u2013 a \u00e9t\u00e9 transf\u00e9r\u00e9 \u00e0 l\u2019\u00c9tat. Une nationalisation d\u2019envergure, <a class=\"ithalc\" data-ithal=\"lien_externe\" data-ithalc=\"[nav_article]\" target=\"_blank\" href=\"https:\/\/www.agents.media\/prokurory-osushhestvili-krupnejshuyu-natsionalizatsiyu-s-nachala-vojny\/\" rel=\"noopener\">qualifi\u00e9e par le site d\u2019investigation ind\u00e9pendant russe <strong>Agentstvo<\/strong><\/a> de \u201cplus importante depuis le d\u00e9but de la guerre\u201d. La valeur totale des 25\u00a0entreprises composant la holding qui contr\u00f4lait l\u2019a\u00e9roport moscovite \u201cs\u2019\u00e9l\u00e8ve \u00e0 plus de 1\u00a0billion de roubles\u201d (environ 11\u00a0milliards d\u2019euros).<\/p>\n<p>La d\u00e9cision judiciaire a \u00e9t\u00e9 ex\u00e9cut\u00e9e \u201cimm\u00e9diatement\u201d via le registre d\u2019\u00c9tat, <a class=\"ithalc\" data-ithal=\"lien_externe\" data-ithalc=\"[nav_article]\" target=\"_blank\" href=\"https:\/\/www.vedomosti.ru\/business\/articles\/2025\/06\/17\/1117701-kak-natsionalizatsiya-aeroporta?from=newsline\" rel=\"noopener\">explique <strong>Vedomosti<\/strong><\/a><strong>,<\/strong> quotidien \u00e9conomique russe. Cette saisie n\u2019est due ni \u00e0 \u201cla qualit\u00e9 des services, \u00e0 la s\u00e9curit\u00e9 des vols ou \u00e0 la s\u00fbret\u00e9 du transport\u201d, observe le directeur du site sp\u00e9cialis\u00e9 Aviaport, Oleg Pantele\u00efev, cit\u00e9 par Vedomosti. Le motif avanc\u00e9 par le parquet tient \u00e0 la nationalit\u00e9 des actionnaires\u00a0: Dmitri Kamenchtchik, propri\u00e9taire historique de l\u2019a\u00e9roport, d\u00e9tient des passeports turc et \u00e9mirati, alors que son associ\u00e9, Valery Kogan, est r\u00e9sident isra\u00e9lien.<\/p>\n<p>Trois pays que le Kremlin accuse de \u201csuivre la politique agressive de l\u2019Occident visant \u00e0 infliger une d\u00e9faite \u00e0 la Russie\u201d, <a class=\"ithalc\" data-ithal=\"lien_externe\" data-ithalc=\"[nav_article]\" target=\"_blank\" href=\"https:\/\/www.gazeta.ru\/social\/2025\/06\/17\/21225614.shtml?updated\" rel=\"noopener\">rappelle le por<\/a><\/p>\n","protected":false},"excerpt":{"rendered":"L\u2019\u00c9tat russe vient de mettre la main sur l\u2019un de ses plus grands a\u00e9roports internationaux. En un seul&hellip;\n","protected":false},"author":2,"featured_media":186403,"comment_status":"","ping_status":"","sticky":false,"template":"","format":"standard","meta":{"footnotes":""},"categories":[1591],"tags":[11,674,1887,12,1885,1886,132,21852,2542],"class_list":{"0":"post-186402","1":"post","2":"type-post","3":"status-publish","4":"format-standard","5":"has-post-thumbnail","7":"category-russie","8":"tag-actualites","9":"tag-europe","10":"tag-federation-de-russie","11":"tag-news","12":"tag-russia","13":"tag-russian-federation","14":"tag-russie","15":"tag-transport-au00e9rien","16":"tag-u00e9conomie"},"share_on_mastodon":{"url":"https:\/\/pubeurope.com\/@fr\/114705566533135923","error":""},"_links":{"self":[{"href":"https:\/\/www.europesays.com\/fr\/wp-json\/wp\/v2\/posts\/186402","targetHints":{"allow":["GET"]}}],"collection":[{"href":"https:\/\/www.europesays.com\/fr\/wp-json\/wp\/v2\/posts"}],"about":[{"href":"https:\/\/www.europesays.com\/fr\/wp-json\/wp\/v2\/types\/post"}],"author":[{"embeddable":true,"href":"https:\/\/www.europesays.com\/fr\/wp-json\/wp\/v2\/users\/2"}],"replies":[{"embeddable":true,"href":"https:\/\/www.europesays.com\/fr\/wp-json\/wp\/v2\/comments?post=186402"}],"version-history":[{"count":0,"href":"https:\/\/www.europesays.com\/fr\/wp-json\/wp\/v2\/posts\/186402\/revisions"}],"wp:featuredmedia":[{"embeddable":true,"href":"https:\/\/www.europesays.com\/fr\/wp-json\/wp\/v2\/media\/186403"}],"wp:attachment":[{"href":"https:\/\/www.europesays.com\/fr\/wp-json\/wp\/v2\/media?parent=186402"}],"wp:term":[{"taxonomy":"category","embeddable":true,"href":"https:\/\/www.europesays.com\/fr\/wp-json\/wp\/v2\/categories?post=186402"},{"taxonomy":"post_tag","embeddable":true,"href":"https:\/\/www.europesays.com\/fr\/wp-json\/wp\/v2\/tags?post=186402"}],"curies":[{"name":"wp","href":"https:\/\/api.w.org\/{rel}","templated":true}]}}