{"id":186410,"date":"2025-06-18T17:36:24","date_gmt":"2025-06-18T17:36:24","guid":{"rendered":"https:\/\/www.europesays.com\/fr\/186410\/"},"modified":"2025-06-18T17:36:24","modified_gmt":"2025-06-18T17:36:24","slug":"un-homme-de-20-ans-soupconne-davoir-pousse-des-adolescents-au-suicide-via-internet-arrete","status":"publish","type":"post","link":"https:\/\/www.europesays.com\/fr\/186410\/","title":{"rendered":"un homme de 20 ans, soup\u00e7onn\u00e9 d&rsquo;avoir pouss\u00e9 des adolescents au suicide via internet, arr\u00eat\u00e9"},"content":{"rendered":"<p class=\"article-p mdl\">Les autorit\u00e9s allemandes ont annonc\u00e9, ce mercredi 18 juin, l&rsquo;arrestation d&rsquo;un homme de 20 ans, soup\u00e7onn\u00e9 \u00ab\u00a0notamment de meurtre et de tentative de meurtre\u00a0\u00bb. Le mis en cause, r\u00e9sidant \u00e0 Hambourg, a \u00e9t\u00e9 appr\u00e9hend\u00e9 \u00ab\u00a0\u00e0 l&rsquo;issue d&rsquo;une enqu\u00eate approfondie men\u00e9e par une commission sp\u00e9ciale mise en place\u00a0\u00bb, son domicile a \u00e9t\u00e9 fouill\u00e9 par les forces de l&rsquo;ordre, selon le parquet et la police de la ville dans un communiqu\u00e9.\u00a0<\/p>\n<p class=\"article-p mdl\">Ce jeune homme, un Germano-Iranien, est soup\u00e7onn\u00e9 d&rsquo;avoir manipul\u00e9 et menac\u00e9 plusieurs adolescents. <strong>Huit victimes, \u00e2g\u00e9es de 16 \u00e0 19 ans, ont \u00e9t\u00e9 identifi\u00e9es<\/strong>. L&rsquo;accus\u00e9 aurait \u0153uvr\u00e9 \u00e0 rendre ces personnes d\u00e9pendantes de lui avant de les harceler. D&rsquo;apr\u00e8s les m\u00e9dias,\u00a0<a class=\"link\" href=\"https:\/\/www.rtl.fr\/actu\/international\/etats-unis-le-fbi-fait-etat-d-une-attaque-terroriste-ciblee-dans-le-colorado-7900511026\" title=\"\u00c9tats-Unis : le FBI fait \u00e9tat d&#039;une &quot;attaque terroriste cibl\u00e9e&quot; dans le Colorado\" target=\"_blank\" rel=\"noopener\">le FBI\u00a0<\/a>est \u00e0 l&rsquo;origine de cette enqu\u00eate. La police am\u00e9ricaine aurait envoy\u00e9 une information aux autorit\u00e9s allemandes.\u00a0<\/p>\n<p class=\"article-p mdl\">Ce jeune homme de 20 ans est accus\u00e9 d&rsquo;avoir pouss\u00e9 un adolescent am\u00e9ricain de 13 ans au suicide. Il s&rsquo;est pendu durant un livestream, diffus\u00e9 sur internet. Une jeune fille, vivant au\u00a0<a class=\"link\" href=\"https:\/\/www.rtl.fr\/actu\/international\/canada-profil-du-suspect-bilan-humain-ce-que-l-on-sait-de-l-attaque-a-la-voiture-belier-a-vancouver-7900498662\" title=\"Canada : profil du suspect, bilan humain... ce que l&#039;on sait de l&#039;attaque \u00e0 la voiture-b\u00e9lier \u00e0 Vancouver\" target=\"_blank\" rel=\"noopener\">Canada<\/a>, a \u00e9galement \u00e9t\u00e9 une victime du suspect. Plusieurs victimes ont tent\u00e9 de se suicider, d&rsquo;apr\u00e8s l&rsquo;enqu\u00eate.<strong> Plus de 120 infractions sont, au total, reproch\u00e9es \u00e0 l&rsquo;accus\u00e9<\/strong>.\u00a0<\/p>\n<p>            Que sait-on du suspect ?<\/p>\n<p class=\"article-p mdl\">L&rsquo;accus\u00e9 serait <strong>un \u00ab\u00a0membre important\u00a0\u00bb d&rsquo;un r\u00e9seau cybercriminel p\u00e9dophile, baptis\u00e9 \u00ab\u00a0764\u00a0\u00bb<\/strong>. Ce dernier vise principalement des mineurs vuln\u00e9rables, \u00e2g\u00e9s de 8 \u00e0 17 ans, notamment au sein des communaut\u00e9s LGBTQ+, chez les minorit\u00e9s raciales et chez les personnes souffrant de troubles mentaux.<\/p>\n<p class=\"article-p mdl\">D&rsquo;apr\u00e8s les autorit\u00e9s allemandes, \u00ab\u00a0764\u00a0\u00bb pousse des mineurs \u00e0 <strong>commettre des actes violents contre eux-m\u00eames, <\/strong>en leur mettant une pression psychologique. Le suspect aurait forc\u00e9 ces victimes \u00e0 se livrer, dans des groupes de discussion sur internet, \u00e0 des actes sexuels et \u00e0 s&rsquo;automutiler. Le mis en cause aurait ensuite film\u00e9 ces actes, mena\u00e7ant de les diffuser plus largement pour contraindre les victimes \u00e0 commettre des actes encore plus extr\u00eames.<\/p>\n<p>    La r\u00e9daction vous recommande<\/p>\n<p class=\"s-newsletter__title\">\n                L\u2019actualit\u00e9 par la r\u00e9daction de RTL dans votre bo\u00eete mail.\n            <\/p>\n<p class=\"s-newsletter__subtitle\">\n                Gr\u00e2ce \u00e0 votre compte RTL abonnez-vous \u00e0 la newsletter RTL info pour suivre toute l&rsquo;actualit\u00e9 au quotidien\n            <\/p>\n<p>\n                                    Lire la suite\n                                <\/p>\n","protected":false},"excerpt":{"rendered":"Les autorit\u00e9s allemandes ont annonc\u00e9, ce mercredi 18 juin, l&rsquo;arrestation d&rsquo;un homme de 20 ans, soup\u00e7onn\u00e9 \u00ab\u00a0notamment de&hellip;\n","protected":false},"author":2,"featured_media":186411,"comment_status":"","ping_status":"","sticky":false,"template":"","format":"standard","meta":{"footnotes":""},"categories":[1587],"tags":[11,5215,672,1804,9001,1805,1803,1777,674,107,1801,1900,310,2824,12,1802,5748],"class_list":{"0":"post-186410","1":"post","2":"type-post","3":"status-publish","4":"format-standard","5":"has-post-thumbnail","7":"category-allemagne","8":"tag-actualites","9":"tag-adolescence","10":"tag-allemagne","11":"tag-bundesrepublik-deutschland","12":"tag-cyberharcelement","13":"tag-de","14":"tag-deutschland","15":"tag-eu","16":"tag-europe","17":"tag-fil-info","18":"tag-germany","19":"tag-hambourg","20":"tag-internet","21":"tag-menaces","22":"tag-news","23":"tag-republique-federale-dallemagne","24":"tag-suicide"},"share_on_mastodon":{"url":"https:\/\/pubeurope.com\/@fr\/114705582288967827","error":""},"_links":{"self":[{"href":"https:\/\/www.europesays.com\/fr\/wp-json\/wp\/v2\/posts\/186410","targetHints":{"allow":["GET"]}}],"collection":[{"href":"https:\/\/www.europesays.com\/fr\/wp-json\/wp\/v2\/posts"}],"about":[{"href":"https:\/\/www.europesays.com\/fr\/wp-json\/wp\/v2\/types\/post"}],"author":[{"embeddable":true,"href":"https:\/\/www.europesays.com\/fr\/wp-json\/wp\/v2\/users\/2"}],"replies":[{"embeddable":true,"href":"https:\/\/www.europesays.com\/fr\/wp-json\/wp\/v2\/comments?post=186410"}],"version-history":[{"count":0,"href":"https:\/\/www.europesays.com\/fr\/wp-json\/wp\/v2\/posts\/186410\/revisions"}],"wp:featuredmedia":[{"embeddable":true,"href":"https:\/\/www.europesays.com\/fr\/wp-json\/wp\/v2\/media\/186411"}],"wp:attachment":[{"href":"https:\/\/www.europesays.com\/fr\/wp-json\/wp\/v2\/media?parent=186410"}],"wp:term":[{"taxonomy":"category","embeddable":true,"href":"https:\/\/www.europesays.com\/fr\/wp-json\/wp\/v2\/categories?post=186410"},{"taxonomy":"post_tag","embeddable":true,"href":"https:\/\/www.europesays.com\/fr\/wp-json\/wp\/v2\/tags?post=186410"}],"curies":[{"name":"wp","href":"https:\/\/api.w.org\/{rel}","templated":true}]}}