{"id":186412,"date":"2025-06-18T17:37:10","date_gmt":"2025-06-18T17:37:10","guid":{"rendered":"https:\/\/www.europesays.com\/fr\/186412\/"},"modified":"2025-06-18T17:37:10","modified_gmt":"2025-06-18T17:37:10","slug":"les-sabreuses-tricolores-se-parent-dor","status":"publish","type":"post","link":"https:\/\/www.europesays.com\/fr\/186412\/","title":{"rendered":"les sabreuses tricolores se parent d&rsquo;or"},"content":{"rendered":"<p>Les sabreuses tricolores se parent d&rsquo;or aux championnats d&rsquo;Europe \u00e0 G\u00eanes (Italie).<\/p>\n<p>En finale, les Fran\u00e7aises ont domin\u00e9 les Polonaises 45-31.<\/p>\n<p>8 m\u00e9dailles pour la France<\/p>\n<p>Elles ont pu compter sur l&rsquo;exp\u00e9rience de <a href=\"https:\/\/www.ledauphine.com\/p\/sara-balzer\" target=\"_blank\" rel=\"noopener\">Sara Balzer<\/a>, vice-championne olympique \u00e0 Paris, et de la fraicheur de S<a href=\"https:\/\/www.ledauphine.com\/sport\/2025\/06\/15\/sarah-noutcha-sacree-championne-d-europe-de-sabre\" target=\"_blank\" rel=\"noopener\">ara\u00a0Noutcha sacr\u00e9e championne d&rsquo;Europe\u00a0dimanche dernier en individuel.<\/a><\/p>\n<p>La France terminent ces championnats d&rsquo;Europe avec 8 m\u00e9dailles.<\/p>\n<p>Plus d&rsquo;informations \u00e0 venir<\/p>\n","protected":false},"excerpt":{"rendered":"Les sabreuses tricolores se parent d&rsquo;or aux championnats d&rsquo;Europe \u00e0 G\u00eanes (Italie). En finale, les Fran\u00e7aises ont domin\u00e9&hellip;\n","protected":false},"author":2,"featured_media":186413,"comment_status":"","ping_status":"","sticky":false,"template":"","format":"standard","meta":{"footnotes":""},"categories":[1586],"tags":[11,1946,1777,674,107,1011,27,12,25,517,1947],"class_list":{"0":"post-186412","1":"post","2":"type-post","3":"status-publish","4":"format-standard","5":"has-post-thumbnail","7":"category-europe","8":"tag-actualites","9":"tag-escrime","10":"tag-eu","11":"tag-europe","12":"tag-fil-info","13":"tag-fr","14":"tag-france","15":"tag-news","16":"tag-republique-francaise","17":"tag-sport","18":"tag-sport-national"},"share_on_mastodon":{"url":"https:\/\/pubeurope.com\/@fr\/114705586229855188","error":""},"_links":{"self":[{"href":"https:\/\/www.europesays.com\/fr\/wp-json\/wp\/v2\/posts\/186412","targetHints":{"allow":["GET"]}}],"collection":[{"href":"https:\/\/www.europesays.com\/fr\/wp-json\/wp\/v2\/posts"}],"about":[{"href":"https:\/\/www.europesays.com\/fr\/wp-json\/wp\/v2\/types\/post"}],"author":[{"embeddable":true,"href":"https:\/\/www.europesays.com\/fr\/wp-json\/wp\/v2\/users\/2"}],"replies":[{"embeddable":true,"href":"https:\/\/www.europesays.com\/fr\/wp-json\/wp\/v2\/comments?post=186412"}],"version-history":[{"count":0,"href":"https:\/\/www.europesays.com\/fr\/wp-json\/wp\/v2\/posts\/186412\/revisions"}],"wp:featuredmedia":[{"embeddable":true,"href":"https:\/\/www.europesays.com\/fr\/wp-json\/wp\/v2\/media\/186413"}],"wp:attachment":[{"href":"https:\/\/www.europesays.com\/fr\/wp-json\/wp\/v2\/media?parent=186412"}],"wp:term":[{"taxonomy":"category","embeddable":true,"href":"https:\/\/www.europesays.com\/fr\/wp-json\/wp\/v2\/categories?post=186412"},{"taxonomy":"post_tag","embeddable":true,"href":"https:\/\/www.europesays.com\/fr\/wp-json\/wp\/v2\/tags?post=186412"}],"curies":[{"name":"wp","href":"https:\/\/api.w.org\/{rel}","templated":true}]}}