{"id":186416,"date":"2025-06-18T17:39:10","date_gmt":"2025-06-18T17:39:10","guid":{"rendered":"https:\/\/www.europesays.com\/fr\/186416\/"},"modified":"2025-06-18T17:39:10","modified_gmt":"2025-06-18T17:39:10","slug":"le-sujet-de-physique-chimie-fait-polemique-chez-les-candidats-et-certains-profs","status":"publish","type":"post","link":"https:\/\/www.europesays.com\/fr\/186416\/","title":{"rendered":"Le sujet de physique chimie fait pol\u00e9mique chez les candidats et certains profs"},"content":{"rendered":"<p> \u00abHonteux\u00a0!\u00a0\u00bb \u00ab\u00a0J\u2019ai boss\u00e9 comme une malade. Rien de ce que j\u2019ai r\u00e9vis\u00e9 ne ressemble \u00e0 \u00e7a.\u00a0\u00bb \u00ab\u00a0Je ne comprends m\u00eame pas qu\u2019on puisse caler autant de trucs hors programme\u00a0\u00bb\u2026 Sur les <a href=\"https:\/\/www.20minutes.fr\/dossier\/reseaux_sociaux\" class=\"color-ultramarine c-link\" target=\"_blank\" rel=\"noopener\">r\u00e9seaux sociaux<\/a>, nombreux sont les commentaires d\u00e9sabus\u00e9s de <a href=\"https:\/\/www.20minutes.fr\/dossier\/candidat\" class=\"color-ultramarine c-link\" target=\"_blank\" rel=\"noopener\">candidats<\/a> ayant pass\u00e9 l\u2019\u00e9preuve d\u2019enseignement de sp\u00e9cialit\u00e9 en <a href=\"https:\/\/www.20minutes.fr\/sciences\/physique\/\" class=\"color-ultramarine c-link\" target=\"_blank\" rel=\"noopener\">physique chimie<\/a>, mardi.<\/p>\n<p>M\u00eame les enseignants semblent corroborer la <a href=\"https:\/\/www.cafepedagogique.net\/wp-content\/uploads\/2025\/06\/25-PYCJ1ME1.pdf\" target=\"_blank\" class=\"color-ultramarine c-link\" rel=\"noopener\">difficult\u00e9 du sujet<\/a> de douze pages, ses trois exercices et ses multiples questions (38 au total). Le tout en 3h30. \u00ab\u00a0Ce sujet \u00e9tait beaucoup trop long\u00a0\u00bb, \u00e9voque une enseignante de physique chimie, contact\u00e9e par le <a href=\"https:\/\/www.cafepedagogique.net\/2025\/06\/18\/le-sujet-de-physique-chimie-etait-il-trop-complique-au-bac-2025\/\" target=\"_blank\" class=\"color-ultramarine c-link\" rel=\"noopener\">Caf\u00e9 p\u00e9dagogique<\/a>. \u00ab\u00a0C\u2019est un sujet tr\u00e8s math\u00e9matique, tr\u00e8s calculatoire. Il s\u2019adresse d\u2019abord \u00e0 des \u00e9l\u00e8ves de sp\u00e9cialit\u00e9s maths.\u00a0\u00bb<\/p>\n<p>\u00ab\u00a0Mais qui fait les sujets\u00a0?\u00a0\u00bb<\/p>\n<p>La pr\u00e9sence de questions portant sur des notions \u00e9tudi\u00e9es rapidement en fin d\u2019ann\u00e9e, comme la radioactivit\u00e9, est aussi point\u00e9e du doigt. \u00ab\u00a0Mais qui fait les sujets\u00a0? Quelqu\u2019un qui n\u2019est pas au fait du programme de terminale, certainement\u00a0\u00bb, manque de s\u2019\u00e9touffer un \u00e9l\u00e8ve sur X.<\/p>\n<blockquote class=\"twitter-tweet\" align=\"center\" data-lang=\"fr_FR\">\n<p lang=\"fr\" dir=\"ltr\">je me sens trahis par la bac de physique-chimie, deux ann\u00e9es \u00e0 travailler une des mati\u00e8re les plus durs pour au final se faire tuer par un sujet qui est a des kilom\u00e8tres de se qu\u2019on apprend <a href=\"https:\/\/twitter.com\/hashtag\/bac2025?src=hash&amp;ref_src=twsrc%5Etfw\" target=\"_blank\" rel=\"noopener\">#bac2025<\/a><\/p>\n<p>\u2014 Lucas (@Eiap9) <a href=\"https:\/\/twitter.com\/Eiap9\/status\/1935013786387190175?ref_src=twsrc%5Etfw\" target=\"_blank\" rel=\"noopener\">June 17, 2025<\/a><\/p><\/blockquote>\n<p class=\"mb-m@xs text-l@xs\">En cliquant sur\u00ab J\u2019accepte \u00bb, vous acceptez le d\u00e9p\u00f4t de cookies par des services externes et aurez ainsi acc\u00e8s aux contenus de nos partenaires.<\/p>\n<p class=\"mb-xl@xs text-s@xs\">Plus d\u2019informations sur la page<a href=\"https:\/\/www.20minutes.fr\/gestion-cookies\" class=\"mx-xxs@xs color-ultramarine\" target=\"_blank\" rel=\"noopener\">Politique de gestion des cookies<\/a><\/p>\n<p>J\u2019accepte<\/p>\n<p>\u00ab\u00a0Trop de maths, trop de nouveaut\u00e9s. On ne fait pas trois exercices originaux\u00a0!\u00a0\u00bb, estime une enseignante sur le Caf\u00e9 p\u00e9dagogique. \u00ab\u00a0\u00c7a va juste conduire \u00e0 un ajustement du bar\u00e8me mal boutiqu\u00e9\u00a0\u00bb, pr\u00e9vient-elle, en anticipant des notes qui s\u2019annoncent globalement catastrophiques.<\/p>\n<p><script async src=\"https:\/\/platform.twitter.com\/widgets.js\" charset=\"utf-8\"><\/script><\/p>\n","protected":false},"excerpt":{"rendered":"\u00abHonteux\u00a0!\u00a0\u00bb \u00ab\u00a0J\u2019ai boss\u00e9 comme une malade. Rien de ce que j\u2019ai r\u00e9vis\u00e9 ne ressemble \u00e0 \u00e7a.\u00a0\u00bb \u00ab\u00a0Je ne&hellip;\n","protected":false},"author":2,"featured_media":186417,"comment_status":"","ping_status":"","sticky":false,"template":"","format":"standard","meta":{"footnotes":""},"categories":[2],"tags":[47,11,31761,426,10531,1736,1011,27,12,11088,25,104],"class_list":{"0":"post-186416","1":"post","2":"type-post","3":"status-publish","4":"format-standard","5":"has-post-thumbnail","7":"category-actualites","8":"tag-actualite","9":"tag-actualites","10":"tag-bac-baccalaureat","11":"tag-candidat","12":"tag-chimie","13":"tag-enseignant","14":"tag-fr","15":"tag-france","16":"tag-news","17":"tag-physique","18":"tag-republique-francaise","19":"tag-societe"},"share_on_mastodon":{"url":"https:\/\/pubeurope.com\/@fr\/114705594081806736","error":""},"_links":{"self":[{"href":"https:\/\/www.europesays.com\/fr\/wp-json\/wp\/v2\/posts\/186416","targetHints":{"allow":["GET"]}}],"collection":[{"href":"https:\/\/www.europesays.com\/fr\/wp-json\/wp\/v2\/posts"}],"about":[{"href":"https:\/\/www.europesays.com\/fr\/wp-json\/wp\/v2\/types\/post"}],"author":[{"embeddable":true,"href":"https:\/\/www.europesays.com\/fr\/wp-json\/wp\/v2\/users\/2"}],"replies":[{"embeddable":true,"href":"https:\/\/www.europesays.com\/fr\/wp-json\/wp\/v2\/comments?post=186416"}],"version-history":[{"count":0,"href":"https:\/\/www.europesays.com\/fr\/wp-json\/wp\/v2\/posts\/186416\/revisions"}],"wp:featuredmedia":[{"embeddable":true,"href":"https:\/\/www.europesays.com\/fr\/wp-json\/wp\/v2\/media\/186417"}],"wp:attachment":[{"href":"https:\/\/www.europesays.com\/fr\/wp-json\/wp\/v2\/media?parent=186416"}],"wp:term":[{"taxonomy":"category","embeddable":true,"href":"https:\/\/www.europesays.com\/fr\/wp-json\/wp\/v2\/categories?post=186416"},{"taxonomy":"post_tag","embeddable":true,"href":"https:\/\/www.europesays.com\/fr\/wp-json\/wp\/v2\/tags?post=186416"}],"curies":[{"name":"wp","href":"https:\/\/api.w.org\/{rel}","templated":true}]}}