{"id":186430,"date":"2025-06-18T17:49:10","date_gmt":"2025-06-18T17:49:10","guid":{"rendered":"https:\/\/www.europesays.com\/fr\/186430\/"},"modified":"2025-06-18T17:49:10","modified_gmt":"2025-06-18T17:49:10","slug":"tour-nivernais-morvan-etape-1-directs","status":"publish","type":"post","link":"https:\/\/www.europesays.com\/fr\/186430\/","title":{"rendered":"Tour Nivernais Morvan &#8211; \u00e9tape 1 &#8211; Directs"},"content":{"rendered":"<p style=\"text-align: justify;\">La\u00a01\u00e8re\u00a0\u00e9tape du 47e Tour Nivernais Morvan (\u00c9lite Nationale) se dispute ce\u00a0jeudi 19 juin entre\u00a0La Fermet\u00e9 et La Machine\u00a0sur une distance de 154,4 kilom\u00e8tres. Le d\u00e9part fictif est donn\u00e9 \u00e0 13h25, le r\u00e9el \u00e0 13h30.<\/p>\n<p>-Site de la course :\u00a0<strong><a href=\"http:\/\/www.tournivernaismorvan.fr\/\" target=\"_blank\" rel=\"noopener\">www.tournivernaismorvan.fr<\/a><\/strong><br \/>-Guide technique\u00a0:\u00a0<a href=\"https:\/\/cdn.directvelo.com\/uploads\/racing\/races\/6852720aa1b57.pdf\" target=\"_blank\" rel=\"noopener\"><strong>en cliquant ici<\/strong><\/a>.<br \/>-Itin\u00e9raire-horaires :\u00a0<strong><a href=\"https:\/\/cdn.directvelo.com\/uploads\/racing\/races\/685155db10497.pdf\" target=\"_blank\" rel=\"noopener\">en cliquant ici<\/a><\/strong>.<br \/>-Liste des\u00a0engag\u00e9s\u00a0:\u00a0<strong><a href=\"https:\/\/www.directvelo.com\/actualite\/121292\/tour-nivernais-morvan-les-engages\" target=\"_blank\" rel=\"noopener\">en cliquant ici<\/a><\/strong>.<\/p>\n<p><strong>Pour devenir partenaire de nos directs, contactez nous sur pub@directvelo.com !<\/strong><\/p>\n<p><strong>Suivez nous sur les r\u00e9seaux sociaux :<br \/>&#8211;<a href=\"https:\/\/www.facebook.com\/DirectVelo-138658475738\/\" target=\"_blank\" rel=\"noopener\">Facebook<\/a><br \/>&#8211;<a href=\"https:\/\/www.instagram.com\/directvelo\/\" target=\"_blank\" rel=\"noopener\">Instagram<\/a><br \/>&#8211;<a href=\"https:\/\/twitter.com\/directvelo\" target=\"_blank\" rel=\"noopener\">X<\/a>\u00a0<br \/><a href=\"https:\/\/twitter.com\/directvelo\" target=\"_blank\" rel=\"noopener\">&#8211;<\/a><a href=\"https:\/\/www.tiktok.com\/@directvelo\" target=\"_blank\" rel=\"noopener\">TikTok<\/a><br \/><\/strong><\/p>\n<p><script async src=\"https:\/\/platform.twitter.com\/widgets.js\" charset=\"utf-8\"><\/script><script async src=\"\/\/www.instagram.com\/embed.js\"><\/script><script async src=\"\/\/www.tiktok.com\/embed.js\"><\/script><\/p>\n","protected":false},"excerpt":{"rendered":"La\u00a01\u00e8re\u00a0\u00e9tape du 47e Tour Nivernais Morvan (\u00c9lite Nationale) se dispute ce\u00a0jeudi 19 juin entre\u00a0La Fermet\u00e9 et La Machine\u00a0sur&hellip;\n","protected":false},"author":2,"featured_media":186431,"comment_status":"","ping_status":"","sticky":false,"template":"","format":"standard","meta":{"footnotes":""},"categories":[1411],"tags":[834,828,836,829,837,827,83,826,824,823,1154,207,814,817,815,816,822,821,832,211,839,1011,27,820,818,819,835,831,830,833,838,60,212,208,825],"class_list":{"0":"post-186430","1":"post","2":"type-post","3":"status-publish","4":"format-standard","5":"has-post-thumbnail","7":"category-cyclisme","8":"tag-attaque","9":"tag-belgique","10":"tag-braquet","11":"tag-bretagne","12":"tag-chute","13":"tag-competition","14":"tag-coupe-de-france","15":"tag-coureur","16":"tag-course-cyclisme","17":"tag-course-cycliste","18":"tag-cycling","19":"tag-cyclisme","20":"tag-direct","21":"tag-direct-velo","22":"tag-directvelo","23":"tag-directvelo-com","24":"tag-epreuve","25":"tag-epreuve-cycliste","26":"tag-federation-francaise-de-cyclisme","27":"tag-ffc","28":"tag-flandres","29":"tag-fr","30":"tag-france","31":"tag-live","32":"tag-live-course","33":"tag-live-epreuve","34":"tag-peloton","35":"tag-radio-peloton","36":"tag-radio-tour","37":"tag-ravitaillement","38":"tag-relance","39":"tag-sports","40":"tag-uci","41":"tag-velo","42":"tag-velos"},"share_on_mastodon":{"url":"https:\/\/pubeurope.com\/@fr\/114705633519430571","error":""},"_links":{"self":[{"href":"https:\/\/www.europesays.com\/fr\/wp-json\/wp\/v2\/posts\/186430","targetHints":{"allow":["GET"]}}],"collection":[{"href":"https:\/\/www.europesays.com\/fr\/wp-json\/wp\/v2\/posts"}],"about":[{"href":"https:\/\/www.europesays.com\/fr\/wp-json\/wp\/v2\/types\/post"}],"author":[{"embeddable":true,"href":"https:\/\/www.europesays.com\/fr\/wp-json\/wp\/v2\/users\/2"}],"replies":[{"embeddable":true,"href":"https:\/\/www.europesays.com\/fr\/wp-json\/wp\/v2\/comments?post=186430"}],"version-history":[{"count":0,"href":"https:\/\/www.europesays.com\/fr\/wp-json\/wp\/v2\/posts\/186430\/revisions"}],"wp:featuredmedia":[{"embeddable":true,"href":"https:\/\/www.europesays.com\/fr\/wp-json\/wp\/v2\/media\/186431"}],"wp:attachment":[{"href":"https:\/\/www.europesays.com\/fr\/wp-json\/wp\/v2\/media?parent=186430"}],"wp:term":[{"taxonomy":"category","embeddable":true,"href":"https:\/\/www.europesays.com\/fr\/wp-json\/wp\/v2\/categories?post=186430"},{"taxonomy":"post_tag","embeddable":true,"href":"https:\/\/www.europesays.com\/fr\/wp-json\/wp\/v2\/tags?post=186430"}],"curies":[{"name":"wp","href":"https:\/\/api.w.org\/{rel}","templated":true}]}}