{"id":186432,"date":"2025-06-18T17:50:10","date_gmt":"2025-06-18T17:50:10","guid":{"rendered":"https:\/\/www.europesays.com\/fr\/186432\/"},"modified":"2025-06-18T17:50:10","modified_gmt":"2025-06-18T17:50:10","slug":"une-celebration-virale-des-buts-qui-senchainent-senny-mayulu-le-gamin-du-psg-en-plein-reve-eveille","status":"publish","type":"post","link":"https:\/\/www.europesays.com\/fr\/186432\/","title":{"rendered":"Une c\u00e9l\u00e9bration virale, des buts qui s\u2019encha\u00eenent\u00a0: Senny Mayulu, le gamin du PSG en plein r\u00eave \u00e9veill\u00e9"},"content":{"rendered":"<p class=\"paragraph text_align_left\">Cette fois-ci, la joie a \u00e9t\u00e9 contenue et bien plus mesur\u00e9e. Pas de folle course, ni <a href=\"https:\/\/www.leparisien.fr\/sports\/football\/ligue-des-champions\/le-psg-champion-deurope-ma-celebration-cetait-nimporte-quoi-reconnait-senny-mayulu-01-06-2025-PY2GNPJWCNADHG3T3V5AMROIDQ.php\" target=\"_blank\" rel=\"noreferrer nofollow noopener\">de d\u00e9monstration excessive fr\u00f4lant le \u00ab n\u2019importe quoi \u00bb<\/a>. Mais la fiert\u00e9 et le bonheur procur\u00e9s par le doux bruit des filets tremblants ont \u00e9t\u00e9 incommensurables, forc\u00e9ment. Quinze jours apr\u00e8s avoir inscrit un but aussi l\u00e9gendaire que sa c\u00e9l\u00e9bration devenue virale dans la foul\u00e9e du sacre parisien en finale de Ligue des champions, <a href=\"https:\/\/www.leparisien.fr\/sports\/football\/psg\/il-y-a-ce-petit-truc-en-plus-qui-me-lie-a-paris-les-confidences-de-senny-mayulu-la-derniere-pepite-du-psg-15-06-2024-TIRJX5L2J5FUZASUPQQARDSQPM.php\" target=\"_blank\" rel=\"noreferrer nofollow noopener\">Senny Mayulu<\/a> s\u2019est de nouveau mu\u00e9 en buteur lors de la victoire <a href=\"https:\/\/www.leparisien.fr\/sports\/football\/psg\/\" target=\"_blank\" rel=\"noreferrer nofollow noopener\">du PSG<\/a> contre <a href=\"https:\/\/www.leparisien.fr\/sports\/football\/coupe-du-monde-des-clubs\/psg-atletico-de-madrid-4-0-un-jouet-dans-les-mains-du-psg-la-presse-espagnole-degomme-les-colchoneros-16-06-2025-IU6WLCDC4JEOJPGU6S7HZJSIK4.php\" target=\"_blank\" rel=\"noreferrer nofollow noopener\">l\u2019Atl\u00e9tico de Madrid,<\/a> dimanche (4-0). Encore une fois en fin de match (86e minute contre Madrid, 87e contre l\u2019Inter Milan), encore une fois avec le sang froid d\u2019un vieux briscard, alors qu\u2019il a f\u00eat\u00e9 ses 19 ans il y a un mois.<\/p>\n<p class=\"paragraph text_align_left\">Le milieu de terrain parisien transforme, en ce moment, tout ce qu\u2019il touche en or et \u00e0 quelques semaines de boucler sa deuxi\u00e8me saison chez les professionnels, la p\u00e9riode actuelle est sans nul doute la plus folle et la plus excitante de sa jeune carri\u00e8re, avec cet encha\u00eenement improbable de buts en <a href=\"https:\/\/www.leparisien.fr\/sports\/football\/ligue-des-champions\/\" target=\"_blank\" rel=\"noreferrer nofollow noopener\">Ligue des champions<\/a> et au <a href=\"https:\/\/www.leparisien.fr\/sports\/football\/coupe-du-monde-des-clubs\/\" target=\"_blank\" rel=\"noreferrer nofollow noopener\">Mondial des clubs<\/a>.<\/p>\n","protected":false},"excerpt":{"rendered":"Cette fois-ci, la joie a \u00e9t\u00e9 contenue et bien plus mesur\u00e9e. Pas de folle course, ni de d\u00e9monstration&hellip;\n","protected":false},"author":2,"featured_media":186433,"comment_status":"","ping_status":"","sticky":false,"template":"","format":"standard","meta":{"footnotes":""},"categories":[1410],"tags":[7151,63,1011,27,60],"class_list":{"0":"post-186432","1":"post","2":"type-post","3":"status-publish","4":"format-standard","5":"has-post-thumbnail","7":"category-football","8":"tag-coupe-du-monde-des-clubs","9":"tag-football","10":"tag-fr","11":"tag-france","12":"tag-sports"},"share_on_mastodon":{"url":"https:\/\/pubeurope.com\/@fr\/114705637316496188","error":""},"_links":{"self":[{"href":"https:\/\/www.europesays.com\/fr\/wp-json\/wp\/v2\/posts\/186432","targetHints":{"allow":["GET"]}}],"collection":[{"href":"https:\/\/www.europesays.com\/fr\/wp-json\/wp\/v2\/posts"}],"about":[{"href":"https:\/\/www.europesays.com\/fr\/wp-json\/wp\/v2\/types\/post"}],"author":[{"embeddable":true,"href":"https:\/\/www.europesays.com\/fr\/wp-json\/wp\/v2\/users\/2"}],"replies":[{"embeddable":true,"href":"https:\/\/www.europesays.com\/fr\/wp-json\/wp\/v2\/comments?post=186432"}],"version-history":[{"count":0,"href":"https:\/\/www.europesays.com\/fr\/wp-json\/wp\/v2\/posts\/186432\/revisions"}],"wp:featuredmedia":[{"embeddable":true,"href":"https:\/\/www.europesays.com\/fr\/wp-json\/wp\/v2\/media\/186433"}],"wp:attachment":[{"href":"https:\/\/www.europesays.com\/fr\/wp-json\/wp\/v2\/media?parent=186432"}],"wp:term":[{"taxonomy":"category","embeddable":true,"href":"https:\/\/www.europesays.com\/fr\/wp-json\/wp\/v2\/categories?post=186432"},{"taxonomy":"post_tag","embeddable":true,"href":"https:\/\/www.europesays.com\/fr\/wp-json\/wp\/v2\/tags?post=186432"}],"curies":[{"name":"wp","href":"https:\/\/api.w.org\/{rel}","templated":true}]}}