{"id":186436,"date":"2025-06-18T17:52:09","date_gmt":"2025-06-18T17:52:09","guid":{"rendered":"https:\/\/www.europesays.com\/fr\/186436\/"},"modified":"2025-06-18T17:52:09","modified_gmt":"2025-06-18T17:52:09","slug":"wolfgang-tillmans-au-centre-pompidou-lidee-etait-de-reflechir-a-lart-et-la-maniere-dexposer-des-oeuvres-a-lavenir","status":"publish","type":"post","link":"https:\/\/www.europesays.com\/fr\/186436\/","title":{"rendered":"Wolfgang Tillmans au Centre Pompidou\u00a0: \u00ab\u00a0L&rsquo;id\u00e9e \u00e9tait de r\u00e9fl\u00e9chir \u00e0 l&rsquo;art et la mani\u00e8re d&rsquo;exposer des \u0153uvres \u00e0 l&rsquo;avenir\u00a0\u00bb"},"content":{"rendered":"<p class=\"PopSlotParagraph qg-tx2 qg-xtra-lh svelte-1r0pyek\">Inaugur\u00e9 en 1977, le Centre Pompidou est bient\u00f4t devenu un lieu culturel incontournable de la capitale. Il fermera ses portes en septembre 2025 pour cinq ans. L\u2019artiste Wolfgang Tillmans a re\u00e7u carte blanche pour investir l\u2019espace de la BPI. Bien que son travail ait fait l\u2019objet de nombreuses et larges r\u00e9trospectives \u00e0 travers le monde, jamais l\u2019espace d\u2019exposition ne fut d\u2019une telle ampleur. Avec pour volont\u00e9 de cr\u00e9er un dialogue entre ce que l\u2019on pourrait appeler \u00ab\u00a0l\u2019esprit du lieu\u00a0\u00bb et ses \u0153uvres, Tillmans a pens\u00e9 une exposition sur-mesure, jouant avec les proportions, les volumes, l\u2019architecture, le mobilier\u2026<\/p>\n<p class=\"PopSlotParagraph qg-tx2 qg-xtra-lh svelte-1r0pyek\">L\u2019exposition \u00ab\u00a0Rien ne nous y pr\u00e9parait &#8211; Tout nous y pr\u00e9parait\u00a0\u00bb ressemble \u00e0 un immense livre d\u2019artiste ouvert. On y retrouve l\u2019art d\u2019exposer de Tillmans, qui con\u00e7oit des ensembles de pi\u00e8ces \u00e0 partir d\u2019images disparates \u2013 m\u00e9langeant les sujets, les genres et les \u00e9poques. En faisant se confronter des images issues de ses premi\u00e8res ann\u00e9es de cr\u00e9ation jusqu\u2019\u00e0 aujourd\u2019hui, Tillmans r\u00e9fl\u00e9chit le temps pr\u00e9sent. Aurions-nous pu pr\u00e9voir de quoi le monde serait fait en 2025 ?<\/p>\n<p>  <img decoding=\"async\" class=\"Image-preview  svelte-1b9cmvl\" data-testid=\"image-preview\" src=\"data:image\/jpeg;charset=utf-8;base64, \/9j\/2wBDACgcHiMeGSgjISMtKygwPGRBPDc3PHtYXUlkkYCZlo+AjIqgtObDoKrarYqMyP\/L2u71\/\/\/\/m8H\/\/\/\/6\/+b9\/\/j\/2wBDASstLTw1PHZBQXb4pYyl+Pj4+Pj4+Pj4+Pj4+Pj4+Pj4+Pj4+Pj4+Pj4+Pj4+Pj4+Pj4+Pj4+Pj4+Pj4+Pj4+Pj\/wAARCAAfACoDASIAAhEBAxEB\/8QAGAAAAwEBAAAAAAAAAAAAAAAAAAECAwT\/xAAYEAEAAwEAAAAAAAAAAAAAAAAAARESAv\/EABUBAQEAAAAAAAAAAAAAAAAAAAAB\/8QAFBEBAAAAAAAAAAAAAAAAAAAAAP\/aAAwDAQACEQMRAD8AnB5b4GRHPPIy3nksgyjleVxydCtKFCxYFRUopAgUyLB\/\/9k=\" alt=\"\" aria-hidden=\"false\"\/>     <img decoding=\"async\" src=\"https:\/\/www.europesays.com\/fr\/wp-content\/uploads\/2025\/06\/860_sc_wtatjens-ziehe-16.jpg\" loading=\"lazy\" fetchpriority=\"low\" width=\"860\" height=\"644\" class=\"Image-main  svelte-1b9cmvl rounded\" data-testid=\"image-src\" alt=\"Vue de l'exposition au BPI au Centre Pompidou\" aria-hidden=\"false\" onload=\"this.__e=event\" onerror=\"this.__e=event\"\/> Vue de l&rsquo;exposition au BPI au Centre Pompidou  &#8211; \u00a9 Jens Ziehe <\/p>\n<p class=\"PopSlotParagraph qg-tx2 qg-xtra-lh svelte-1r0pyek\">C&rsquo;est \u00e0 l&rsquo;invitation du Centre Pompidou que Wolfgang Tillmans a investi la BPI, un lieu particulier dans lequel durant quasiment cinquante ans se sont crois\u00e9s les \u00e9tudiants, les lecteurs, des personnes venues trouver un peu de tranquillit\u00e9, ou se r\u00e9chauffer l&rsquo;hiver. L&rsquo;artiste a \u00e9t\u00e9 attentif \u00e0 ce que cette exposition ne soit un geste consistant \u00e0 remplacer la BPI par l&rsquo;art. \u00ab\u00a0Il y a eu un processus de mise en confiance. Au d\u00e9part les responsables de la biblioth\u00e8ques se sont demand\u00e9es pourquoi il devrait y avoir une exposition artistique dans ce lieu. Mais petit \u00e0 petit, ils et elles ont compris que j&rsquo;aimais les livres et j&rsquo;aimais aussi l&rsquo;id\u00e9e de travailler sur une biblioth\u00e8que. A partir de l\u00e0, un dialogue s&rsquo;est mis en place. Ils m&rsquo;ont laiss\u00e9 des tables, des pr\u00e9sentoirs, des cabines, que j&rsquo;ai int\u00e9gr\u00e9 \u00e0 mon exposition [&#8230;] On a recycl\u00e9 ce qui existait d\u00e9j\u00e0 et \u00e7a a donn\u00e9 lieu \u00e0 quelque chose de tout \u00e0 fait nouveau. Je crois que les gens auront l&rsquo;impression que \u00e7a a toujours \u00e9t\u00e9 comme cela.\u00a0\u00bb<\/p>\n<p class=\"PopSlotParagraph qg-tx2 qg-xtra-lh svelte-1r0pyek\">Une exposition d&rsquo;un type particulier donc, qui est selon l&rsquo;artiste un laboratoire de la sc\u00e9nographie de demain\u00a0: \u00ab\u00a0C&rsquo;est tomb\u00e9 sur moi parce que, je crois, l&rsquo;id\u00e9e \u00e9tait de r\u00e9fl\u00e9chir \u00e0 l&rsquo;art et la mani\u00e8re d&rsquo;exposer des \u0153uvres \u00e0 l&rsquo;avenir\u00a0\u00bb.<\/p>\n<p class=\"PopSlotParagraph qg-tx2 qg-xtra-lh svelte-1r0pyek\">Intitul\u00e9e \u00ab\u00a0Rien ne nous y pr\u00e9parait &#8211; tout nous y pr\u00e9parait\u00a0\u00bb l&rsquo;exposition de Tillmans interroge l&rsquo;\u00e9poque. \u00ab\u00a0Son point de d\u00e9part c&rsquo;est le maintenant et comment nous en sommes arriv\u00e9s l\u00e0 o\u00f9 nous sommes.\u00a0\u00bb Etait-il possible, hier, de savoir \u00e0 quoi ressemblerait l&rsquo;aujourd&rsquo;hui\u00a0? Il raconte\u00a0: \u00ab\u00a0Lorsque j&rsquo;ai travaill\u00e9 sur l&rsquo;exposition j&rsquo;ai choisis par exemple des photographies que j&rsquo;avais prises en 2005 de l&rsquo;arm\u00e9e russe \u00e0 Moscou, ou de la fronti\u00e8re am\u00e9ricano-mexicaine. Je les ai choisi parce que ce sont des images dans lesquelles j&rsquo;avais laiss\u00e9 filtrer d\u00e9j\u00e0 une perception, quelque chose que j&rsquo;appr\u00e9hendais.\u00a0\u00bb<\/p>\n<p class=\"PopSlotParagraph qg-tx2 qg-xtra-lh svelte-1r0pyek\"><strong>Plus d&rsquo;informations<\/strong><\/p>\n<ul>\n<li>Rien ne nous y pr\u00e9parait &#8211; Tout nous y pr\u00e9parait\u00a0: 13 juin \u2013 22 septembre 2025 Centre Pompidou | Biblioth\u00e8que publique d\u2019information |Niveau 2<\/li>\n<\/ul>\n<p class=\"PopSlotParagraph qg-tx2 qg-xtra-lh svelte-1r0pyek\"><strong>Extraits sonores<\/strong><\/p>\n<ul>\n<li>L&rsquo;architecte Renzo Piano dans A voix nue sur France Culture en 2024<\/li>\n<li>Le politiste Maxime Forest dans Questions du soir sur France Culture en 2024<\/li>\n<li>La chanson de fin\u00a0: \u00ab\u00a0Growing\u00a0\u00bb de Wolfgang Tillmans<\/li>\n<\/ul>\n","protected":false},"excerpt":{"rendered":"Inaugur\u00e9 en 1977, le Centre Pompidou est bient\u00f4t devenu un lieu culturel incontournable de la capitale. Il fermera&hellip;\n","protected":false},"author":2,"featured_media":186437,"comment_status":"","ping_status":"","sticky":false,"template":"","format":"standard","meta":{"footnotes":""},"categories":[1358],"tags":[1348,1384,1385,1386,58,59,1011,27],"class_list":{"0":"post-186436","1":"post","2":"type-post","3":"status-publish","4":"format-standard","5":"has-post-thumbnail","7":"category-arts-et-design","8":"tag-arts","9":"tag-arts-and-design","10":"tag-arts-et-design","11":"tag-design","12":"tag-divertissement","13":"tag-entertainment","14":"tag-fr","15":"tag-france"},"share_on_mastodon":{"url":"https:\/\/pubeurope.com\/@fr\/114705645206466620","error":""},"_links":{"self":[{"href":"https:\/\/www.europesays.com\/fr\/wp-json\/wp\/v2\/posts\/186436","targetHints":{"allow":["GET"]}}],"collection":[{"href":"https:\/\/www.europesays.com\/fr\/wp-json\/wp\/v2\/posts"}],"about":[{"href":"https:\/\/www.europesays.com\/fr\/wp-json\/wp\/v2\/types\/post"}],"author":[{"embeddable":true,"href":"https:\/\/www.europesays.com\/fr\/wp-json\/wp\/v2\/users\/2"}],"replies":[{"embeddable":true,"href":"https:\/\/www.europesays.com\/fr\/wp-json\/wp\/v2\/comments?post=186436"}],"version-history":[{"count":0,"href":"https:\/\/www.europesays.com\/fr\/wp-json\/wp\/v2\/posts\/186436\/revisions"}],"wp:featuredmedia":[{"embeddable":true,"href":"https:\/\/www.europesays.com\/fr\/wp-json\/wp\/v2\/media\/186437"}],"wp:attachment":[{"href":"https:\/\/www.europesays.com\/fr\/wp-json\/wp\/v2\/media?parent=186436"}],"wp:term":[{"taxonomy":"category","embeddable":true,"href":"https:\/\/www.europesays.com\/fr\/wp-json\/wp\/v2\/categories?post=186436"},{"taxonomy":"post_tag","embeddable":true,"href":"https:\/\/www.europesays.com\/fr\/wp-json\/wp\/v2\/tags?post=186436"}],"curies":[{"name":"wp","href":"https:\/\/api.w.org\/{rel}","templated":true}]}}