{"id":186438,"date":"2025-06-18T17:53:11","date_gmt":"2025-06-18T17:53:11","guid":{"rendered":"https:\/\/www.europesays.com\/fr\/186438\/"},"modified":"2025-06-18T17:53:11","modified_gmt":"2025-06-18T17:53:11","slug":"une-foire-aux-livres-organise-par-la-municipalite-du-18-juin-au-19-juillet-a-la-mediatheque","status":"publish","type":"post","link":"https:\/\/www.europesays.com\/fr\/186438\/","title":{"rendered":"Une foire aux livres organis\u00e9 par la municipalit\u00e9, du 18 juin au 19 juillet \u00e0 la m\u00e9diath\u00e8que"},"content":{"rendered":"<p>Du 18\u00a0juin au 19\u00a0juillet, la municipalit\u00e9 de Bavilliers organise la Foire aux livres. Vous y trouverez CD, mangas, bandes dessin\u00e9es, romans pour petits et grands, magazines\u2026 Il y en a pour tous les go\u00fbts\u00a0! Tarif unique\u00a0: 1\u00a0\u20ac l\u2019unit\u00e9 (sauf poche), livres de poche\u00a0: 2 pour 1\u00a0\u20ac. Venez faire le plein de lecture \u00e0 petits prix\u00a0!<\/p>\n<p class=\"note\">Les mardis de 15\u00a0h\u00a030 \u00e0 18\u00a0h\u00a030, les mercredis de 10\u00a0h \u00e0 12\u00a0h et de 14\u00a0h \u00e0 18\u00a0h\u00a030, les vendredis de 10\u00a0h \u00e0 12\u00a0h et de 15\u00a0h\u00a030 \u00e0 18\u00a0h\u00a030 et les samedis de 10\u00a0h \u00e0 12\u00a0h. M\u00e9diath\u00e8que, place Jean-Moulin.<\/p>\n","protected":false},"excerpt":{"rendered":"Du 18\u00a0juin au 19\u00a0juillet, la municipalit\u00e9 de Bavilliers organise la Foire aux livres. Vous y trouverez CD, mangas,&hellip;\n","protected":false},"author":2,"featured_media":186439,"comment_status":"","ping_status":"","sticky":false,"template":"","format":"standard","meta":{"footnotes":""},"categories":[1357],"tags":[32426,1379,11655,1687,58,10332,59,1011,27,1380],"class_list":{"0":"post-186438","1":"post","2":"type-post","3":"status-publish","4":"format-standard","5":"has-post-thumbnail","7":"category-livres","8":"tag-bavilliers","9":"tag-books","10":"tag-ca-grand-belfort-90a","11":"tag-culture-loisirs","12":"tag-divertissement","13":"tag-edition-belfort-hericourt-montbeliard","14":"tag-entertainment","15":"tag-fr","16":"tag-france","17":"tag-livres"},"share_on_mastodon":{"url":"https:\/\/pubeurope.com\/@fr\/114705649188114184","error":""},"_links":{"self":[{"href":"https:\/\/www.europesays.com\/fr\/wp-json\/wp\/v2\/posts\/186438","targetHints":{"allow":["GET"]}}],"collection":[{"href":"https:\/\/www.europesays.com\/fr\/wp-json\/wp\/v2\/posts"}],"about":[{"href":"https:\/\/www.europesays.com\/fr\/wp-json\/wp\/v2\/types\/post"}],"author":[{"embeddable":true,"href":"https:\/\/www.europesays.com\/fr\/wp-json\/wp\/v2\/users\/2"}],"replies":[{"embeddable":true,"href":"https:\/\/www.europesays.com\/fr\/wp-json\/wp\/v2\/comments?post=186438"}],"version-history":[{"count":0,"href":"https:\/\/www.europesays.com\/fr\/wp-json\/wp\/v2\/posts\/186438\/revisions"}],"wp:featuredmedia":[{"embeddable":true,"href":"https:\/\/www.europesays.com\/fr\/wp-json\/wp\/v2\/media\/186439"}],"wp:attachment":[{"href":"https:\/\/www.europesays.com\/fr\/wp-json\/wp\/v2\/media?parent=186438"}],"wp:term":[{"taxonomy":"category","embeddable":true,"href":"https:\/\/www.europesays.com\/fr\/wp-json\/wp\/v2\/categories?post=186438"},{"taxonomy":"post_tag","embeddable":true,"href":"https:\/\/www.europesays.com\/fr\/wp-json\/wp\/v2\/tags?post=186438"}],"curies":[{"name":"wp","href":"https:\/\/api.w.org\/{rel}","templated":true}]}}