{"id":186440,"date":"2025-06-18T17:54:14","date_gmt":"2025-06-18T17:54:14","guid":{"rendered":"https:\/\/www.europesays.com\/fr\/186440\/"},"modified":"2025-06-18T17:54:14","modified_gmt":"2025-06-18T17:54:14","slug":"vous-savez-quelle-a-un-faible-pour-vous-anne-elisabeth-lemoine-sous-le-charme-dun-invite-de-c-a-vous-mohamed-bouhafsi-balance-une-archive-qui-fait-rougir-la-star-de-france-5","status":"publish","type":"post","link":"https:\/\/www.europesays.com\/fr\/186440\/","title":{"rendered":"\u00ab\u00a0Vous savez qu&rsquo;elle a un faible pour vous ?\u00a0\u00bb : Anne-Elisabeth Lemoine sous le charme d&rsquo;un invit\u00e9 de \u00ab\u00a0C \u00e0 vous\u00a0\u00bb, Mohamed Bouhafsi balance une archive qui fait \u00ab\u00a0rougir\u00a0\u00bb la star de France 5"},"content":{"rendered":"<p>La suite apr\u00e8s la publicit\u00e9<\/p>\n<p>Il \u00e9tait venu parler de sable, de moteurs et de sensations fortes. Mais c&rsquo;est dans une tout autre aventure que Jalil Lespert s&rsquo;est retrouv\u00e9 embarqu\u00e9 lundi soir sur le plateau de \u00ab\u00a0C \u00e0 vous\u00a0\u00bb. Venu pr\u00e9senter \u00ab\u00a0Dakar Chronicles\u00a0\u00bb, documentaire haletant tourn\u00e9 au c\u0153ur du rallye-raid en Arabie Saoudite, le cin\u00e9aste a \u00e9t\u00e9 rattrap\u00e9 par une archive datant de 2016, r\u00e9v\u00e9lant une certaine alchimie\u2026 avec <a href=\"https:\/\/www.ozap.com\/personnalite\/anne-elisabeth-lemoine_e29225\" target=\"_blank\" rel=\"noopener\">Anne-\u00c9lisabeth Lemoine.<\/a><\/p>\n<p>\u00ab\u00a0Vous savez qu&rsquo;elle a toujours eu un petit faible pour vous ?\u00a0\u00bb<\/p>\n<p>Tout avait pourtant bien commenc\u00e9. Face \u00e0 la pr\u00e9sentatrice et et ses chroniqueurs, Jalil Lespert \u00e9voquait avec passion ce projet tourn\u00e9 comme un journal de bord, au plus pr\u00e8s des pilotes et de leurs \u00e9preuves extr\u00eames. Chaque ann\u00e9e, plus de 1.000 concurrents venus de 60 pays se lancent dans cette course p\u00e9rilleuse, et le r\u00e9alisateur a pu en capter l&rsquo;intensit\u00e9 de l&rsquo;int\u00e9rieur. Mais c&rsquo;est Mohamed Bouhafsi qui a fait grimper la temp\u00e9rature d&rsquo;un cran. \u00ab\u00a0On va faire encore plus rougir Babeth\u00a0\u00bb, a-t-il lanc\u00e9 en s&rsquo;adressant \u00e0 Jalil Lespert, non sans malice. \u00ab\u00a0Vous savez qu&rsquo;elle a toujours eu un petit faible pour vous ? C&rsquo;\u00e9tait en 2016, Babeth s&rsquo;est faite griller par Charlotte Le Bon\u00a0\u00bb. Tr\u00e8s g\u00ean\u00e9e, l&rsquo;animatrice, a tent\u00e9 de nier, puis a enfoui sa t\u00eate entre ses mains. Peine perdue : les images ont parl\u00e9 pour elle.<strong>\u00a0Purem\u00e9dias<\/strong> vous propose de d\u00e9couvrir la s\u00e9quence dans la vid\u00e9o ci-dessus.\u00a0<\/p>\n<p><a href=\"https:\/\/www.ozap.com\/actu\/vous-voulez-vraiment-que-je-rechute-jeremy-ferrari-se-fait-servir-un-verre-dalcool-dans-c-a-vous-il-recadre-avec-humour-anne-elisabeth-lemoine\/649810\" target=\"_blank\" rel=\"noopener\"><strong>\u00c0 LIRE AUSSI : \u00ab\u00a0Vous voulez vraiment que je rechute ?\u00a0\u00bb : J\u00e9r\u00e9my Ferrari se fait servir un verre d&rsquo;alcool dans \u00ab\u00a0C \u00e0 vous\u00a0\u00bb, il recadre avec humour Anne-Elisabeth Lemoine<\/strong><\/a><\/p>\n<p>Sur l&rsquo;extrait diffus\u00e9, dat\u00e9 de 2016, on d\u00e9couvre une Anne-\u00c9lisabeth Lemoine alors chroniqueuse d&rsquo;<a href=\"https:\/\/www.ozap.com\/personnalite\/anne-sophie-lapix_e121\" target=\"_blank\" rel=\"noopener\">Anne-Sophie Lapix<\/a>, litt\u00e9ralement absorb\u00e9e par les bras tatou\u00e9s du com\u00e9dien-r\u00e9alisateur. Une sc\u00e8ne que <a href=\"https:\/\/www.ozap.com\/personnalite\/charlotte-le-bon_e24513\" target=\"_blank\" rel=\"noopener\">Charlotte Le Bon,<\/a> \u00e9galement invit\u00e9e ce jour-l\u00e0, n&rsquo;avait pas laiss\u00e9 passer : \u00ab\u00a0Anne-Elisabeth tu fixais ses tatouages !\u00a0\u00bb, a-t-elle lanc\u00e9 en riant. \u00ab\u00a0C&rsquo;est pas que les tatouages, c&rsquo;est l&rsquo;ensemble\u00a0\u00bb, a-t-elle admis, bien que g\u00ean\u00e9e, provoquant l&rsquo;hilarit\u00e9 g\u00e9n\u00e9rale du plateau.<\/p>\n<p>\u00ab\u00a0Mais pourquoi tu fais \u00e7a, merde !\u00a0\u00bb a-t-elle protest\u00e9 face \u00e0 Charlotte Le Bon. \u00ab\u00a0Mais je l&rsquo;ai capt\u00e9 tout de suite ! Il discute il dit des choses hyper int\u00e9ressantes et toi tu ne fais que regarder son bras\u00a0\u00bb, a ajout\u00e9 l&rsquo;actrice, tout sourire. \u00ab\u00a0Moi j&rsquo;aurai fait pareil que Romain Duris, j&rsquo;aurai demand\u00e9 \u00e0 ce que vous soyez devant la cam\u00e9ra aussi\u00a0\u00bb, a os\u00e9 Anne-Elisabeth. Le cin\u00e9aste lui, s&rsquo;est content\u00e9 de sourire.\u00a0De retour sur le plateau, Mohamed Bouhafsi s&rsquo;est adress\u00e9 \u00e0 Jalil Lespert, toujours aussi mal \u00e0 l&rsquo;aise : \u00ab\u00a0Qui est le plus g\u00ean\u00e9, Babeth qui rougit ou vous qui ne savez pas quoi r\u00e9pondre ?\u00a0\u00bb Le r\u00e9alisateur\u00a0 a alors opt\u00e9 pour l&rsquo;autod\u00e9rision : \u00ab\u00a0Je suis timide aussi, flatt\u00e9 mais timide. Je vois que j&rsquo;ai pris un coup de pelle quand m\u00eame\u2026\u00a0\u00bb conclut-il habilement.\u00a0<\/p>\n","protected":false},"excerpt":{"rendered":"La suite apr\u00e8s la publicit\u00e9 Il \u00e9tait venu parler de sable, de moteurs et de sensations fortes. Mais&hellip;\n","protected":false},"author":2,"featured_media":186441,"comment_status":"","ping_status":"","sticky":false,"template":"","format":"standard","meta":{"footnotes":""},"categories":[1356],"tags":[58,59,1011,27,252,1364],"class_list":{"0":"post-186440","1":"post","2":"type-post","3":"status-publish","4":"format-standard","5":"has-post-thumbnail","7":"category-television","8":"tag-divertissement","9":"tag-entertainment","10":"tag-fr","11":"tag-france","12":"tag-television","13":"tag-tv"},"share_on_mastodon":{"url":"https:\/\/pubeurope.com\/@fr\/114705653119474201","error":""},"_links":{"self":[{"href":"https:\/\/www.europesays.com\/fr\/wp-json\/wp\/v2\/posts\/186440","targetHints":{"allow":["GET"]}}],"collection":[{"href":"https:\/\/www.europesays.com\/fr\/wp-json\/wp\/v2\/posts"}],"about":[{"href":"https:\/\/www.europesays.com\/fr\/wp-json\/wp\/v2\/types\/post"}],"author":[{"embeddable":true,"href":"https:\/\/www.europesays.com\/fr\/wp-json\/wp\/v2\/users\/2"}],"replies":[{"embeddable":true,"href":"https:\/\/www.europesays.com\/fr\/wp-json\/wp\/v2\/comments?post=186440"}],"version-history":[{"count":0,"href":"https:\/\/www.europesays.com\/fr\/wp-json\/wp\/v2\/posts\/186440\/revisions"}],"wp:featuredmedia":[{"embeddable":true,"href":"https:\/\/www.europesays.com\/fr\/wp-json\/wp\/v2\/media\/186441"}],"wp:attachment":[{"href":"https:\/\/www.europesays.com\/fr\/wp-json\/wp\/v2\/media?parent=186440"}],"wp:term":[{"taxonomy":"category","embeddable":true,"href":"https:\/\/www.europesays.com\/fr\/wp-json\/wp\/v2\/categories?post=186440"},{"taxonomy":"post_tag","embeddable":true,"href":"https:\/\/www.europesays.com\/fr\/wp-json\/wp\/v2\/tags?post=186440"}],"curies":[{"name":"wp","href":"https:\/\/api.w.org\/{rel}","templated":true}]}}