{"id":186446,"date":"2025-06-18T17:57:10","date_gmt":"2025-06-18T17:57:10","guid":{"rendered":"https:\/\/www.europesays.com\/fr\/186446\/"},"modified":"2025-06-18T17:57:10","modified_gmt":"2025-06-18T17:57:10","slug":"un-homme-de-38-ans-en-bonne-sante-revele-le-seul-signe-de-son-cancer-quil-a-remarque-dans-la-salle-de-bain","status":"publish","type":"post","link":"https:\/\/www.europesays.com\/fr\/186446\/","title":{"rendered":"Un homme de 38 ans \u00ab\u00a0en bonne sant\u00e9\u00a0\u00bb r\u00e9v\u00e8le le seul signe de son cancer qu&rsquo;il a remarqu\u00e9 dans la salle de bain"},"content":{"rendered":"<p>Un p\u00e8re de famille \u00e0 qui l\u2019on a diagnostiqu\u00e9 une forme rare de cancer de l\u2019intestin sensibilise la population face \u00e0 des sympt\u00f4mes moins connus de la maladie. Dave Paxton, de Burton-on-Trent dans le Staffordshire (UK), interrog\u00e9 par le Daily Mail a remarqu\u00e9 d&rsquo;un jour \u00e0 l&rsquo;autre que ses selles \u00e9taient de couleur plus fonc\u00e9e. Mais ce n&rsquo;est que lorsqu&rsquo;un pharmacien lui pose une question de routine que Dave fait le lien avec ce sympt\u00f4me. Suite \u00e0 une visite chez un m\u00e9decin g\u00e9n\u00e9raliste, le p\u00e8re de famille d\u00e9couvre, apr\u00e8s plusieurs examens, \u00eatre touch\u00e9 par un cancer duod\u00e9nal, un type rare de cancer de l&rsquo;intestin qui se forme dans l&rsquo;intestin gr\u00eale, appel\u00e9 le duod\u00e9num. Un scanner a ensuite r\u00e9v\u00e9l\u00e9 qu&rsquo;il souffrait d&rsquo;une tumeur \u00e9pidermo\u00efde de grade quatre, ce qui signifie qu&rsquo;elle s&rsquo;\u00e9tait propag\u00e9e \u00e0 d&rsquo;autres parties de son corps, en particulier le foie et le pancr\u00e9as. Une tumeur \u00e9pidermo\u00efde du duod\u00e9num, \u200b\u200bqui se d\u00e9veloppe dans la paroi de l&rsquo;intestin gr\u00eale, est si rare que Dave serait l&rsquo;un des 22 uniques cas confirm\u00e9s dans le monde \u00e0 ce jour.<\/p>\n<p>Cancers digestifs : quels sympt\u00f4mes doivent alerter ?<\/p>\n<p>En 2023 en Frnace, 47 582 nouveaux cas de cancers du c\u00f4lon ou du rectum ont \u00e9t\u00e9 diagnostiqu\u00e9s : 55 % des diagnostics concernaient des hommes (chiffre en baisse de 0,5 % par an depuis 2010) et 45 % des femmes (chiffre en hausse de 0,4 % par an). On parle de cancer colorectal (ou cancers du c\u00f4lon et du rectum) pour citer un cancer qui touche le gros (&#8230;)<\/p>\n<p><a href=\"https:\/\/www.topsante.com\/medecine\/cancers\/cancer_de_l_intestin\/un-homme-de-38-ans-en-bonne-sante-revele-le-seul-signe-de-son-cancer-quil-a-remarque-dans-la-salle-de-bain-et-ce-netait-pas-du-sang-dans-les-selles-918379?utm_campaign=partenariat&amp;utm_source=yahoo-articles&amp;utm_medium=flux\" rel=\"nofollow noopener\" target=\"_blank\" data-ylk=\"slk:Lire la suite sur Top Sant\u00e9;elm:context_link;itc:0;sec:content-canvas\" class=\"link \">Lire la suite sur Top Sant\u00e9<\/a><\/p>\n<p><a href=\"https:\/\/www.topsante.com\/senior\/a-partir-de-cet-age-precis-nous-sommes-consideres-comme-vieux-selon-une-etude-884277?utm_campaign=partenariat&amp;utm_source=yahoo-articles&amp;utm_medium=flux\" rel=\"nofollow noopener\" target=\"_blank\" data-ylk=\"slk:A partir de cet \u00e2ge pr\u00e9cis, nous sommes consid\u00e9r\u00e9s comme &quot;vieux&quot; selon une \u00e9tude;elm:context_link;itc:0;sec:content-canvas\" class=\"link \">A partir de cet \u00e2ge pr\u00e9cis, nous sommes consid\u00e9r\u00e9s comme \u00ab\u00a0vieux\u00a0\u00bb selon une \u00e9tude<\/a><br \/><a href=\"https:\/\/www.topsante.com\/beaute_soins\/beaute_du_visage\/voici-ce-qui-pourrait-bien-changer-dans-nos-produits-de-maquillage-durant-les-annees-a-venir-918388?utm_campaign=partenariat&amp;utm_source=yahoo-articles&amp;utm_medium=flux\" rel=\"nofollow noopener\" target=\"_blank\" data-ylk=\"slk:Voici ce qui pourrait bien changer dans nos produits de maquillage durant les ann\u00e9es \u00e0 venir;elm:context_link;itc:0;sec:content-canvas\" class=\"link \">Voici ce qui pourrait bien changer dans nos produits de maquillage durant les ann\u00e9es \u00e0 venir<\/a><br \/><a href=\"https:\/\/www.topsante.com\/medecine\/environnement_et_sante\/cet-oubli-banal-peut-transformer-votre-jardin-en-nid-a-moustiques-918374?utm_campaign=partenariat&amp;utm_source=yahoo-articles&amp;utm_medium=flux\" rel=\"nofollow noopener\" target=\"_blank\" data-ylk=\"slk:Cet oubli banal peut transformer votre jardin en nid \u00e0 moustiques;elm:context_link;itc:0;sec:content-canvas\" class=\"link \">Cet oubli banal peut transformer votre jardin en nid \u00e0 moustiques<\/a><br \/><a href=\"https:\/\/www.topsante.com\/nutrition_et_recettes\/bien_choisir_ses_aliments\/les-2-marques-de-surimis-a-ne-pas-acheter-selon-60-millions-de-consommateurs-918365?utm_campaign=partenariat&amp;utm_source=yahoo-articles&amp;utm_medium=flux\" rel=\"nofollow noopener\" target=\"_blank\" data-ylk=\"slk:Les 2 marques de surimis \u00e0 ne pas acheter selon 60 Millions de consommateurs;elm:context_link;itc:0;sec:content-canvas\" class=\"link \">Les 2 marques de surimis \u00e0 ne pas acheter selon 60 Millions de consommateurs<\/a><br \/><a href=\"https:\/\/www.topsante.com\/nutrition_et_recettes\/bien_choisir_ses_aliments\/il-y-a-3-marques-de-ketchup-a-eviter-au-supermarche-selon-60-millions-de-consommateurs-910845?utm_campaign=partenariat&amp;utm_source=yahoo-articles&amp;utm_medium=flux\" rel=\"nofollow noopener\" target=\"_blank\" data-ylk=\"slk:Il y a 3 marques de ketchup \u00e0 \u00e9viter au supermarch\u00e9 selon 60 Millions de consommateurs;elm:context_link;itc:0;sec:content-canvas\" class=\"link \">Il y a 3 marques de ketchup \u00e0 \u00e9viter au supermarch\u00e9 selon 60 Millions de consommateurs<\/a><\/p>\n","protected":false},"excerpt":{"rendered":"Un p\u00e8re de famille \u00e0 qui l\u2019on a diagnostiqu\u00e9 une forme rare de cancer de l\u2019intestin sensibilise la&hellip;\n","protected":false},"author":2,"featured_media":186447,"comment_status":"","ping_status":"","sticky":false,"template":"","format":"standard","meta":{"footnotes":""},"categories":[10],"tags":[32428,101,14845,32427,1011,27,72,7243,32429,71],"class_list":{"0":"post-186446","1":"post","2":"type-post","3":"status-publish","4":"format-standard","5":"has-post-thumbnail","7":"category-sante","8":"tag-burton-on-trent","9":"tag-cancer","10":"tag-cancer-colorectal","11":"tag-dave-paxton","12":"tag-fr","13":"tag-france","14":"tag-health","15":"tag-le-monde","16":"tag-pere-de-famille","17":"tag-sante"},"share_on_mastodon":{"url":"https:\/\/pubeurope.com\/@fr\/114705664924372150","error":""},"_links":{"self":[{"href":"https:\/\/www.europesays.com\/fr\/wp-json\/wp\/v2\/posts\/186446","targetHints":{"allow":["GET"]}}],"collection":[{"href":"https:\/\/www.europesays.com\/fr\/wp-json\/wp\/v2\/posts"}],"about":[{"href":"https:\/\/www.europesays.com\/fr\/wp-json\/wp\/v2\/types\/post"}],"author":[{"embeddable":true,"href":"https:\/\/www.europesays.com\/fr\/wp-json\/wp\/v2\/users\/2"}],"replies":[{"embeddable":true,"href":"https:\/\/www.europesays.com\/fr\/wp-json\/wp\/v2\/comments?post=186446"}],"version-history":[{"count":0,"href":"https:\/\/www.europesays.com\/fr\/wp-json\/wp\/v2\/posts\/186446\/revisions"}],"wp:featuredmedia":[{"embeddable":true,"href":"https:\/\/www.europesays.com\/fr\/wp-json\/wp\/v2\/media\/186447"}],"wp:attachment":[{"href":"https:\/\/www.europesays.com\/fr\/wp-json\/wp\/v2\/media?parent=186446"}],"wp:term":[{"taxonomy":"category","embeddable":true,"href":"https:\/\/www.europesays.com\/fr\/wp-json\/wp\/v2\/categories?post=186446"},{"taxonomy":"post_tag","embeddable":true,"href":"https:\/\/www.europesays.com\/fr\/wp-json\/wp\/v2\/tags?post=186446"}],"curies":[{"name":"wp","href":"https:\/\/api.w.org\/{rel}","templated":true}]}}