{"id":186452,"date":"2025-06-18T18:00:09","date_gmt":"2025-06-18T18:00:09","guid":{"rendered":"https:\/\/www.europesays.com\/fr\/186452\/"},"modified":"2025-06-18T18:00:09","modified_gmt":"2025-06-18T18:00:09","slug":"une-decouverte-qui-bouleverse-toute-lhumanite","status":"publish","type":"post","link":"https:\/\/www.europesays.com\/fr\/186452\/","title":{"rendered":"une d\u00e9couverte qui bouleverse toute l&rsquo;humanit\u00e9"},"content":{"rendered":"<p><strong>Notre ADN cache une histoire oubli\u00e9e. Deux groupes humains ont v\u00e9cu s\u00e9par\u00e9s pendant un million d\u2019ann\u00e9es\u2026 avant de fusionner pour donner naissance \u00e0 Homo sapiens. Un r\u00e9cit fascinant qui change profond\u00e9ment notre vision de l\u2019\u00e9volution.<\/strong><\/p>\n<p><img fetchpriority=\"high\" decoding=\"async\" width=\"1024\" height=\"559\" src=\"https:\/\/www.europesays.com\/fr\/wp-content\/uploads\/2025\/06\/adn-de-nos-ancetres-1024x559.webp.webp\" alt=\"Repr\u00e9sentation symbolique d\u2019une origine g\u00e9n\u00e9tique inconnue : explosion lumineuse dans une sph\u00e8re \u00e9voquant l\u2019\u00e9mergence d\u2019un anc\u00eatre oubli\u00e9 dans notre ADN.\" class=\"wp-image-979476\"  \/>Une visualisation m\u00e9taphorique de la d\u00e9couverte : 80 % de notre ADN pourrait provenir d\u2019un anc\u00eatre inconnu, oubli\u00e9 de l\u2019histoire de l\u2019\u00e9volution.<\/p>\n<p>Une s\u00e9paration ancienne, une fusion d\u00e9cisive : ce que cache notre ADN<\/p>\n<p>Pendant longtemps, on pensait que <a href=\"https:\/\/dailygeekshow.com\/neandertaliens-extinction\/\" rel=\"nofollow noopener\" target=\"_blank\">Homo sapiens<\/a> venait d\u2019un seul groupe ancestral. Or, une \u00e9tude r\u00e9cente men\u00e9e par l\u2019universit\u00e9 de Cambridge bouleverse cette id\u00e9e. Selon les chercheurs, deux populations humaines se seraient s\u00e9par\u00e9es il y a <strong>1,5 million d\u2019ann\u00e9es<\/strong>.<\/p>\n<p>Lire aussi <a href=\"https:\/\/dailygeekshow.com\/personne-narcissique-signe\/\" rel=\"nofollow noopener\" target=\"_blank\">Qu\u2019est-ce qui caract\u00e9rise une personne narcissique ? Des scientifiques viennent de trouver un indice<\/a><\/p>\n<p>La premi\u00e8re, affaiblie, a surv\u00e9cu difficilement pendant pr\u00e8s d\u2019un million d\u2019ann\u00e9es. La seconde, en revanche, a \u00e9volu\u00e9 plus calmement, de son c\u00f4t\u00e9. Finalement, il y a <strong>300 000 ans<\/strong>, ces deux groupes se sont retrouv\u00e9s. Et c\u2019est cette rencontre qui aurait donn\u00e9 naissance \u00e0 notre esp\u00e8ce actuelle.<\/p>\n<p>Plus pr\u00e9cis\u00e9ment, <strong>80 % de notre ADN<\/strong> proviendrait de la population la plus ancienne. Les <strong>20 % restants<\/strong>, eux, viendraient de l\u2019autre groupe. Ainsi, notre g\u00e9nome est un v\u00e9ritable m\u00e9lange.<\/p>\n<p>Cette d\u00e9couverte a \u00e9t\u00e9 rendue possible gr\u00e2ce \u00e0 un outil statistique novateur : <strong><a href=\"https:\/\/www.azolifesciences.com\/news\/20250528\/Cobraa-A-Coalescence-Based-Model-Infers-a-Structured-Ancestry-Shared-by-Modern-Day-Humans.aspx\" rel=\"nofollow noopener\" target=\"_blank\">cobraa<\/a><\/strong>. Contrairement aux m\u00e9thodes classiques, il n\u2019a pas besoin de fossiles. Il analyse directement notre ADN pour rep\u00e9rer d\u2019anciennes structures. Par cons\u00e9quent, il permet de remonter le fil de notre histoire, m\u00eame sans traces physiques.<\/p>\n<p>Lire aussi <a href=\"https:\/\/dailygeekshow.com\/93-echouent-a-ce-test-sur-les-organes-du-corps-humain-ferez-vous-mieux\/\" rel=\"nofollow noopener\" target=\"_blank\">93 % \u00e9chouent \u00e0 ce test sur les organes du corps humain : ferez-vous mieux ?<\/a><\/p>\n<p>Une nouvelle image de l\u2019\u00e9volution : pas un arbre, mais un tressage<\/p>\n<p>Traditionnellement, on repr\u00e9sente l\u2019\u00e9volution humaine sous la forme d\u2019un arbre. Pourtant, cette image est aujourd\u2019hui d\u00e9pass\u00e9e. En r\u00e9alit\u00e9, notre histoire ressemble bien davantage \u00e0 une <strong>rivi\u00e8re tress\u00e9e<\/strong>. Les courants s\u2019\u00e9loignent, se croisent, puis finissent par se rejoindre.<\/p>\n<p>Par ailleurs, ce ph\u00e9nom\u00e8ne ne serait pas propre \u00e0 notre <a href=\"https:\/\/dailygeekshow.com\/ces-7-races-de-chiens-mettront-vos-nerfs-a-rude-epreuve-selon-les-educateurs-canins\/\" rel=\"nofollow noopener\" target=\"_blank\">esp\u00e8ce<\/a>. En effet, les scientifiques l\u2019observent aussi chez d\u2019autres animaux : chauves-souris, dauphins, ou encore primates. Ce mod\u00e8le de s\u00e9paration suivie d\u2019une fusion semble donc courant dans le r\u00e8gne animal.<\/p>\n<p>Autrement dit, notre \u00e9volution n\u2019est pas une ligne droite. C\u2019est un tissage complexe de rencontres et de s\u00e9parations. De plus, il est probable que cette fusion que nous d\u00e9couvrons aujourd\u2019hui ne soit pas la seule. D\u2019autres \u201cpopulations fant\u00f4mes\u201d pourraient encore se cacher dans notre g\u00e9nome.<\/p>\n<p>Lire aussi <a href=\"https:\/\/dailygeekshow.com\/libido-en-berne-voici-les-10-causes-scientifiquement-prouvees-a-connaitre-durgence\/\" rel=\"nofollow noopener\" target=\"_blank\">Libido en berne ? Voici les 10 causes scientifiquement prouv\u00e9es \u00e0 conna\u00eetre d\u2019urgence<\/a><\/p>\n<p>Des g\u00e8nes h\u00e9rit\u00e9s aux effets durables sur notre d\u00e9veloppement<\/p>\n<p>Ce m\u00e9tissage g\u00e9n\u00e9tique ne s\u2019est pas content\u00e9 de bouleverser nos origines. Il a \u00e9galement eu un <strong>impact biologique concret<\/strong>. Certains des g\u00e8nes h\u00e9rit\u00e9s de la population minoritaire sont li\u00e9s au <strong>d\u00e9veloppement c\u00e9r\u00e9bral<\/strong>. Il est donc possible qu\u2019ils aient jou\u00e9 un r\u00f4le dans l\u2019\u00e9mergence de nos capacit\u00e9s cognitives.<\/p>\n<p>En revanche, d\u2019autres g\u00e8nes issus de cette fusion ont \u00e9t\u00e9 \u00e9limin\u00e9s au fil du temps. Ils ont probablement \u00e9t\u00e9 jug\u00e9s moins utiles, voire nuisibles, par la s\u00e9lection naturelle. Cela montre bien que ce m\u00e9lange n\u2019a pas \u00e9t\u00e9 sans cons\u00e9quence. Au contraire, il a provoqu\u00e9 un <strong>tri \u00e9volutif<\/strong>, qui a fa\u00e7onn\u00e9 en profondeur notre esp\u00e8ce.<\/p>\n","protected":false},"excerpt":{"rendered":"Notre ADN cache une histoire oubli\u00e9e. Deux groupes humains ont v\u00e9cu s\u00e9par\u00e9s pendant un million d\u2019ann\u00e9es\u2026 avant de&hellip;\n","protected":false},"author":2,"featured_media":186453,"comment_status":"","ping_status":"","sticky":false,"template":"","format":"standard","meta":{"footnotes":""},"categories":[7],"tags":[1011,27,43,40,41,39,42,44],"class_list":{"0":"post-186452","1":"post","2":"type-post","3":"status-publish","4":"format-standard","5":"has-post-thumbnail","7":"category-sciences-et-technologies","8":"tag-fr","9":"tag-france","10":"tag-science","11":"tag-science-and-technology","12":"tag-sciences","13":"tag-sciences-et-technologies","14":"tag-technologies","15":"tag-technology"},"share_on_mastodon":{"url":"https:\/\/pubeurope.com\/@fr\/114705676877712362","error":""},"_links":{"self":[{"href":"https:\/\/www.europesays.com\/fr\/wp-json\/wp\/v2\/posts\/186452","targetHints":{"allow":["GET"]}}],"collection":[{"href":"https:\/\/www.europesays.com\/fr\/wp-json\/wp\/v2\/posts"}],"about":[{"href":"https:\/\/www.europesays.com\/fr\/wp-json\/wp\/v2\/types\/post"}],"author":[{"embeddable":true,"href":"https:\/\/www.europesays.com\/fr\/wp-json\/wp\/v2\/users\/2"}],"replies":[{"embeddable":true,"href":"https:\/\/www.europesays.com\/fr\/wp-json\/wp\/v2\/comments?post=186452"}],"version-history":[{"count":0,"href":"https:\/\/www.europesays.com\/fr\/wp-json\/wp\/v2\/posts\/186452\/revisions"}],"wp:featuredmedia":[{"embeddable":true,"href":"https:\/\/www.europesays.com\/fr\/wp-json\/wp\/v2\/media\/186453"}],"wp:attachment":[{"href":"https:\/\/www.europesays.com\/fr\/wp-json\/wp\/v2\/media?parent=186452"}],"wp:term":[{"taxonomy":"category","embeddable":true,"href":"https:\/\/www.europesays.com\/fr\/wp-json\/wp\/v2\/categories?post=186452"},{"taxonomy":"post_tag","embeddable":true,"href":"https:\/\/www.europesays.com\/fr\/wp-json\/wp\/v2\/tags?post=186452"}],"curies":[{"name":"wp","href":"https:\/\/api.w.org\/{rel}","templated":true}]}}