{"id":186462,"date":"2025-06-18T18:05:25","date_gmt":"2025-06-18T18:05:25","guid":{"rendered":"https:\/\/www.europesays.com\/fr\/186462\/"},"modified":"2025-06-18T18:05:25","modified_gmt":"2025-06-18T18:05:25","slug":"roche-la-moliere-la-section-theatre-dimpro-de-lamicale-laique-presente-son-premier-spectacle-vendredi","status":"publish","type":"post","link":"https:\/\/www.europesays.com\/fr\/186462\/","title":{"rendered":"Roche-la-Moli\u00e8re. La section Th\u00e9\u00e2tre d\u2019impro de l\u2019Amicale la\u00efque pr\u00e9sente son premier spectacle vendredi"},"content":{"rendered":"<p>Vendredi 20\u00a0juin, \u00e0 19\u00a0h\u00a030, la section Th\u00e9\u00e2tre d\u2019impro de l\u2019Amicale la\u00efque du centre pr\u00e9sentera son premier spectacle d\u2019impro, organis\u00e9 en deux parties\u00a0: d\u2019abord deux petits spectacles d\u2019une demi-heure avec deux groupes diff\u00e9rents puis des impros o\u00f9 les com\u00e9diens amateurs vont jouer tous ensemble.<\/p>\n<p>Une section anim\u00e9e par Chlo\u00e9 Chouanard, com\u00e9dienne professionnelle<\/p>\n<p>\u00ab\u00a0Je pr\u00e9pare \u00e0 l\u2019avance mes cat\u00e9gories d\u2019impros dans ce qu\u2019on a travaill\u00e9 cette ann\u00e9e, ils ne sont pas au courant, je vais tirer au sort des \u00e9quipes, ils vont jouer, ensuite il y aura des&#8230;<\/p>\n","protected":false},"excerpt":{"rendered":"Vendredi 20\u00a0juin, \u00e0 19\u00a0h\u00a030, la section Th\u00e9\u00e2tre d\u2019impro de l\u2019Amicale la\u00efque du centre pr\u00e9sentera son premier spectacle d\u2019impro,&hellip;\n","protected":false},"author":2,"featured_media":186463,"comment_status":"","ping_status":"","sticky":false,"template":"","format":"standard","meta":{"footnotes":""},"categories":[9653],"tags":[1111,11,2430,7539,1777,674,1011,27,12,25,12490,12491,4001,104,1631],"class_list":{"0":"post-186462","1":"post","2":"type-post","3":"status-publish","4":"format-standard","5":"has-post-thumbnail","7":"category-saint-etienne","8":"tag-actu","9":"tag-actualites","10":"tag-auvergne-rhone-alpes","11":"tag-edition-loire-sud","12":"tag-eu","13":"tag-europe","14":"tag-fr","15":"tag-france","16":"tag-news","17":"tag-republique-francaise","18":"tag-roche-la-moliere","19":"tag-roche-la-moliere-bassin","20":"tag-saint-etienne","21":"tag-societe","22":"tag-vie-associative"},"share_on_mastodon":{"url":"https:\/\/pubeurope.com\/@fr\/114705696225489169","error":""},"_links":{"self":[{"href":"https:\/\/www.europesays.com\/fr\/wp-json\/wp\/v2\/posts\/186462","targetHints":{"allow":["GET"]}}],"collection":[{"href":"https:\/\/www.europesays.com\/fr\/wp-json\/wp\/v2\/posts"}],"about":[{"href":"https:\/\/www.europesays.com\/fr\/wp-json\/wp\/v2\/types\/post"}],"author":[{"embeddable":true,"href":"https:\/\/www.europesays.com\/fr\/wp-json\/wp\/v2\/users\/2"}],"replies":[{"embeddable":true,"href":"https:\/\/www.europesays.com\/fr\/wp-json\/wp\/v2\/comments?post=186462"}],"version-history":[{"count":0,"href":"https:\/\/www.europesays.com\/fr\/wp-json\/wp\/v2\/posts\/186462\/revisions"}],"wp:featuredmedia":[{"embeddable":true,"href":"https:\/\/www.europesays.com\/fr\/wp-json\/wp\/v2\/media\/186463"}],"wp:attachment":[{"href":"https:\/\/www.europesays.com\/fr\/wp-json\/wp\/v2\/media?parent=186462"}],"wp:term":[{"taxonomy":"category","embeddable":true,"href":"https:\/\/www.europesays.com\/fr\/wp-json\/wp\/v2\/categories?post=186462"},{"taxonomy":"post_tag","embeddable":true,"href":"https:\/\/www.europesays.com\/fr\/wp-json\/wp\/v2\/tags?post=186462"}],"curies":[{"name":"wp","href":"https:\/\/api.w.org\/{rel}","templated":true}]}}