{"id":186466,"date":"2025-06-18T18:07:21","date_gmt":"2025-06-18T18:07:21","guid":{"rendered":"https:\/\/www.europesays.com\/fr\/186466\/"},"modified":"2025-06-18T18:07:21","modified_gmt":"2025-06-18T18:07:21","slug":"projection-debat-autour-du-documentaire-goliath-germaine-et-moi","status":"publish","type":"post","link":"https:\/\/www.europesays.com\/fr\/186466\/","title":{"rendered":"Projection-d\u00e9bat autour du documentaire Goliath, Germaine et moi"},"content":{"rendered":"<p>Germaine a \u00e9t\u00e9 de tous les combats. \u00c0 90 ans, elle tente d\u2019emp\u00eacher une autoroute dans son village, mais veut d\u00e9sormais passer le flambeau. Elle est film\u00e9e avec de jeunes filles militantes, jusqu\u2019\u00e0 ce qu\u2019arrive la tyrannie de la gestion du Covid\u2026 Germaine a aujourd\u2019hui 96 ans et veut passer le flambeau de la lutte\u2026<\/p>\n<p>La rencontre autour de ce documentaire militant est organis\u00e9e par l\u2019Association citoyenne Nancy Sud, les Gilets jaunes Nancy Porte Sud. Gwladys Morini\u00e8re, la r\u00e9alisatrice du film, sera pr\u00e9sente<\/p>\n<p class=\"note\">Mercredi 25\u00a0juin \u00e0 19\u00a0h\u00a030 au local Plan B 51, rue de la R\u00e9publique \u00e0 Jarville-la-Malgrange. Entr\u00e9e \u00e0 prix libre minimum 5\u00a0euros.<\/p>\n","protected":false},"excerpt":{"rendered":"Germaine a \u00e9t\u00e9 de tous les combats. \u00c0 90 ans, elle tente d\u2019emp\u00eacher une autoroute dans son village,&hellip;\n","protected":false},"author":2,"featured_media":186467,"comment_status":"","ping_status":"","sticky":false,"template":"","format":"standard","meta":{"footnotes":""},"categories":[9635],"tags":[1111,11,650,1687,1704,1777,674,1011,27,775,9648,9649,1702,12,25],"class_list":{"0":"post-186466","1":"post","2":"type-post","3":"status-publish","4":"format-standard","5":"has-post-thumbnail","7":"category-nancy","8":"tag-actu","9":"tag-actualites","10":"tag-cinema","11":"tag-culture-loisirs","12":"tag-edition-nancy-et-agglomeration","13":"tag-eu","14":"tag-europe","15":"tag-fr","16":"tag-france","17":"tag-grand-est","18":"tag-jarville-la-malgrange","19":"tag-metropole-du-grand-nancy-54b2","20":"tag-nancy","21":"tag-news","22":"tag-republique-francaise"},"share_on_mastodon":{"url":"https:\/\/pubeurope.com\/@fr\/114705704117786332","error":""},"_links":{"self":[{"href":"https:\/\/www.europesays.com\/fr\/wp-json\/wp\/v2\/posts\/186466","targetHints":{"allow":["GET"]}}],"collection":[{"href":"https:\/\/www.europesays.com\/fr\/wp-json\/wp\/v2\/posts"}],"about":[{"href":"https:\/\/www.europesays.com\/fr\/wp-json\/wp\/v2\/types\/post"}],"author":[{"embeddable":true,"href":"https:\/\/www.europesays.com\/fr\/wp-json\/wp\/v2\/users\/2"}],"replies":[{"embeddable":true,"href":"https:\/\/www.europesays.com\/fr\/wp-json\/wp\/v2\/comments?post=186466"}],"version-history":[{"count":0,"href":"https:\/\/www.europesays.com\/fr\/wp-json\/wp\/v2\/posts\/186466\/revisions"}],"wp:featuredmedia":[{"embeddable":true,"href":"https:\/\/www.europesays.com\/fr\/wp-json\/wp\/v2\/media\/186467"}],"wp:attachment":[{"href":"https:\/\/www.europesays.com\/fr\/wp-json\/wp\/v2\/media?parent=186466"}],"wp:term":[{"taxonomy":"category","embeddable":true,"href":"https:\/\/www.europesays.com\/fr\/wp-json\/wp\/v2\/categories?post=186466"},{"taxonomy":"post_tag","embeddable":true,"href":"https:\/\/www.europesays.com\/fr\/wp-json\/wp\/v2\/tags?post=186466"}],"curies":[{"name":"wp","href":"https:\/\/api.w.org\/{rel}","templated":true}]}}