{"id":18647,"date":"2025-04-12T00:34:27","date_gmt":"2025-04-12T00:34:27","guid":{"rendered":"https:\/\/www.europesays.com\/fr\/18647\/"},"modified":"2025-04-12T00:34:27","modified_gmt":"2025-04-12T00:34:27","slug":"26-me-pour-automatiser-la-cybersecurite-a-rennes-sekoia-boucle-une-nouvelle-levee-de-fonds","status":"publish","type":"post","link":"https:\/\/www.europesays.com\/fr\/18647\/","title":{"rendered":"26\u00a0M\u20ac pour automatiser la cybers\u00e9curit\u00e9\u00a0: \u00e0 Rennes, Sekoia boucle une nouvelle lev\u00e9e de fonds"},"content":{"rendered":"<p>Nouvelle op\u00e9ration financi\u00e8re pour Seokia, <a href=\"https:\/\/www.letelegramme.fr\/economie\/entreprise\/cybersecurite-sekoia-transfere-son-siege-social-a-rennes-6508012.php\" target=\"_blank\" rel=\"noopener\">start-up rennaise<\/a> sp\u00e9cialis\u00e9e dans la cybers\u00e9curit\u00e9 des entreprises. Connue pour avoir d\u00e9velopp\u00e9 une \u00ab tour de contr\u00f4le \u00bb permettant d\u2019anticiper et d\u00e9tecter les cyberattaques et d\u2019automatiser la r\u00e9ponse apport\u00e9e, la soci\u00e9t\u00e9 annonce une lev\u00e9e de fonds de 26 M\u20ac afin de booster son d\u00e9veloppement. L\u2019op\u00e9ration, qui s\u2019ajoute <a href=\"https:\/\/www.letelegramme.fr\/economie\/toute-l-actualite\/cybersecurite-la-start-up-rennaise-sekoia-leve-35-millions-deuros-6352936.php\" target=\"_blank\" rel=\"noopener\">aux 35 M\u20ac<\/a> r\u00e9unis il y a deux ans et <a href=\"https:\/\/www.sekoia.io\/fr\/presse\/sekoia-expert-du-renseignement-sur-les-menaces-cyber-annonce-sa-premiere-levee-de-fonds-de-10-millions-deuros\/\" target=\"_blank\" rel=\"noopener\">aux 10 M\u20ac<\/a> de 2020, a \u00e9t\u00e9 men\u00e9e par le fonds fran\u00e7ais Revaia, avec la participation de deux entit\u00e9s du Cr\u00e9dit agricole (Unexo et la caisse d\u2019Ille-et-Vilaine) et d\u2019investisseurs historiques (Bright Pixel Capital, Omnes Capital et Bpifrance).<\/p>\n<p>La lev\u00e9e de fonds doit permettre de renforcer les capacit\u00e9s de Sekoia en mati\u00e8re d\u2019intelligence artificielle (IA), essentielle pour automatiser les r\u00e9ponses aux attaques cyber qui se multiplient et se complexifient. \u00ab Sur 4 millions de menaces d\u00e9tect\u00e9es en 2024, 25 % l\u2019ont \u00e9t\u00e9 automatiquement gr\u00e2ce \u00e0 nos technologies exclusives \u00bb, affirme le directeur g\u00e9n\u00e9ral de l\u2019entreprise, Freddy Milesi, dans un communiqu\u00e9.<\/p>\n<p>D\u00e9veloppement international<\/p>\n<p>L\u2019argent frais va aussi permettre \u00e0 Sekoia d\u2019amplifier son \u00ab expansion internationale [\u2026] au-del\u00e0 de l\u2019Europe \u00bb (elle est aujourd\u2019hui pr\u00e9sente dans trois pays europ\u00e9ens). \u00ab Notre ambition est claire : recruter des centaines de partenaires de service qui constituent nos relais de croissance \u00e0 l\u2019international, et booster leurs offres de SOC [centre d\u2019op\u00e9rations de s\u00e9curit\u00e9] manag\u00e9s gr\u00e2ce \u00e0 la plateforme Sekoia.io \u00bb, indique Freddy Milesi.<\/p>\n<p>Cr\u00e9\u00e9e en 2015, Sekoia compte aujourd\u2019hui une centaine d\u2019employ\u00e9s et a d\u00e9pass\u00e9, en 2024, les 10 M\u20ac de chiffre d\u2019affaires r\u00e9current annuel (ARR). La start-up, qui vise les 50 M\u20ac, travaille avec de grands groupes comme EDF, Vinci et la SNCF, mais aussi des administrations comme le minist\u00e8re des Arm\u00e9es. Elle ambitionne de rendre la cybers\u00e9curit\u00e9 accessible \u00e0 toutes les entreprises, notamment les plus petites, et de \u00ab devenir le leader du march\u00e9 \u00e9mergent des plateformes de s\u00e9curit\u00e9 natives \u00e0 l\u2019IA \u00e0 destination des SOC manag\u00e9s \u00bb.<\/p>\n","protected":false},"excerpt":{"rendered":"Nouvelle op\u00e9ration financi\u00e8re pour Seokia, start-up rennaise sp\u00e9cialis\u00e9e dans la cybers\u00e9curit\u00e9 des entreprises. Connue pour avoir d\u00e9velopp\u00e9 une&hellip;\n","protected":false},"author":2,"featured_media":18648,"comment_status":"","ping_status":"","sticky":false,"template":"","format":"standard","meta":{"footnotes":""},"categories":[2821],"tags":[1111,11,829,1777,674,1011,27,848,4555,12,584,25],"class_list":{"0":"post-18647","1":"post","2":"type-post","3":"status-publish","4":"format-standard","5":"has-post-thumbnail","7":"category-rennes","8":"tag-actu","9":"tag-actualites","10":"tag-bretagne","11":"tag-eu","12":"tag-europe","13":"tag-fr","14":"tag-france","15":"tag-ille-et-vilaine","16":"tag-local","17":"tag-news","18":"tag-rennes","19":"tag-republique-francaise"},"share_on_mastodon":{"url":"https:\/\/pubeurope.com\/@fr\/114322188849143797","error":""},"_links":{"self":[{"href":"https:\/\/www.europesays.com\/fr\/wp-json\/wp\/v2\/posts\/18647","targetHints":{"allow":["GET"]}}],"collection":[{"href":"https:\/\/www.europesays.com\/fr\/wp-json\/wp\/v2\/posts"}],"about":[{"href":"https:\/\/www.europesays.com\/fr\/wp-json\/wp\/v2\/types\/post"}],"author":[{"embeddable":true,"href":"https:\/\/www.europesays.com\/fr\/wp-json\/wp\/v2\/users\/2"}],"replies":[{"embeddable":true,"href":"https:\/\/www.europesays.com\/fr\/wp-json\/wp\/v2\/comments?post=18647"}],"version-history":[{"count":0,"href":"https:\/\/www.europesays.com\/fr\/wp-json\/wp\/v2\/posts\/18647\/revisions"}],"wp:featuredmedia":[{"embeddable":true,"href":"https:\/\/www.europesays.com\/fr\/wp-json\/wp\/v2\/media\/18648"}],"wp:attachment":[{"href":"https:\/\/www.europesays.com\/fr\/wp-json\/wp\/v2\/media?parent=18647"}],"wp:term":[{"taxonomy":"category","embeddable":true,"href":"https:\/\/www.europesays.com\/fr\/wp-json\/wp\/v2\/categories?post=18647"},{"taxonomy":"post_tag","embeddable":true,"href":"https:\/\/www.europesays.com\/fr\/wp-json\/wp\/v2\/tags?post=18647"}],"curies":[{"name":"wp","href":"https:\/\/api.w.org\/{rel}","templated":true}]}}