{"id":186482,"date":"2025-06-18T18:17:24","date_gmt":"2025-06-18T18:17:24","guid":{"rendered":"https:\/\/www.europesays.com\/fr\/186482\/"},"modified":"2025-06-18T18:17:24","modified_gmt":"2025-06-18T18:17:24","slug":"un-detenu-sevade-de-prison-des-barrages-routiers-mis-en-place-2","status":"publish","type":"post","link":"https:\/\/www.europesays.com\/fr\/186482\/","title":{"rendered":"Un d\u00e9tenu s\u2019\u00e9vade de prison, des barrages routiers mis en place"},"content":{"rendered":"<p><strong>en cavale &#8211; Un d\u00e9tenu s\u2019est \u00e9vad\u00e9 ce mercredi du centre p\u00e9nitentiaire de Grenoble-Varces lors d\u2019une sortie encadr\u00e9e. L\u2019homme est activement recherch\u00e9<\/strong><\/p>\n<p>Un <a href=\"https:\/\/www.20minutes.fr\/dossier\/detenus?at_medium=RSS%20feed&amp;at_campaign=ynews&amp;utm_source=yahoo&amp;utm_medium=rss&amp;utm_campaign=news_feed&amp;utm_content=in_article_link\" rel=\"nofollow noopener\" target=\"_blank\" data-ylk=\"slk:d\u00e9tenu;elm:context_link;itc:0;sec:content-canvas\" class=\"link \">d\u00e9tenu<\/a> de 28 ans s\u2019est \u00e9vad\u00e9 ce mercredi 18\u00a0juin au matin du centre p\u00e9nitentiaire de <a href=\"https:\/\/www.20minutes.fr\/grenoble\/?at_medium=RSS%20feed&amp;at_campaign=ynews&amp;utm_source=yahoo&amp;utm_medium=rss&amp;utm_campaign=news_feed&amp;utm_content=in_article_link\" rel=\"nofollow noopener\" target=\"_blank\" data-ylk=\"slk:Grenoble-Varces;elm:context_link;itc:0;sec:content-canvas\" class=\"link \">Grenoble-Varces<\/a>, d\u00e9clenchant une vaste op\u00e9ration de recherche dans toute l\u2019agglom\u00e9ration grenobloise et jusqu\u2019au Nord-Is\u00e8re. Selon <a href=\"https:\/\/www.ledauphine.com\/faits-divers-justice\/2025\/06\/18\/un-detenu-s-evade-de-la-prison-de-varces-grenoble?at_medium=RSS%20feed&amp;at_campaign=ynews&amp;utm_source=yahoo&amp;utm_medium=rss&amp;utm_campaign=news_feed&amp;utm_content=in_article_link\" rel=\"nofollow noopener\" target=\"_blank\" data-ylk=\"slk:Le Dauphin\u00e9 Lib\u00e9r\u00e9;elm:context_link;itc:0;sec:content-canvas\" class=\"link \">Le Dauphin\u00e9 Lib\u00e9r\u00e9<\/a>, le prisonnier a profit\u00e9 d\u2019une sortie encadr\u00e9e par l\u2019administration p\u00e9nitentiaire pour prendre la fuite peu apr\u00e8s 9 heures, alors qu\u2019il venait de franchir les grilles de l\u2019\u00e9tablissement.<\/p>\n<p>L\u2019homme, incarc\u00e9r\u00e9 pour des faits li\u00e9s au <a href=\"https:\/\/www.20minutes.fr\/dossier\/trafic_de_drogue?at_medium=RSS%20feed&amp;at_campaign=ynews&amp;utm_source=yahoo&amp;utm_medium=rss&amp;utm_campaign=news_feed&amp;utm_content=in_article_link\" rel=\"nofollow noopener\" target=\"_blank\" data-ylk=\"slk:trafic de stup\u00e9fiants;elm:context_link;itc:0;sec:content-canvas\" class=\"link \">trafic de stup\u00e9fiants<\/a>, aurait rejoint un v\u00e9hicule qui l\u2019attendait \u00e0 proximit\u00e9 de la prison, avec deux complices \u00e0 bord. L\u2019\u00e9vasion semble avoir \u00e9t\u00e9 minutieusement pr\u00e9par\u00e9e. Une source proche de l\u2019enqu\u00eate, cit\u00e9e par <a href=\"https:\/\/france3-regions.franceinfo.fr\/auvergne-rhone-alpes\/isere\/grenoble\/un-detenu-s-evade-du-centre-penitentiaire-grenoble-varces-des-operations-de-recherche-en-cours-3173136.html?at_medium=RSS%20feed&amp;at_campaign=ynews&amp;utm_source=yahoo&amp;utm_medium=rss&amp;utm_campaign=news_feed&amp;utm_content=in_article_link\" rel=\"nofollow noopener\" target=\"_blank\" data-ylk=\"slk:France 3 R\u00e9gions;elm:context_link;itc:0;sec:content-canvas\" class=\"link \">France 3 R\u00e9gions<\/a>, pr\u00e9cise que les faits se sont d\u00e9roul\u00e9s \u00ab\u00a0sans violence\u00a0\u00bb.<\/p>\n<p>Un vaste plan de recherche<\/p>\n<p>L\u2019alerte a \u00e9t\u00e9 imm\u00e9diatement donn\u00e9e. De nombreux barrages ont \u00e9t\u00e9 mis en place sur les principaux axes de circulation de Grenoble et du d\u00e9partement. Une enqu\u00eate a \u00e9t\u00e9 confi\u00e9e \u00e0 la brigade de gendarmerie du Pont-de-Claix pour identifier les complices et retrouver le fugitif.<\/p>\n<p><a href=\"https:\/\/www.20minutes.fr\/societe\/isere\/\" rel=\"nofollow noopener\" target=\"_blank\" data-ylk=\"slk:Toute l&#039;actualit\u00e9 de l&#039;Is\u00e8re;elm:context_link;itc:0;sec:content-canvas\" class=\"link \">Toute l&rsquo;actualit\u00e9 de l&rsquo;Is\u00e8re<\/a><\/p>\n<p>Le Dauphin\u00e9 Lib\u00e9r\u00e9 a constat\u00e9 sur place la pr\u00e9sence renforc\u00e9e de patrouilles de gendarmerie aux abords du centre p\u00e9nitentiaire, tandis que d\u2019autres effectifs quadrillent les routes is\u00e9roises.<\/p>\n<p><a href=\"https:\/\/www.20minutes.fr\/faits_divers\/4159238-20250618-grenoble-detenu-evade-prison-barrages-routiers-mis-place?at_medium=RSS%20feed&amp;at_campaign=ynews&amp;utm_source=yahoo&amp;utm_medium=rss&amp;utm_campaign=news_feed&amp;utm_content=read_more_link&quot;\" rel=\"nofollow noopener\" target=\"_blank\" data-ylk=\"slk:Lire la suite sur 20minutes;elm:context_link;itc:0;sec:content-canvas\" class=\"link \">Lire la suite sur 20minutes<\/a><\/p>\n<p>\u00c0 lire aussi :<br \/><a href=\"https:\/\/www.20minutes.fr\/justice\/4151556-20250502-bordeaux-detenu-libere-erreur-prison-place-autre?at_medium=RSS%20feed&amp;at_campaign=ynews&amp;utm_source=yahoo&amp;utm_medium=rss&amp;utm_campaign=news_feed&amp;utm_content=related_content_link\" rel=\"nofollow noopener\" target=\"_blank\" data-ylk=\"slk:Bordeaux\u00a0: Un d\u00e9tenu lib\u00e9r\u00e9 par erreur de prison \u00e0 la place d\u2019un autre;elm:context_link;itc:0;sec:content-canvas\" class=\"link \">Bordeaux\u00a0: Un d\u00e9tenu lib\u00e9r\u00e9 par erreur de prison \u00e0 la place d\u2019un autre<\/a><br \/><a href=\"https:\/\/www.20minutes.fr\/societe\/4150980-20250429-frais-incarceration-100-euros-500-euros-10oo-euros-ca-coute-combien-vie-prison-detenu-vrai?at_medium=RSS%20feed&amp;at_campaign=ynews&amp;utm_source=yahoo&amp;utm_medium=rss&amp;utm_campaign=news_feed&amp;utm_content=related_content_link\" rel=\"nofollow noopener\" target=\"_blank\" data-ylk=\"slk:Prison\u00a0: Combien co\u00fbte vraiment la vie d\u2019un d\u00e9tenu\u00a0?;elm:context_link;itc:0;sec:content-canvas\" class=\"link \">Prison\u00a0: Combien co\u00fbte vraiment la vie d\u2019un d\u00e9tenu\u00a0?<\/a><\/p>\n","protected":false},"excerpt":{"rendered":"en cavale &#8211; Un d\u00e9tenu s\u2019est \u00e9vad\u00e9 ce mercredi du centre p\u00e9nitentiaire de Grenoble-Varces lors d\u2019une sortie encadr\u00e9e.&hellip;\n","protected":false},"author":2,"featured_media":186483,"comment_status":"","ping_status":"","sticky":false,"template":"","format":"standard","meta":{"footnotes":""},"categories":[9566],"tags":[1111,11,2430,9803,9625,1777,674,1011,27,2731,32430,25319,12,25],"class_list":{"0":"post-186482","1":"post","2":"type-post","3":"status-publish","4":"format-standard","5":"has-post-thumbnail","7":"category-grenoble","8":"tag-actu","9":"tag-actualites","10":"tag-auvergne-rhone-alpes","11":"tag-centre-penitentiaire","12":"tag-detenu","13":"tag-eu","14":"tag-europe","15":"tag-fr","16":"tag-france","17":"tag-grenoble","18":"tag-grenoble-varces","19":"tag-le-dauphine-libere","20":"tag-news","21":"tag-republique-francaise"},"share_on_mastodon":{"url":"https:\/\/pubeurope.com\/@fr\/114705743390127027","error":""},"_links":{"self":[{"href":"https:\/\/www.europesays.com\/fr\/wp-json\/wp\/v2\/posts\/186482","targetHints":{"allow":["GET"]}}],"collection":[{"href":"https:\/\/www.europesays.com\/fr\/wp-json\/wp\/v2\/posts"}],"about":[{"href":"https:\/\/www.europesays.com\/fr\/wp-json\/wp\/v2\/types\/post"}],"author":[{"embeddable":true,"href":"https:\/\/www.europesays.com\/fr\/wp-json\/wp\/v2\/users\/2"}],"replies":[{"embeddable":true,"href":"https:\/\/www.europesays.com\/fr\/wp-json\/wp\/v2\/comments?post=186482"}],"version-history":[{"count":0,"href":"https:\/\/www.europesays.com\/fr\/wp-json\/wp\/v2\/posts\/186482\/revisions"}],"wp:featuredmedia":[{"embeddable":true,"href":"https:\/\/www.europesays.com\/fr\/wp-json\/wp\/v2\/media\/186483"}],"wp:attachment":[{"href":"https:\/\/www.europesays.com\/fr\/wp-json\/wp\/v2\/media?parent=186482"}],"wp:term":[{"taxonomy":"category","embeddable":true,"href":"https:\/\/www.europesays.com\/fr\/wp-json\/wp\/v2\/categories?post=186482"},{"taxonomy":"post_tag","embeddable":true,"href":"https:\/\/www.europesays.com\/fr\/wp-json\/wp\/v2\/tags?post=186482"}],"curies":[{"name":"wp","href":"https:\/\/api.w.org\/{rel}","templated":true}]}}