{"id":186486,"date":"2025-06-18T18:19:09","date_gmt":"2025-06-18T18:19:09","guid":{"rendered":"https:\/\/www.europesays.com\/fr\/186486\/"},"modified":"2025-06-18T18:19:09","modified_gmt":"2025-06-18T18:19:09","slug":"un-homme-sauvagement-tue-par-un-codetenu-a-la-prison-de-rennes","status":"publish","type":"post","link":"https:\/\/www.europesays.com\/fr\/186486\/","title":{"rendered":"un homme sauvagement tu\u00e9 par un cod\u00e9tenu \u00e0 la prison de Rennes"},"content":{"rendered":"<p>Le suspect, qui a reconnu les faits, a \u00e9t\u00e9 mis en examen pour meurtre aggrav\u00e9 par des actes de torture et de barbarie et encourt la prison \u00e0 perp\u00e9tuit\u00e9.<\/p>\n<p class=\"fig-paragraph\">Un homme emprisonn\u00e9 \u00e0 la prison de Rennes-Vezin a \u00e9t\u00e9 mis en examen pour le meurtre d&rsquo;un cod\u00e9tenu avec acte de barbarie, a annonc\u00e9 mercredi le parquet de la\u00a0<a href=\"https:\/\/www.lefigaro.fr\/tag\/rennes\" target=\"_blank\" rel=\"noopener\" data-gtm-custom-categorie=\"navigation\" data-gtm-custom-action=\"crossclick\" data-gtm-custom-label=\"Contextuel\" data-gtm-event=\"customEventSPE\">capitale bretonne<\/a>. Samedi, la gendarmerie de Pac\u00e9 a \u00e9t\u00e9 avis\u00e9e par le centre p\u00e9nitentiaire de Rennes-Vezin de la d\u00e9couverte d&rsquo;un d\u00e9tenu d\u00e9c\u00e9d\u00e9 dans sa cellule, les premiers \u00e9l\u00e9ments recueillis \u00abpermettant de constater que le d\u00e9funt pr\u00e9sentait d&rsquo;importantes blessures ayant \u00e9t\u00e9 vraisemblablement caus\u00e9es par son cod\u00e9tenu\u00bb, a indiqu\u00e9 le procureur de la R\u00e9publique de Rennes Fr\u00e9d\u00e9ric Teillet.<\/p>\n<p class=\"fig-paragraph\">La lev\u00e9e de corps par le m\u00e9decin l\u00e9giste \u00aba permis de constater que le d\u00e9funt pr\u00e9sentait de nombreuses l\u00e9sions, au visage (notamment aux yeux), au tronc et aux jambes, des br\u00fblures aux pieds et dans le dos ainsi que les signes de fractures de c\u00f4tes et d&rsquo;un pneumothorax\u00bb, a d\u00e9taill\u00e9 le magistrat dans un communiqu\u00e9. Le cod\u00e9tenu de la victime a \u00e9t\u00e9 plac\u00e9 en garde \u00e0 vue et a reconnu les faits, \u00abindiquant que la victime souffrait d&rsquo;encopr\u00e9sie et se retrouvait donc r\u00e9guli\u00e8rement avec des excr\u00e9ments sur elle\u00bb. \u00abNe supportant pas les odeurs, le gard\u00e9 \u00e0 vue indique avoir demand\u00e9 \u00e0 changer de cellule et commis des violences depuis plusieurs jours et plus encore le 14 juin\u00bb, d&rsquo;apr\u00e8s la m\u00eame source.<\/p>\n<p>Un casier judiciaire bien rempli<\/p>\n<p class=\"fig-paragraph\">Le parquet de Rennes a d\u00e9cid\u00e9 de son d\u00e9f\u00e8rement lundi et de l&rsquo;ouverture d&rsquo;une information judiciaire pour torture ou acte de barbarie, commis entre le 9 juin et le 14 juin et meurtre pr\u00e9c\u00e9d\u00e9, accompagn\u00e9 ou suivi d&rsquo;un autre crime commis le 14 juin. Le suspect a \u00e9t\u00e9 mis en examen pour ces infractions, plac\u00e9 en d\u00e9tention provisoire conform\u00e9ment \u00e0 la demande du parquet et transf\u00e9r\u00e9 dans une autre prison. Le mis en examen, qui a 23 mentions \u00e0 son casier judiciaire, a \u00e9t\u00e9 condamn\u00e9 \u00e0 plusieurs reprises pour des violences aggrav\u00e9es et purgeait une peine de huit mois d&#8217;emprisonnement pour d\u00e9tention de stup\u00e9fiants en r\u00e9cidive.<\/p>\n<p class=\"fig-paragraph\">La victime, \u00e2g\u00e9e de 25 ans, dont le casier judiciaire pr\u00e9sentait huit mentions, a \u00e9t\u00e9 condamn\u00e9e \u00e0 plusieurs reprises pour des violences. \u00abLa justice devra \u00e0 nos clients toutes les r\u00e9ponses l\u00e9gitimement attendues car ils n&rsquo;entendent pas que le meurtre d&rsquo;Alexis soit pass\u00e9 sous silence, comme c&rsquo;est malheureusement trop souvent le cas lorsque la vie s&rsquo;arr\u00eate entre les murs d&rsquo;une prison\u00bb, ont d\u00e9clar\u00e9 les avocats de la famille de la victime Me Gwendoline Tenier et Me Amina Saadaoui dans un communiqu\u00e9.<\/p>\n","protected":false},"excerpt":{"rendered":"Le suspect, qui a reconnu les faits, a \u00e9t\u00e9 mis en examen pour meurtre aggrav\u00e9 par des actes&hellip;\n","protected":false},"author":2,"featured_media":186487,"comment_status":"","ping_status":"","sticky":false,"template":"","format":"standard","meta":{"footnotes":""},"categories":[2821],"tags":[1111,47,11,829,1109,1112,1777,674,118,1108,107,1106,1107,1011,27,1110,1114,14,12,1113,316,806,584,25],"class_list":{"0":"post-186486","1":"post","2":"type-post","3":"status-publish","4":"format-standard","5":"has-post-thumbnail","7":"category-rennes","8":"tag-actu","9":"tag-actualite","10":"tag-actualites","11":"tag-bretagne","12":"tag-breves","13":"tag-depeches","14":"tag-eu","15":"tag-europe","16":"tag-faits-divers","17":"tag-fil","18":"tag-fil-info","19":"tag-flash","20":"tag-flash-actu","21":"tag-fr","22":"tag-france","23":"tag-informations","24":"tag-infos","25":"tag-international","26":"tag-news","27":"tag-nouvelles","28":"tag-politique","29":"tag-prison","30":"tag-rennes","31":"tag-republique-francaise"},"share_on_mastodon":{"url":"https:\/\/pubeurope.com\/@fr\/114705751432272147","error":""},"_links":{"self":[{"href":"https:\/\/www.europesays.com\/fr\/wp-json\/wp\/v2\/posts\/186486","targetHints":{"allow":["GET"]}}],"collection":[{"href":"https:\/\/www.europesays.com\/fr\/wp-json\/wp\/v2\/posts"}],"about":[{"href":"https:\/\/www.europesays.com\/fr\/wp-json\/wp\/v2\/types\/post"}],"author":[{"embeddable":true,"href":"https:\/\/www.europesays.com\/fr\/wp-json\/wp\/v2\/users\/2"}],"replies":[{"embeddable":true,"href":"https:\/\/www.europesays.com\/fr\/wp-json\/wp\/v2\/comments?post=186486"}],"version-history":[{"count":0,"href":"https:\/\/www.europesays.com\/fr\/wp-json\/wp\/v2\/posts\/186486\/revisions"}],"wp:featuredmedia":[{"embeddable":true,"href":"https:\/\/www.europesays.com\/fr\/wp-json\/wp\/v2\/media\/186487"}],"wp:attachment":[{"href":"https:\/\/www.europesays.com\/fr\/wp-json\/wp\/v2\/media?parent=186486"}],"wp:term":[{"taxonomy":"category","embeddable":true,"href":"https:\/\/www.europesays.com\/fr\/wp-json\/wp\/v2\/categories?post=186486"},{"taxonomy":"post_tag","embeddable":true,"href":"https:\/\/www.europesays.com\/fr\/wp-json\/wp\/v2\/tags?post=186486"}],"curies":[{"name":"wp","href":"https:\/\/api.w.org\/{rel}","templated":true}]}}