{"id":186496,"date":"2025-06-18T18:24:45","date_gmt":"2025-06-18T18:24:45","guid":{"rendered":"https:\/\/www.europesays.com\/fr\/186496\/"},"modified":"2025-06-18T18:24:45","modified_gmt":"2025-06-18T18:24:45","slug":"karim-benbrahim-sera-t-il-encore-chef-du-parti-socialiste-de-loire-atlantique-vote-jeudi","status":"publish","type":"post","link":"https:\/\/www.europesays.com\/fr\/186496\/","title":{"rendered":"Karim Benbrahim sera-t-il encore chef du Parti socialiste de Loire-Atlantique\u00a0? Vote jeudi"},"content":{"rendered":"<p>Le marathon \u00e9lectoral interne du Parti socialiste se poursuit. Apr\u00e8s avoir \u00e9lu\u00a0Olivier Faure (et Nicolas Mayer-Rossignol) premier secr\u00e9taire d\u00e9but juin, puis tout juste referm\u00e9 la page du Congr\u00e8s national (le week-end dernier \u00e0 Nancy), une derni\u00e8re chose doit \u00eatre r\u00e9gl\u00e9e.<\/p>\n<p>Les militants devront \u00e0 nouveau voter pour renouveler les dirigeants de leur f\u00e9d\u00e9ration \u2013 un bulletin pour le choix du premier secr\u00e9taire f\u00e9d\u00e9ral et l\u2019autre pour le secr\u00e9taire de section \u2013 entre le 19 et le 27\u00a0juin. En Loire-Atlantique, les votes auront lieu ce jeudi 19\u00a0juin, de 17\u00a0h \u00e0 22\u00a0h. Les r\u00e9sultats seront connus le soir m\u00eame. D\u00e9but juin, la participation \u00e9tait d\u2019environ 650\u00a0votants sur 1\u00a0230\u00a0adh\u00e9rents.<\/p>\n<p>Premi\u00e8re fois qu\u2019une femme se pr\u00e9sente<\/p>\n<p>Deux candidats sont sur la ligne de d\u00e9part. <a href=\"https:\/\/nantes.maville.com\/actu\/actudet_-de-nantes-a-paris-on-a-suivi-les-deux-nouveaux-deputes-socialistes-de-loire-atlantique-_8-6380927_actu.Htm?utm_source=troove&amp;utm_medium=site\" target=\"_self\" rel=\"noopener\">Le Nantais Karim Benbrahim<\/a>, 45\u00a0ans. Le patron du PS 44\u00a0depuis 2023 et d\u00e9put\u00e9 de la premi\u00e8re circonscription de Loire-Atlantique, d\u00e9fend la ligne d\u2019Olivier Faure (<a href=\"https:\/\/nantes.maville.com\/actu\/actudet_-election-au-parti-socialiste.-olivier-faure-l-emporte-en-loire-atlantique-_8-6840783_actu.Htm?utm_source=troove&amp;utm_medium=site\" target=\"_self\" rel=\"noopener\">qui a recueilli 56\u00a0% des votes des socialistes\u00a0de\u00a0Loire-Atlantique,<\/a> d\u00e9but juin), brigue un nouveau mandat.<\/p>\n<p>La Nazairienne Sophie Normand, 42\u00a0ans, soutien du texte de Nicolas Mayer-Rossignol, maire de Rouen, oppos\u00e9 \u00e0 une alliance avec La France insoumise de Jean-Luc M\u00e9lenchon, s\u2019\u00e9tait pr\u00e9sent\u00e9e en bin\u00f4me avec Gildas Sala\u00fcn, en 2023. <strong>\u00ab\u00a0C\u2019est la premi\u00e8re fois qu\u2019une femme se pr\u00e9sente, seule, \u00e0 la t\u00eate de la F\u00e9d\u00e9 44\u00a0\u00bb<\/strong>, fait savoir\u00a0la collaboratrice parlementaire du s\u00e9nateur Philippe Grosvalet, adh\u00e9rente au PS depuis 2014, et ancienne coordinatrice f\u00e9d\u00e9rale avec Dominique Raimbourg, de 2018 \u00e0 2021.<\/p>\n<p>\t<img decoding=\"async\" src=\"https:\/\/www.europesays.com\/fr\/wp-content\/uploads\/2025\/06\/P35296458D6858058G_px_640_.jpg\" alt=\"photo la socialiste sophie normand, 42\u00a0ans, est candidate pour devenir premi\u00e8re secr\u00e9taire f\u00e9d\u00e9rale de loire-atlantique.  \u00a9  sophie normand\" width=\"640\" title=\" La socialiste Sophie Normand, 42\u00a0ans, est candidate pour devenir Premi\u00e8re secr\u00e9taire f\u00e9d\u00e9rale de Loire-Atlantique.   Sophie Normand \"\/><\/p>\n<p class=\"elmt-legende\"> La socialiste Sophie Normand, 42\u00a0ans, est candidate pour devenir Premi\u00e8re secr\u00e9taire f\u00e9d\u00e9rale de Loire-Atlantique.   Sophie Normand <\/p>\n<p>Campagne \u00ab\u00a0apais\u00e9e\u00a0\u00bb<\/p>\n<p>En 2023, le vote s\u2019\u00e9tait jou\u00e9 \u00e0 une voix pr\u00e8s. La campagne avait \u00e9t\u00e9 \u00e2pre. Cette fois, les r\u00e9unions sont <strong>\u00ab\u00a0apais\u00e9es, sereines, agr\u00e9ables\u00a0\u00bb<\/strong>, d\u00e9crit\u00a0Sophie Normand. <strong>\u00ab\u00a0Ce particularisme entre Nantes et Saint-Nazaire ne doit pas emp\u00eacher le rassemblement de toute la famille socialiste\u00a0\u00bb<\/strong>, plaidait Karim Benbrahim, au soir de l\u2019\u00e9lection d\u2019Olivier Faure. <strong>\u00ab\u00a0Oui \u00e0 l\u2019union de la gauche,<\/strong> avance Sophie Normand. <strong>Mais avant de parler casting, parlons valeurs et projet.\u00a0\u00bb<\/strong><\/p>\n<p>\u00a0<\/p>\n","protected":false},"excerpt":{"rendered":"Le marathon \u00e9lectoral interne du Parti socialiste se poursuit. Apr\u00e8s avoir \u00e9lu\u00a0Olivier Faure (et Nicolas Mayer-Rossignol) premier secr\u00e9taire&hellip;\n","protected":false},"author":2,"featured_media":186497,"comment_status":"","ping_status":"","sticky":false,"template":"","format":"standard","meta":{"footnotes":""},"categories":[2818],"tags":[1111,11,32432,7818,1440,1777,674,1011,27,9272,32431,3047,766,12,13695,2636,25,21195,13696,5995],"class_list":{"0":"post-186496","1":"post","2":"type-post","3":"status-publish","4":"format-standard","5":"has-post-thumbnail","7":"category-nantes","8":"tag-actu","9":"tag-actualites","10":"tag-benbrahim","11":"tag-chef","12":"tag-encore","13":"tag-eu","14":"tag-europe","15":"tag-fr","16":"tag-france","17":"tag-jeudi","18":"tag-karim","19":"tag-loire-atlantique","20":"tag-nantes","21":"tag-news","22":"tag-parti","23":"tag-pays-de-la-loire","24":"tag-republique-francaise","25":"tag-sera-t-il","26":"tag-socialiste","27":"tag-vote"},"share_on_mastodon":{"url":"https:\/\/pubeurope.com\/@fr\/114705771144886057","error":""},"_links":{"self":[{"href":"https:\/\/www.europesays.com\/fr\/wp-json\/wp\/v2\/posts\/186496","targetHints":{"allow":["GET"]}}],"collection":[{"href":"https:\/\/www.europesays.com\/fr\/wp-json\/wp\/v2\/posts"}],"about":[{"href":"https:\/\/www.europesays.com\/fr\/wp-json\/wp\/v2\/types\/post"}],"author":[{"embeddable":true,"href":"https:\/\/www.europesays.com\/fr\/wp-json\/wp\/v2\/users\/2"}],"replies":[{"embeddable":true,"href":"https:\/\/www.europesays.com\/fr\/wp-json\/wp\/v2\/comments?post=186496"}],"version-history":[{"count":0,"href":"https:\/\/www.europesays.com\/fr\/wp-json\/wp\/v2\/posts\/186496\/revisions"}],"wp:featuredmedia":[{"embeddable":true,"href":"https:\/\/www.europesays.com\/fr\/wp-json\/wp\/v2\/media\/186497"}],"wp:attachment":[{"href":"https:\/\/www.europesays.com\/fr\/wp-json\/wp\/v2\/media?parent=186496"}],"wp:term":[{"taxonomy":"category","embeddable":true,"href":"https:\/\/www.europesays.com\/fr\/wp-json\/wp\/v2\/categories?post=186496"},{"taxonomy":"post_tag","embeddable":true,"href":"https:\/\/www.europesays.com\/fr\/wp-json\/wp\/v2\/tags?post=186496"}],"curies":[{"name":"wp","href":"https:\/\/api.w.org\/{rel}","templated":true}]}}