{"id":186514,"date":"2025-06-18T18:33:09","date_gmt":"2025-06-18T18:33:09","guid":{"rendered":"https:\/\/www.europesays.com\/fr\/186514\/"},"modified":"2025-06-18T18:33:09","modified_gmt":"2025-06-18T18:33:09","slug":"marseille-le-nouvel-eldorado-des-data-centers-liberation","status":"publish","type":"post","link":"https:\/\/www.europesays.com\/fr\/186514\/","title":{"rendered":"Marseille, le nouvel eldorado des data centers \u2013 Lib\u00e9ration"},"content":{"rendered":"<p class=\"sc-ksZaOG ehjQrN text-element\">C\u2019est l\u2019une de ces fresques qu\u2019on regarde en silence, sans trop savoir quoi en dire. A l\u2019entr\u00e9e de Phocea DC, un data center dans le 3e arrondissement de Marseille, une peinture murale repr\u00e9sente une d\u00e9esse, Phocea donc, protectrice de la cit\u00e9, et, puisqu\u2019il faut bien vivre avec son \u00e9poque, grande gardienne de la souverainet\u00e9 num\u00e9rique. Un genre de Wonder Woman avec un petit c\u00f4t\u00e9 technicien qui vient vous installer la fibre \u2013 casque, bouclier et au niveau de la ceinture, des fils noirs qui partent dans toutes les directions.<\/p>\n<p class=\"sc-ksZaOG ehjQrN text-element\">\u00abC\u2019est pour les c\u00e2bles sous-marins\u2026\u00bb pr\u00e9cise le directeur technique de ce data center, le petit dernier dans la ville \u2013 un centre de donn\u00e9es \u00ab\u00e0 taille humaine\u00bb, \u00abfamilial\u00bb m\u00eame. Comprendre : il y a data center et data center. Et de fait, il y en a de plus en plus\u2026 En dix ans, Marseille est devenu un eldorado pour ces blocs en b\u00e9ton sans \u00e2me qui abritent de grandes armoires noires, dans lesquelles s\u2019entassent des serveurs, destin\u00e9s \u00e0 stocker et faire circuler les donn\u00e9es qui font nos vies \u00e0 l\u2019\u00e8re de technocapitalisme.<\/p>\n<p class=\"sc-ksZaOG ehjQrN text-element\">Ils fleurissent un peu partout. Neuf au total, selon le dernier pointage de Data Center Magazine (\u00abDC Mag\u00bb pour les intimes, la revue des fans hardcore de l\u2019industrie), dont pas moins de quatre dans la zone portuaire, y compris dans une ancienne base de sous-marins. En attendant un cinqui\u00e8me en travaux sur le site d\u2019un ancien silo \u00e0 sucre et un mastodonte dans la commune de Bouc-Bel-Air. Et m\u00eame, pendant un t<\/p>\n","protected":false},"excerpt":{"rendered":"C\u2019est l\u2019une de ces fresques qu\u2019on regarde en silence, sans trop savoir quoi en dire. A l\u2019entr\u00e9e de&hellip;\n","protected":false},"author":2,"featured_media":186515,"comment_status":"","ping_status":"","sticky":false,"template":"","format":"standard","meta":{"footnotes":""},"categories":[2814],"tags":[1111,11,893,1777,674,1011,27,884,12,882,25],"class_list":{"0":"post-186514","1":"post","2":"type-post","3":"status-publish","4":"format-standard","5":"has-post-thumbnail","7":"category-marseille","8":"tag-actu","9":"tag-actualites","10":"tag-energie","11":"tag-eu","12":"tag-europe","13":"tag-fr","14":"tag-france","15":"tag-marseille","16":"tag-news","17":"tag-provence-alpes-cote-dazur","18":"tag-republique-francaise"},"share_on_mastodon":{"url":"https:\/\/pubeurope.com\/@fr\/114705806390973877","error":""},"_links":{"self":[{"href":"https:\/\/www.europesays.com\/fr\/wp-json\/wp\/v2\/posts\/186514","targetHints":{"allow":["GET"]}}],"collection":[{"href":"https:\/\/www.europesays.com\/fr\/wp-json\/wp\/v2\/posts"}],"about":[{"href":"https:\/\/www.europesays.com\/fr\/wp-json\/wp\/v2\/types\/post"}],"author":[{"embeddable":true,"href":"https:\/\/www.europesays.com\/fr\/wp-json\/wp\/v2\/users\/2"}],"replies":[{"embeddable":true,"href":"https:\/\/www.europesays.com\/fr\/wp-json\/wp\/v2\/comments?post=186514"}],"version-history":[{"count":0,"href":"https:\/\/www.europesays.com\/fr\/wp-json\/wp\/v2\/posts\/186514\/revisions"}],"wp:featuredmedia":[{"embeddable":true,"href":"https:\/\/www.europesays.com\/fr\/wp-json\/wp\/v2\/media\/186515"}],"wp:attachment":[{"href":"https:\/\/www.europesays.com\/fr\/wp-json\/wp\/v2\/media?parent=186514"}],"wp:term":[{"taxonomy":"category","embeddable":true,"href":"https:\/\/www.europesays.com\/fr\/wp-json\/wp\/v2\/categories?post=186514"},{"taxonomy":"post_tag","embeddable":true,"href":"https:\/\/www.europesays.com\/fr\/wp-json\/wp\/v2\/tags?post=186514"}],"curies":[{"name":"wp","href":"https:\/\/api.w.org\/{rel}","templated":true}]}}