{"id":186516,"date":"2025-06-18T18:34:11","date_gmt":"2025-06-18T18:34:11","guid":{"rendered":"https:\/\/www.europesays.com\/fr\/186516\/"},"modified":"2025-06-18T18:34:11","modified_gmt":"2025-06-18T18:34:11","slug":"lyon-la-ville-les-hcl-et-luniversite-lyon-1-deviennent-des-ambassadeurs-du-don-dorganes","status":"publish","type":"post","link":"https:\/\/www.europesays.com\/fr\/186516\/","title":{"rendered":"Lyon. La Ville, les HCL et l\u2019Universit\u00e9 Lyon 1 deviennent des ambassadeurs du don d\u2019organes"},"content":{"rendered":"<p>Ce label a \u00e9t\u00e9 cr\u00e9\u00e9 par le collectif Greffes +, qui regroupe les principales associations concern\u00e9es par le don d\u2019organes et de tissus. Symboliquement, le maire de Lyon <a href=\"http:\/\/www.leprogres.fr\/p\/gregory-doucet\" target=\"_blank\" rel=\"nofollow noopener\">Gr\u00e9gory Doucet<\/a>, Raymond Le Moign, directeur des Hospices civils de Lyon et Bruno Lina, pr\u00e9sident de l\u2019Universit\u00e9 Lyon 1 avaient choisi la date du 18\u00a0juin pour apposer leurs signatures sur cette charte.<\/p>\n<p>\u00ab\u00a0C\u2019est l\u2019expression d\u2019un engagement partag\u00e9 \u00bb<\/p>\n<p>\u00ab\u00a0C\u2019est l\u2019expression d\u2019un engagement partag\u00e9 \u00bb, a estim\u00e9 le Pr Lina\u00a0; engagement qui, pour Gr\u00e9gory Doucet consistera \u00e0 \u00ab\u00a0faire vivre une culture du don au quotidien\u00a0\u00bb dans une ville dont le CHU a r\u00e9alis\u00e9 plusieurs \u00ab\u00a0premi\u00e8res\u00a0\u00bb greffes d\u2019organes au plan national et international.<\/p>\n","protected":false},"excerpt":{"rendered":"Ce label a \u00e9t\u00e9 cr\u00e9\u00e9 par le collectif Greffes +, qui regroupe les principales associations concern\u00e9es par le&hellip;\n","protected":false},"author":2,"featured_media":186517,"comment_status":"","ping_status":"","sticky":false,"template":"","format":"standard","meta":{"footnotes":""},"categories":[1889],"tags":[1111,11,2430,2757,1777,674,1011,27,2428,2756,12,25,2429,71],"class_list":{"0":"post-186516","1":"post","2":"type-post","3":"status-publish","4":"format-standard","5":"has-post-thumbnail","7":"category-lyon","8":"tag-actu","9":"tag-actualites","10":"tag-auvergne-rhone-alpes","11":"tag-edition-lyon-villeurbanne","12":"tag-eu","13":"tag-europe","14":"tag-fr","15":"tag-france","16":"tag-lyon","17":"tag-lyon-bassin","18":"tag-news","19":"tag-republique-francaise","20":"tag-rhone","21":"tag-sante"},"share_on_mastodon":{"url":"https:\/\/pubeurope.com\/@fr\/114705810549439969","error":""},"_links":{"self":[{"href":"https:\/\/www.europesays.com\/fr\/wp-json\/wp\/v2\/posts\/186516","targetHints":{"allow":["GET"]}}],"collection":[{"href":"https:\/\/www.europesays.com\/fr\/wp-json\/wp\/v2\/posts"}],"about":[{"href":"https:\/\/www.europesays.com\/fr\/wp-json\/wp\/v2\/types\/post"}],"author":[{"embeddable":true,"href":"https:\/\/www.europesays.com\/fr\/wp-json\/wp\/v2\/users\/2"}],"replies":[{"embeddable":true,"href":"https:\/\/www.europesays.com\/fr\/wp-json\/wp\/v2\/comments?post=186516"}],"version-history":[{"count":0,"href":"https:\/\/www.europesays.com\/fr\/wp-json\/wp\/v2\/posts\/186516\/revisions"}],"wp:featuredmedia":[{"embeddable":true,"href":"https:\/\/www.europesays.com\/fr\/wp-json\/wp\/v2\/media\/186517"}],"wp:attachment":[{"href":"https:\/\/www.europesays.com\/fr\/wp-json\/wp\/v2\/media?parent=186516"}],"wp:term":[{"taxonomy":"category","embeddable":true,"href":"https:\/\/www.europesays.com\/fr\/wp-json\/wp\/v2\/categories?post=186516"},{"taxonomy":"post_tag","embeddable":true,"href":"https:\/\/www.europesays.com\/fr\/wp-json\/wp\/v2\/tags?post=186516"}],"curies":[{"name":"wp","href":"https:\/\/api.w.org\/{rel}","templated":true}]}}