{"id":186523,"date":"2025-06-18T18:38:09","date_gmt":"2025-06-18T18:38:09","guid":{"rendered":"https:\/\/www.europesays.com\/fr\/186523\/"},"modified":"2025-06-18T18:38:09","modified_gmt":"2025-06-18T18:38:09","slug":"un-reseau-bosnien-de-voleurs-demantele-une-vingtaine-de-femmes-ecrouees","status":"publish","type":"post","link":"https:\/\/www.europesays.com\/fr\/186523\/","title":{"rendered":"un r\u00e9seau bosnien de voleurs d\u00e9mantel\u00e9, une vingtaine de femmes \u00e9crou\u00e9es"},"content":{"rendered":"<p>            Par<br \/>\n        <strong><br \/>\n            <a href=\"https:\/\/actu.fr\/auteur\/redaction-paris\" title=\"Consulter tous les articles de R\u00e9daction Paris\" target=\"_blank\" rel=\"noopener\">R\u00e9daction Paris<\/a><br \/>\n        <\/strong><\/p>\n<p>        Publi\u00e9 le<\/p>\n<p>            18 juin 2025 \u00e0 18h16        <\/p>\n<p>Un r\u00e9seau organis\u00e9 de voleurs op\u00e9rant dans le <a href=\"https:\/\/actu.fr\/tag\/metro\" target=\"_blank\" rel=\"noopener\">m\u00e9tro<\/a> parisien a \u00e9t\u00e9 d\u00e9mantel\u00e9 ces derniers jours, a appris l\u2019AFP mercredi 18\u00a0juin 2025 de sources proches du dossier. Plusieurs adultes, <strong>principalement de nationalit\u00e9 bosnienne<\/strong>, ont \u00e9t\u00e9 interpell\u00e9s, tandis qu\u2019une vingtaine de mineurs exploit\u00e9s par le r\u00e9seau ont \u00e9t\u00e9 mis \u00e0 l\u2019abri. Selon les premi\u00e8res informations, une vingtaine de personnes <strong>\u2013 en majorit\u00e9 des femmes n\u00e9es entre\u00a01960 et\u00a02005 \u2013<\/strong> ont \u00e9t\u00e9 arr\u00eat\u00e9es entre samedi et mardi \u00e0 <a href=\"https:\/\/actu.fr\/paris\/\" target=\"_blank\" rel=\"noopener\">Paris<\/a> et dans sa r\u00e9gion. L\u2019enqu\u00eate a \u00e9t\u00e9 confi\u00e9e \u00e0 la Brigade de protection des mineurs (<strong>BPM<\/strong>) et s\u2019inscrit dans un cadre judiciaire particuli\u00e8rement lourd, incluant des chefs de \u00ab\u2009traite d\u2019\u00eatres humains \u00e0 l\u2019encontre de mineurs en bande organis\u00e9e\u2009\u00bb et \u00ab\u2009association de malfaiteurs\u2009\u00bb.<\/p>\n<p>Exploitation de mineurs sur les lignes touristiques<\/p>\n<p class=\" wall-content\">Le r\u00e9seau, selon les enqu\u00eateurs, serait actif depuis au moins 2022 et aurait cibl\u00e9 en priorit\u00e9 la ligne 1 du m\u00e9tro parisien, qui traverse la capitale d\u2019est en ouest et <strong>dessert de nombreux sites touristiques<\/strong>, des <a href=\"https:\/\/actu.fr\/tag\/champs-elysees\" target=\"_blank\" rel=\"noopener\">Champs-\u00c9lys\u00e9es<\/a> au <a href=\"https:\/\/actu.fr\/tag\/louvre\" target=\"_blank\" rel=\"noopener\">Louvre<\/a>. Il s\u2019agirait d\u2019un syst\u00e8me structur\u00e9, \u00e0 caract\u00e8re communautaire, impliquant plusieurs familles issues de la minorit\u00e9 rom.<\/p>\n<p class=\" wall-content\">Selon une source polici\u00e8re, l\u2019enqu\u00eate a d\u00e9but\u00e9 \u00e0 l\u2019\u00e9t\u00e9 2024, <a href=\"https:\/\/actu.fr\/ile-de-france\/paris_75056\/paris-un-vaste-reseau-de-voleurs-du-metro-demantele-17-personnes-interpellees_61201612.html\" target=\"_blank\" rel=\"noopener\">apr\u00e8s l\u2019interpellation d\u2019une douzaine de mineurs<\/a> <strong>pris en flagrant d\u00e9lit de vol dans les rames<\/strong>. Les investigations ont alors mis au jour un r\u00e9seau international, actif non seulement en France, mais aussi en Belgique, en Allemagne et en Autriche. L\u2019organisation est soup\u00e7onn\u00e9e d\u2019avoir contraint ces enfants \u00e0 commettre des vols \u00e0 r\u00e9p\u00e9tition.<\/p>\n<p class=\" wall-content\">Le pr\u00e9judice financier,<strong> estim\u00e9 \u00e0 environ 500\u2009000\u00a0euros<\/strong>, pourrait \u00eatre revu \u00e0 la hausse au fil de l\u2019enqu\u00eate.<\/p>\n<p>    <a href=\"https:\/\/email.publihebdos.com\/form?lid=Mqc7o19yVDtMEo2FE8aUtw2\" title=\"Ouvrie le lien\" target=\"_blank\" rel=\"noopener\">Cliquez ici pour visualiser le contenu<\/a><\/p>\n<p>Vid\u00e9os : en ce moment sur ActuDes mineurs rapidement disparus apr\u00e8s leur mise \u00e0 l\u2019abri<\/p>\n<p class=\" wall-content\">Au total, deux douzaines de mineurs ont \u00e9t\u00e9 mis \u00e0 l\u2019abri dans des foyers sp\u00e9cialis\u00e9s, mais une partie d\u2019entre eux aurait <strong>d\u00e9j\u00e0 pris la fuite<\/strong>, compliquant davantage encore l\u2019\u00e9valuation de l\u2019ampleur du r\u00e9seau et de son emprise.<\/p>\n<p class=\" wall-content\">Mardi, une dizaine de suspects ont \u00e9t\u00e9 pr\u00e9sent\u00e9s \u00e0 des juges d\u2019instruction parisiens. Plusieurs ont \u00e9t\u00e9 mis en examen et <strong>plac\u00e9s en d\u00e9tention provisoire<\/strong>. L\u2019un des hommes interpell\u00e9s est soup\u00e7onn\u00e9 d\u2019\u00eatre l\u2019un des chefs de r\u00e9seau.<\/p>\n<p>\u00ab\u2009Un syst\u00e8me enracin\u00e9\u2009\u00bb<\/p>\n<p class=\" wall-content\">Certaines des femmes mises en cause sont elles-m\u00eames per\u00e7ues comme <strong>des victimes d\u2019un syst\u00e8me dont elles auraient du mal \u00e0 s\u2019extraire<\/strong>. \u00ab\u2009Ce sont des femmes \u00e0 qui on a transmis un fonctionnement depuis l\u2019enfance, un syst\u00e8me qu\u2019on a ancr\u00e9 dans leur peau\u2009\u00bb, a d\u00e9clar\u00e9 Me Maxence Gallo, avocate d\u2019une des femmes \u00e9crou\u00e9es, suspect\u00e9e d\u2019avoir occup\u00e9 un r\u00f4le interm\u00e9diaire dans le r\u00e9seau.<\/p>\n<p class=\" wall-content\"><strong>\u00ab\u2009Ma cliente a quitt\u00e9 l\u2019\u00e9cole en CM\u20092 et vagabonde depuis l\u2019\u00e2ge de 12\u00a0ans\u2009\u00bb<\/strong>, a ajout\u00e9 Me Reda Ghilaci, avocat d\u2019une autre suspecte. \u00ab\u2009Elle est elle-m\u00eame victime, par ricochet, d\u2019un syst\u00e8me d\u2019exploitation\u2009\u00bb.<\/p>\n<p class=\" wall-content\">Avec AFP<\/p>\n<p class=\" wall-content\">Suivez toute l\u2019actualit\u00e9 de vos villes et m\u00e9dias favoris en vous inscrivant \u00e0 <a href=\"https:\/\/moncompte.actu.fr\" title=\"D\u00e9couvez Mon Actu\" rel=\"nofollow noopener\" data-trk=\"{&quot;cta&quot;:{&quot;action&quot;:&quot;https:\\\/\\\/moncompte.actu.fr&quot;,&quot;category&quot;:&quot;mon compte&quot;,&quot;from&quot;:&quot;article footer&quot;,&quot;name&quot;:&quot;Mon actu&quot;,&quot;type&quot;:&quot;cta&quot;}}\" target=\"_blank\">Mon Actu<\/a>.<\/p>\n","protected":false},"excerpt":{"rendered":"Par R\u00e9daction Paris Publi\u00e9 le 18 juin 2025 \u00e0 18h16 Un r\u00e9seau organis\u00e9 de voleurs op\u00e9rant dans le&hellip;\n","protected":false},"author":2,"featured_media":186524,"comment_status":"","ping_status":"","sticky":false,"template":"","format":"standard","meta":{"footnotes":""},"categories":[1888],"tags":[1111,1928,11,1927,1777,674,118,1011,27,4047,12,1926,626,1925,25,602],"class_list":{"0":"post-186523","1":"post","2":"type-post","3":"status-publish","4":"format-standard","5":"has-post-thumbnail","7":"category-paris","8":"tag-actu","9":"tag-actu-paris","10":"tag-actualites","11":"tag-actualites-paris","12":"tag-eu","13":"tag-europe","14":"tag-faits-divers","15":"tag-fr","16":"tag-france","17":"tag-metro","18":"tag-news","19":"tag-news-paris","20":"tag-paris","21":"tag-paris-news","22":"tag-republique-francaise","23":"tag-tourisme"},"share_on_mastodon":{"url":"https:\/\/pubeurope.com\/@fr\/114705826181808129","error":""},"_links":{"self":[{"href":"https:\/\/www.europesays.com\/fr\/wp-json\/wp\/v2\/posts\/186523","targetHints":{"allow":["GET"]}}],"collection":[{"href":"https:\/\/www.europesays.com\/fr\/wp-json\/wp\/v2\/posts"}],"about":[{"href":"https:\/\/www.europesays.com\/fr\/wp-json\/wp\/v2\/types\/post"}],"author":[{"embeddable":true,"href":"https:\/\/www.europesays.com\/fr\/wp-json\/wp\/v2\/users\/2"}],"replies":[{"embeddable":true,"href":"https:\/\/www.europesays.com\/fr\/wp-json\/wp\/v2\/comments?post=186523"}],"version-history":[{"count":0,"href":"https:\/\/www.europesays.com\/fr\/wp-json\/wp\/v2\/posts\/186523\/revisions"}],"wp:featuredmedia":[{"embeddable":true,"href":"https:\/\/www.europesays.com\/fr\/wp-json\/wp\/v2\/media\/186524"}],"wp:attachment":[{"href":"https:\/\/www.europesays.com\/fr\/wp-json\/wp\/v2\/media?parent=186523"}],"wp:term":[{"taxonomy":"category","embeddable":true,"href":"https:\/\/www.europesays.com\/fr\/wp-json\/wp\/v2\/categories?post=186523"},{"taxonomy":"post_tag","embeddable":true,"href":"https:\/\/www.europesays.com\/fr\/wp-json\/wp\/v2\/tags?post=186523"}],"curies":[{"name":"wp","href":"https:\/\/api.w.org\/{rel}","templated":true}]}}