{"id":186525,"date":"2025-06-18T18:39:11","date_gmt":"2025-06-18T18:39:11","guid":{"rendered":"https:\/\/www.europesays.com\/fr\/186525\/"},"modified":"2025-06-18T18:39:11","modified_gmt":"2025-06-18T18:39:11","slug":"comment-leau-froide-de-la-seine-permet-de-rafraichir-paris-liberation","status":"publish","type":"post","link":"https:\/\/www.europesays.com\/fr\/186525\/","title":{"rendered":"comment l\u2019eau froide de la Seine permet de rafra\u00eechir Paris \u2013 Lib\u00e9ration"},"content":{"rendered":"<p class=\"sc-ksZaOG ehjQrN text-element\">Il vrombit sous les pattes des Parisiens depuis vingt ans, sans que personne s\u2019en rende compte. Un syst\u00e8me de 110 kilom\u00e8tres de tuyaux d\u2019une eau \u00e0 4 \u00b0C circule dans les tr\u00e9fonds de la capitale, 24 heures sur 24, pour maintenir au frais quelque 867 b\u00e2timents de la ville comme le Louvre, le mus\u00e9e du Quai Branly, l\u2019Op\u00e9ra Garnier, le Forum des Halles, les grands magasins ou encore l\u2019Assembl\u00e9e nationale. Au total, il rafra\u00eechit cinq des vingt millions de m\u00e8tres carr\u00e9s tertiaires \u00e0 Paris (bureaux, grands magasins, mus\u00e9es, salles de spectacles\u2026).<\/p>\n<p class=\"sc-ksZaOG ehjQrN text-element\">Le r\u00e9seau, compos\u00e9 de douze centrales de production de froid et consid\u00e9r\u00e9 comme le plus grand d\u2019Europe, fonctionne via un syst\u00e8me d\u2019\u00e9changeur thermique entre les canalisations du r\u00e9seau de froid et celles du r\u00e9seau interne du b\u00e2timent. <a href=\"https:\/\/www.liberation.fr\/societe\/ville\/canicule-comment-une-partie-de-paris-se-refroidit-sans-clim-20230823_WKFKHJINSVBFDGN6VP2R3HLFR4\/?redirected=1\" target=\"_blank\" rel=\"noopener\" title=\"https:\/\/www.liberation.fr\/societe\/ville\/canicule-comment-une-partie-de-paris-se-refroidit-sans-clim-20230823_WKFKHJINSVBFDGN6VP2R3HLFR4\/?redirected=1\">V\u00e9ritable alternative \u00e9cologique aux climatiseurs<\/a>, il ne rejette pas d\u2019air chaud dans les rues, et offre d\u2019importants gains de consommation \u00e9nerg\u00e9tique (-50 %), d\u2019eau (-65 %), d\u2019utilisation de produits chimiques (-80 %) et d\u2019\u00e9missions de CO2 (-50 %), pr\u00e9cise Fra\u00eecheur de Paris, une soci\u00e9t\u00e9 cod\u00e9tenue par Engie, qui g\u00e8re une centaine de r\u00e9seaux de froid \u00e0 l\u2019\u00e9tranger dont ceux qui circulent sous Barcelone, Singapour et Duba\u00ef.<\/p>\n<p class=\"sc-ksZaOG ehjQrN text-element\">\u00abAvec les thermom\u00e8tres qui s\u2019envolent, les villes ont besoin de remplacer les solutions autonomes comme les climatiseurs individuels, qui contribuent \u00e0 r\u00e9chauffer encore davantage l\u2019atmosph\u00e8re\u00bb, explique Rapha\u00eblle Nayral, secr\u00e9taire g\u00e9n\u00e9rale de Fra\u00eecheur de Paris. \u00abA Paris, o\u00f9 les vagues de chaleur pourraient faire monter le thermom\u00e8tre jusqu\u2019\u00e0 50\u00b0C en 2050, si on n\u2019offre pas d\u2019alternatives \u00e0 la climatisation, <a href=\"https:\/\/www.liberation.fr\/environnement\/climat\/rechauffement-un-pic-a-50c-est-possible-a-paris-des-2049-20240927_A2JJBLPSQVAWHO6QDVZTMTUETI\/\" target=\"_blank\" rel=\"noopener\" title=\"https:\/\/www.liberation.fr\/environnement\/climat\/rechauffement-un-pic-a-50c-est-possible-a-paris-des-2049-20240927_A2JJBLPSQVAWHO6QDVZTMTUETI\/\">cette ville sera compl\u00e8tement inhabitable<\/a>\u00bb, poursuit-elle.<\/p>\n<p class=\"sc-ksZaOG ehjQrN text-element\">Dans des zones fortement \u00e9quip\u00e9es en climatisations, les \u00e9tudes apportent la d\u00e9monstration que <a href=\"https:\/\/www.liberation.fr\/environnement\/climat\/climatiseurs-maintenir-la-temperature-a-26c-nest-pas-tres-rafraichissant-mais-on-consomme-beaucoup-moins-denergie-quavec-un-reglage-a-20c-20230709_G2QXFMPHVRFJ5H2QNPWZAO33OY\/\" target=\"_blank\" rel=\"noreferrer noopener\" title=\"https:\/\/www.liberation.fr\/environnement\/climat\/climatiseurs-maintenir-la-temperature-a-26c-nest-pas-tres-rafraichissant-mais-on-consomme-beaucoup-moins-denergie-quavec-un-reglage-a-20c-20230709_G2QXFMPHVRFJ5H2QNPWZAO33OY\/\">des villes sur\u00e9quip\u00e9es en clim<\/a> voient leur chaleur augmenter de 0,5 degr\u00e9, une hausse qui pourrait se porter \u00e0 + 2, voire + 3 degr\u00e9s si le taux d\u2019\u00e9quipement continue de progresser. Outre ce d\u00e9gagement de chaleur, les climatisations sont responsables de 7% des \u00e9missions mondiales de gaz \u00e0 effet de serre, selon l\u2019ONU, en raison de la tendance des gaz r\u00e9frig\u00e9rants \u00e0 fuir.<\/p>\n<p class=\"sc-ksZaOG ehjQrN text-element\">S\u2019il existe depuis 1991 dans la capitale, ce syst\u00e8me est utilis\u00e9 depuis les ann\u00e9es 1950, notamment au si\u00e8ge de l\u2019ONU \u00e0 New York qui se refroidit avec l\u2019East River. Mais il n\u00e9cessite tant de planification urbaine et de travaux qu\u2019il reste rare : la France n\u2019en comptait encore qu\u2019une quarantaine en 2023, principalement dans les grandes agglom\u00e9rations.<\/p>\n<p class=\"sc-ksZaOG ehjQrN text-element\">M\u00eame si ce r\u00e9seau de froid dessert principalement des b\u00e2timents tertiaires \u00e0 Paris, l\u2019id\u00e9e est de l\u2019\u00e9tendre \u00e0 des maisons de retraite, \u00e9coles ou cr\u00e8ches. \u00abOn a un premier h\u00f4pital, celui des Quinze-Vingts [\u00e0 Paris, ndlr], qui vient d\u2019\u00eatre raccord\u00e9. D\u2019ici \u00e0 2042, le r\u00e9seau devrait \u00eatre plus que doubl\u00e9, avec 245 km de r\u00e9seaux de distribution pour offrir de nouvelles coques de fra\u00eecheur quand la ville est en surchauffe\u00bb, explique Rapha\u00eblle Nayral. Pour les particuliers, cela sera \u00ab\u00e0 plus long terme\u00bb, en raison des multiples r\u00e9novations n\u00e9cessaires pour raccorder les immeubles d\u2019habitation au r\u00e9seau.<\/p>\n","protected":false},"excerpt":{"rendered":"Il vrombit sous les pattes des Parisiens depuis vingt ans, sans que personne s\u2019en rende compte. Un syst\u00e8me&hellip;\n","protected":false},"author":2,"featured_media":186526,"comment_status":"","ping_status":"","sticky":false,"template":"","format":"standard","meta":{"footnotes":""},"categories":[1888],"tags":[1111,1928,11,1927,6698,1777,674,1011,27,12,1926,626,1925,5140,25,13527],"class_list":{"0":"post-186525","1":"post","2":"type-post","3":"status-publish","4":"format-standard","5":"has-post-thumbnail","7":"category-paris","8":"tag-actu","9":"tag-actu-paris","10":"tag-actualites","11":"tag-actualites-paris","12":"tag-canicule","13":"tag-eu","14":"tag-europe","15":"tag-fr","16":"tag-france","17":"tag-news","18":"tag-news-paris","19":"tag-paris","20":"tag-paris-news","21":"tag-rechauffement-climatique","22":"tag-republique-francaise","23":"tag-seine"},"share_on_mastodon":{"url":"https:\/\/pubeurope.com\/@fr\/114705829980515906","error":""},"_links":{"self":[{"href":"https:\/\/www.europesays.com\/fr\/wp-json\/wp\/v2\/posts\/186525","targetHints":{"allow":["GET"]}}],"collection":[{"href":"https:\/\/www.europesays.com\/fr\/wp-json\/wp\/v2\/posts"}],"about":[{"href":"https:\/\/www.europesays.com\/fr\/wp-json\/wp\/v2\/types\/post"}],"author":[{"embeddable":true,"href":"https:\/\/www.europesays.com\/fr\/wp-json\/wp\/v2\/users\/2"}],"replies":[{"embeddable":true,"href":"https:\/\/www.europesays.com\/fr\/wp-json\/wp\/v2\/comments?post=186525"}],"version-history":[{"count":0,"href":"https:\/\/www.europesays.com\/fr\/wp-json\/wp\/v2\/posts\/186525\/revisions"}],"wp:featuredmedia":[{"embeddable":true,"href":"https:\/\/www.europesays.com\/fr\/wp-json\/wp\/v2\/media\/186526"}],"wp:attachment":[{"href":"https:\/\/www.europesays.com\/fr\/wp-json\/wp\/v2\/media?parent=186525"}],"wp:term":[{"taxonomy":"category","embeddable":true,"href":"https:\/\/www.europesays.com\/fr\/wp-json\/wp\/v2\/categories?post=186525"},{"taxonomy":"post_tag","embeddable":true,"href":"https:\/\/www.europesays.com\/fr\/wp-json\/wp\/v2\/tags?post=186525"}],"curies":[{"name":"wp","href":"https:\/\/api.w.org\/{rel}","templated":true}]}}