{"id":186530,"date":"2025-06-18T18:43:13","date_gmt":"2025-06-18T18:43:13","guid":{"rendered":"https:\/\/www.europesays.com\/fr\/186530\/"},"modified":"2025-06-18T18:43:13","modified_gmt":"2025-06-18T18:43:13","slug":"le-senat-francais-secoue-et-le-bilan-des-frappes-russes-sur-kiev-salourdit","status":"publish","type":"post","link":"https:\/\/www.europesays.com\/fr\/186530\/","title":{"rendered":"Le S\u00e9nat fran\u00e7ais secou\u00e9 et le bilan des frappes russes sur Kiev s\u2019alourdit"},"content":{"rendered":"<p><strong>R\u00e9cap &#8211; \u00ab 20 Minutes \u00bb fait le point pour vous tous les soirs sur le conflit en Ukraine. Ce mercredi, l\u2019Ukrainien Ruslan Stefanchouk a prononc\u00e9 un discours \u00e9mouvant \u00e0 Paris<\/strong><\/p>\n<p>Vous avez rat\u00e9 les derniers \u00e9v\u00e9nements sur la <a href=\"https:\/\/www.20minutes.fr\/monde\/ukraine\/?at_medium=RSS%20feed&amp;at_campaign=ynews&amp;utm_source=yahoo&amp;utm_medium=rss&amp;utm_campaign=news_feed&amp;utm_content=in_article_link\" rel=\"nofollow noopener\" target=\"_blank\" data-ylk=\"slk:guerre en Ukraine;elm:context_link;itc:0;sec:content-canvas\" class=\"link \">guerre en Ukraine<\/a> ? 20 Minutes fait le point pour vous tous les soirs. Voici l\u2019essentiel de ce mercredi 18 juin 2025, 1.211e jour du conflit.<\/p>\n<p>Le fait du jour<\/p>\n<p>S\u00e9quence <a href=\"https:\/\/www.youtube.com\/watch?v=fydBxLrHL-c&amp;at_medium=RSS%20feed&amp;at_campaign=ynews&amp;utm_source=yahoo&amp;utm_medium=rss&amp;utm_campaign=news_feed&amp;utm_content=in_article_link\" rel=\"nofollow noopener\" target=\"_blank\" data-ylk=\"slk:solenelle et emplie de gravit\u00e9;elm:context_link;itc:0;sec:content-canvas\" class=\"link \">solenelle et emplie de gravit\u00e9<\/a> ce mercredi au <a href=\"https:\/\/www.20minutes.fr\/dossier\/senat?at_medium=RSS%20feed&amp;at_campaign=ynews&amp;utm_source=yahoo&amp;utm_medium=rss&amp;utm_campaign=news_feed&amp;utm_content=in_article_link\" rel=\"nofollow noopener\" target=\"_blank\" data-ylk=\"slk:S\u00e9nat;elm:context_link;itc:0;sec:content-canvas\" class=\"link \">S\u00e9nat<\/a> \u00e0 Paris. Le pr\u00e9sident de <a href=\"https:\/\/www.rada.gov.ua\/en?at_medium=RSS%20feed&amp;at_campaign=ynews&amp;utm_source=yahoo&amp;utm_medium=rss&amp;utm_campaign=news_feed&amp;utm_content=in_article_link\" rel=\"nofollow noopener\" target=\"_blank\" data-ylk=\"slk:la Rada;elm:context_link;itc:0;sec:content-canvas\" class=\"link \">la Rada<\/a>, le Parlement ukrainien, Ruslan Stefanchouk, a adress\u00e9 devant les s\u00e9nateurs fran\u00e7ais un \u00ab Appel du 18 juin \u00bb, 85 ans apr\u00e8s celui du g\u00e9n\u00e9ral de Gaulle. \u00ab Je comprends \u00e0 quel point son Appel du 18 juin aux Fran\u00e7ais et aux Alli\u00e9s est aujourd\u2019hui d\u2019actualit\u00e9 \u00bb, a-t-il affirm\u00e9 \u00e0 la tribune. \u00ab S\u2019il sonnait aujourd\u2019hui, il s\u2019agirait d\u2019un appel \u00e0 la r\u00e9silience, d\u2019un appel \u00e0 l\u2019unit\u00e9, d\u2019un appel \u00e0 la d\u00e9termination profonde \u00bb, a-t-il ajout\u00e9. \u00ab Votre histoire et la n\u00f4tre nous enseignent que la capitulation n\u2019a jamais \u00e9t\u00e9 une option. \u00bb<\/p>\n<p>Ruslan Stefanchouk a appel\u00e9 la France \u00e0 se positionner pour des \u00ab sanctions impitoyables \u00bb envers la Russie, estimant que \u00ab l\u2019aide \u00bb demand\u00e9e \u00e9tait \u00ab d\u2019importance vitale \u00bb pour l\u2019Ukraine, non seulement pour sa \u00ab d\u00e9fense contre l\u2019agression \u00bb mais aussi pour son \u00ab chemin vers l\u2019Union europ\u00e9enne \u00bb. \u00ab J\u2019aimerais que nos partenaires d\u00e9fendent l\u2019Ukraine avec autant d\u2019acharnement que la Russie veut d\u00e9truire l\u2019Ukraine \u00bb, \u00ab sans demi-action, sans demi-d\u00e9cision, mais pleinement, tous les jours et jusqu\u2019au bout \u00bb, a-t-il encore interpell\u00e9.<\/p>\n<p>Les s\u00e9nateurs, debout, ont longuement rendu hommage, par des applaudissements sur l\u2019int\u00e9gralit\u00e9 des bancs, au \u00ab courage et \u00e0 la d\u00e9terminat(&#8230;)<\/p>\n<p><a href=\"https:\/\/www.20minutes.fr\/monde\/ukraine\/4159237-20250618-guerre-ukraine-senat-francais-secoue-bilan-frappes-russes-kiev-alourdit?at_medium=RSS%20feed&amp;at_campaign=ynews&amp;utm_source=yahoo&amp;utm_medium=rss&amp;utm_campaign=news_feed&amp;utm_content=read_more_link\" rel=\"nofollow noopener\" target=\"_blank\" data-ylk=\"slk:Lire la suite sur 20minutes;elm:context_link;itc:0;sec:content-canvas\" class=\"link \">Lire la suite sur 20minutes<\/a><\/p>\n<p>\u00c0 lire aussi :<br \/><a href=\"https:\/\/www.20minutes.fr\/societe\/4159028-20250618-salon-bourget-delegations-industriels-plus-focalises-guerre-ukraine-conflit-israel-iran?at_medium=RSS%20feed&amp;at_campaign=ynews&amp;utm_source=yahoo&amp;utm_medium=rss&amp;utm_campaign=news_feed&amp;utm_content=related_content_link\" rel=\"nofollow noopener\" target=\"_blank\" data-ylk=\"slk:Salon du Bourget : Les d\u00e9l\u00e9gations et industriels plus focalis\u00e9s sur la guerre en Ukraine que le conflit Isra\u00ebl-Iran;elm:context_link;itc:0;sec:content-canvas\" class=\"link \">Salon du Bourget : Les d\u00e9l\u00e9gations et industriels plus focalis\u00e9s sur la guerre en Ukraine que le conflit Isra\u00ebl-Iran<\/a><br \/><a href=\"https:\/\/www.20minutes.fr\/monde\/ukraine\/4159027-20250617-guerre-ukraine-russie-lamine-kiev-coree-nord-va-encore-aider-moscou?at_medium=RSS%20feed&amp;at_campaign=ynews&amp;utm_source=yahoo&amp;utm_medium=rss&amp;utm_campaign=news_feed&amp;utm_content=related_content_link\" rel=\"nofollow noopener\" target=\"_blank\" data-ylk=\"slk:Guerre en Ukraine : La Russie lamine la capitale Kiev, la Cor\u00e9e du Nord va encore aider Moscou;elm:context_link;itc:0;sec:content-canvas\" class=\"link \">Guerre en Ukraine : La Russie lamine la capitale Kiev, la Cor\u00e9e du Nord va encore aider Moscou<\/a><\/p>\n","protected":false},"excerpt":{"rendered":"R\u00e9cap &#8211; \u00ab 20 Minutes \u00bb fait le point pour vous tous les soirs sur le conflit en&hellip;\n","protected":false},"author":2,"featured_media":186531,"comment_status":"","ping_status":"","sticky":false,"template":"","format":"standard","meta":{"footnotes":""},"categories":[1591],"tags":[28859,642,11,1887,5493,12,32434,1885,1886,132,220],"class_list":{"0":"post-186530","1":"post","2":"type-post","3":"status-publish","4":"format-standard","5":"has-post-thumbnail","7":"category-russie","8":"tag-18-juin","9":"tag-20-minutes","10":"tag-actualites","11":"tag-federation-de-russie","12":"tag-lukraine","13":"tag-news","14":"tag-ruslan-stefanchouk","15":"tag-russia","16":"tag-russian-federation","17":"tag-russie","18":"tag-ukraine"},"share_on_mastodon":{"url":"https:\/\/pubeurope.com\/@fr\/114705845709772887","error":""},"_links":{"self":[{"href":"https:\/\/www.europesays.com\/fr\/wp-json\/wp\/v2\/posts\/186530","targetHints":{"allow":["GET"]}}],"collection":[{"href":"https:\/\/www.europesays.com\/fr\/wp-json\/wp\/v2\/posts"}],"about":[{"href":"https:\/\/www.europesays.com\/fr\/wp-json\/wp\/v2\/types\/post"}],"author":[{"embeddable":true,"href":"https:\/\/www.europesays.com\/fr\/wp-json\/wp\/v2\/users\/2"}],"replies":[{"embeddable":true,"href":"https:\/\/www.europesays.com\/fr\/wp-json\/wp\/v2\/comments?post=186530"}],"version-history":[{"count":0,"href":"https:\/\/www.europesays.com\/fr\/wp-json\/wp\/v2\/posts\/186530\/revisions"}],"wp:featuredmedia":[{"embeddable":true,"href":"https:\/\/www.europesays.com\/fr\/wp-json\/wp\/v2\/media\/186531"}],"wp:attachment":[{"href":"https:\/\/www.europesays.com\/fr\/wp-json\/wp\/v2\/media?parent=186530"}],"wp:term":[{"taxonomy":"category","embeddable":true,"href":"https:\/\/www.europesays.com\/fr\/wp-json\/wp\/v2\/categories?post=186530"},{"taxonomy":"post_tag","embeddable":true,"href":"https:\/\/www.europesays.com\/fr\/wp-json\/wp\/v2\/tags?post=186530"}],"curies":[{"name":"wp","href":"https:\/\/api.w.org\/{rel}","templated":true}]}}