{"id":186538,"date":"2025-06-18T18:47:10","date_gmt":"2025-06-18T18:47:10","guid":{"rendered":"https:\/\/www.europesays.com\/fr\/186538\/"},"modified":"2025-06-18T18:47:10","modified_gmt":"2025-06-18T18:47:10","slug":"allemagne-le-pas-de-merz-vers-les-lander-pour-faire-passer-son-plan-de-relance","status":"publish","type":"post","link":"https:\/\/www.europesays.com\/fr\/186538\/","title":{"rendered":"Allemagne : le pas de Merz vers les L\u00e4nder pour faire passer son plan de relance"},"content":{"rendered":"<p>                Les faits &#8211;<\/p>\n<p>Le chancelier allemand et les repr\u00e9sentants des L\u00e4nder ont convenu, mercredi, d\u2019all\u00e9ger la part des communes dans le financement du plan de relance de l\u2019investissement. Un compromis doit \u00eatre pr\u00e9sent\u00e9 avec le vote final au Bundestag le 26 juin.<\/p>\n<p>Apr\u00e8s la grande sc\u00e8ne internationale, la salle des machines. A son retour du G7, Friedrich Merz \u00e9tait attendu mercredi par les responsables des L\u00e4nder. Au menu de ce rendez-vous, report\u00e9 d\u00e9but juin en raison de <a class=\"Link \" href=\"https:\/\/www.lopinion.fr\/international\/le-chancelier-merz-sur-ses-gardes-fait-son-premier-deplacement-a-washington\" rel=\"nofollow noopener\" target=\"_blank\">la visite inaugurale du chancelier allemand \u00e0 Washington<\/a>, figurait <a class=\"Link \" href=\"https:\/\/www.lopinion.fr\/international\/berlin-lance-une-serie-de-mesures-de-soutien-a-linvestissement\" rel=\"nofollow noopener\" target=\"_blank\">le plan de relance de l\u2019investissement du nouveau gouvernement<\/a>. Les all\u00e8gements fiscaux \u00e0 destination des entreprises repr\u00e9sentent 48 milliards d\u2019euros de recettes fiscales en moins pour la p\u00e9riode 2025-2029. La part des collectivit\u00e9s locales (L\u00e4nder et communes) s&rsquo;\u00e9l\u00e8ve \u00e0 plus 30 milliards. Beaucoup trop \u00e0 leur go\u00fbt au regard de finances souvent tendues. A l\u2019exception de la Bavi\u00e8re, les capitales r\u00e9gionales, toutes couleurs politiques confondues, demandent donc une compensation financi\u00e8re.<\/p>\n","protected":false},"excerpt":{"rendered":"Les faits &#8211; Le chancelier allemand et les repr\u00e9sentants des L\u00e4nder ont convenu, mercredi, d\u2019all\u00e9ger la part des&hellip;\n","protected":false},"author":2,"featured_media":186539,"comment_status":"","ping_status":"","sticky":false,"template":"","format":"standard","meta":{"footnotes":""},"categories":[1587],"tags":[11,672,1804,1805,1803,1777,674,1801,12,1802],"class_list":{"0":"post-186538","1":"post","2":"type-post","3":"status-publish","4":"format-standard","5":"has-post-thumbnail","7":"category-allemagne","8":"tag-actualites","9":"tag-allemagne","10":"tag-bundesrepublik-deutschland","11":"tag-de","12":"tag-deutschland","13":"tag-eu","14":"tag-europe","15":"tag-germany","16":"tag-news","17":"tag-republique-federale-dallemagne"},"share_on_mastodon":{"url":"https:\/\/pubeurope.com\/@fr\/114705861488744621","error":""},"_links":{"self":[{"href":"https:\/\/www.europesays.com\/fr\/wp-json\/wp\/v2\/posts\/186538","targetHints":{"allow":["GET"]}}],"collection":[{"href":"https:\/\/www.europesays.com\/fr\/wp-json\/wp\/v2\/posts"}],"about":[{"href":"https:\/\/www.europesays.com\/fr\/wp-json\/wp\/v2\/types\/post"}],"author":[{"embeddable":true,"href":"https:\/\/www.europesays.com\/fr\/wp-json\/wp\/v2\/users\/2"}],"replies":[{"embeddable":true,"href":"https:\/\/www.europesays.com\/fr\/wp-json\/wp\/v2\/comments?post=186538"}],"version-history":[{"count":0,"href":"https:\/\/www.europesays.com\/fr\/wp-json\/wp\/v2\/posts\/186538\/revisions"}],"wp:featuredmedia":[{"embeddable":true,"href":"https:\/\/www.europesays.com\/fr\/wp-json\/wp\/v2\/media\/186539"}],"wp:attachment":[{"href":"https:\/\/www.europesays.com\/fr\/wp-json\/wp\/v2\/media?parent=186538"}],"wp:term":[{"taxonomy":"category","embeddable":true,"href":"https:\/\/www.europesays.com\/fr\/wp-json\/wp\/v2\/categories?post=186538"},{"taxonomy":"post_tag","embeddable":true,"href":"https:\/\/www.europesays.com\/fr\/wp-json\/wp\/v2\/tags?post=186538"}],"curies":[{"name":"wp","href":"https:\/\/api.w.org\/{rel}","templated":true}]}}