{"id":186542,"date":"2025-06-18T18:49:10","date_gmt":"2025-06-18T18:49:10","guid":{"rendered":"https:\/\/www.europesays.com\/fr\/186542\/"},"modified":"2025-06-18T18:49:10","modified_gmt":"2025-06-18T18:49:10","slug":"le-programme-de-la-fete-de-la-musique-a-eu","status":"publish","type":"post","link":"https:\/\/www.europesays.com\/fr\/186542\/","title":{"rendered":"Le programme de la f\u00eate de la musique \u00e0 Eu"},"content":{"rendered":"<p>            Par<br \/>\n        <strong><br \/>\n            <a href=\"https:\/\/actu.fr\/auteur\/redaction-informateur\" title=\"Consulter tous les articles de R\u00e9daction Eu\" target=\"_blank\" rel=\"noopener\">R\u00e9daction Eu<\/a><br \/>\n        <\/strong><\/p>\n<p>        Publi\u00e9 le<\/p>\n<p>            18 juin 2025 \u00e0 20h30        <\/p>\n<p>Samedi 21 juin 2025, la <b>musique<\/b> sera en f\u00eate \u00e0 <a href=\"https:\/\/actu.fr\/normandie\/eu_76255\" target=\"_blank\" rel=\"noopener\">Eu<\/a>, en <b>Seine-Maritime<\/b>.<\/p>\n<p class=\" wall-content\">Plusieurs concerts seront propos\u00e9s pour patienter jusqu\u2019\u00e0 l\u2019embrasement du <b>feu de la Saint-Jean<\/b>. C\u2019est l\u2019occasion de c\u00e9l\u00e9brer le <b>solstice d\u2019\u00e9t\u00e9<\/b> !<\/p>\n<p>Le programme<\/p>\n<p class=\" wall-content\">De 11 h \u00e0 12 h, une <b>batucada<\/b> va d\u00e9ambuler entre le stade Franchet et la place Guillaume le Conqu\u00e9rant.<\/p>\n<p class=\" wall-content\">Sur la place Guillaume le Conqu\u00e9rant, diff\u00e9rents groupes vont se succ\u00e9der.<\/p>\n<ul class=\" wall-content\">\n<li>De 13 h \u00e0 14 h, Sound\u2019s Up.<\/li>\n<li>De 14 h 30 \u00e0 15 h 30, les Lombrics Bleus.<\/li>\n<li>De 16 h \u00e0 17 h, Herv\u00e9 Pottier.<\/li>\n<li>De 18 h \u00e0 19 h 30, les Golden Boys.<\/li>\n<\/ul>\n<p class=\" wall-content\">La f\u00eate va se d\u00e9placer dans le parc du Ch\u00e2teau, avec des concerts de Unyk \u00e0 21 h et d\u2019Arythmi \u00e0 22 h 15. Restauration et buvette sur place.<\/p>\n<p>Vid\u00e9os : en ce moment sur Actu<\/p>\n<p class=\" wall-content\">L\u2019embrasement du feu de la Saint-Jean <b>est pr\u00e9vu \u00e0 23 h<\/b>.<\/p>\n<p>Circulation<\/p>\n<p class=\" wall-content\">Il sera interdit de circuler et de stationner sur la place Guillaume le Conqu\u00e9rant, afin d\u2019y installer une sc\u00e8ne.<\/p>\n<p>    <a href=\"https:\/\/maps.google.com\/maps?q=50.0483293,1.4198256&amp;z=15&amp;output=embed\" title=\"Ouvrie le lien\" target=\"_blank\" rel=\"noopener\">Cliquez ici pour visualiser le contenu<\/a><\/p>\n<p class=\" wall-content\">Des rues seront <b>ferm\u00e9es \u00e0 la circulation<\/b> : une partie de la rue Jean Duhornay \u00e0 partir du Cr\u00e9dit du Nord, la rue Paul Bignon, la rue du Coll\u00e8ge et la rue de Guise.<\/p>\n<p class=\" wall-content\">Suivez toute l\u2019actualit\u00e9 de vos villes et m\u00e9dias favoris en vous inscrivant \u00e0 <a href=\"https:\/\/moncompte.actu.fr\" title=\"D\u00e9couvez Mon Actu\" rel=\"nofollow noopener\" data-trk=\"{&quot;cta&quot;:{&quot;action&quot;:&quot;https:\\\/\\\/moncompte.actu.fr&quot;,&quot;category&quot;:&quot;mon compte&quot;,&quot;from&quot;:&quot;article footer&quot;,&quot;name&quot;:&quot;Mon actu&quot;,&quot;type&quot;:&quot;cta&quot;}}\" target=\"_blank\">Mon Actu<\/a>.<\/p>\n","protected":false},"excerpt":{"rendered":"Par R\u00e9daction Eu Publi\u00e9 le 18 juin 2025 \u00e0 20h30 Samedi 21 juin 2025, la musique sera en&hellip;\n","protected":false},"author":2,"featured_media":186543,"comment_status":"","ping_status":"","sticky":false,"template":"","format":"standard","meta":{"footnotes":""},"categories":[1586],"tags":[11,1697,1777,674,1779,25885,1011,27,1652,12,25,1778,364,3587],"class_list":{"0":"post-186542","1":"post","2":"type-post","3":"status-publish","4":"format-standard","5":"has-post-thumbnail","7":"category-europe","8":"tag-actualites","9":"tag-concert","10":"tag-eu","11":"tag-europe","12":"tag-european-union","13":"tag-fete-de-la-musique","14":"tag-fr","15":"tag-france","16":"tag-loisirs-culture","17":"tag-news","18":"tag-republique-francaise","19":"tag-ue","20":"tag-union-europeenne","21":"tag-villes-soeurs"},"share_on_mastodon":{"url":"https:\/\/pubeurope.com\/@fr\/114705869335085850","error":""},"_links":{"self":[{"href":"https:\/\/www.europesays.com\/fr\/wp-json\/wp\/v2\/posts\/186542","targetHints":{"allow":["GET"]}}],"collection":[{"href":"https:\/\/www.europesays.com\/fr\/wp-json\/wp\/v2\/posts"}],"about":[{"href":"https:\/\/www.europesays.com\/fr\/wp-json\/wp\/v2\/types\/post"}],"author":[{"embeddable":true,"href":"https:\/\/www.europesays.com\/fr\/wp-json\/wp\/v2\/users\/2"}],"replies":[{"embeddable":true,"href":"https:\/\/www.europesays.com\/fr\/wp-json\/wp\/v2\/comments?post=186542"}],"version-history":[{"count":0,"href":"https:\/\/www.europesays.com\/fr\/wp-json\/wp\/v2\/posts\/186542\/revisions"}],"wp:featuredmedia":[{"embeddable":true,"href":"https:\/\/www.europesays.com\/fr\/wp-json\/wp\/v2\/media\/186543"}],"wp:attachment":[{"href":"https:\/\/www.europesays.com\/fr\/wp-json\/wp\/v2\/media?parent=186542"}],"wp:term":[{"taxonomy":"category","embeddable":true,"href":"https:\/\/www.europesays.com\/fr\/wp-json\/wp\/v2\/categories?post=186542"},{"taxonomy":"post_tag","embeddable":true,"href":"https:\/\/www.europesays.com\/fr\/wp-json\/wp\/v2\/tags?post=186542"}],"curies":[{"name":"wp","href":"https:\/\/api.w.org\/{rel}","templated":true}]}}