{"id":186547,"date":"2025-06-18T18:52:18","date_gmt":"2025-06-18T18:52:18","guid":{"rendered":"https:\/\/www.europesays.com\/fr\/186547\/"},"modified":"2025-06-18T18:52:18","modified_gmt":"2025-06-18T18:52:18","slug":"la-france-va-prendre-une-initiative-pour-proposer-un-reglement-negocie-exigeant","status":"publish","type":"post","link":"https:\/\/www.europesays.com\/fr\/186547\/","title":{"rendered":"la France va prendre \u00ab\u00a0une initiative\u00a0\u00bb pour \u00ab\u00a0proposer un r\u00e8glement n\u00e9goci\u00e9 exigeant\u00a0\u00bb"},"content":{"rendered":"<p class=\"article-p mdl\">Un Conseil de d\u00e9fense et de s\u00e9curit\u00e9 nationale se tenait ce mercredi 18 juin \u00e0 l&rsquo;\u00c9lys\u00e9e pour \u00e9voquer la situation au Moyen-Orient. Le climat reste tendu entre Isra\u00ebl et l&rsquo;Iran. Emmanuel Macron a demand\u00e9 \u00e0 Jean-No\u00ebl Barrot, le chef de la diplomatie fran\u00e7aise, de prendre \u00ab\u00a0dans les prochains jours une initiative, avec les proches partenaires europ\u00e9ens, afin de proposer un r\u00e8glement n\u00e9goci\u00e9 exigeant, de nature \u00e0 mettre fin au conflit\u00a0\u00bb.\u00a0<\/p>\n<p class=\"article-p mdl\">L&rsquo;\u00c9lys\u00e9e, dans un communiqu\u00e9, a fait savoir que le chef de l&rsquo;\u00c9tat, lors de ce rendez-vous, \u00ab\u00a0a marqu\u00e9 sa pr\u00e9occupation sur l&rsquo;escalade en cours, avec des\u00a0<a class=\"link\" href=\"https:\/\/www.rtl.fr\/actu\/international\/conflit-israel-iran-l-armee-israelienne-annonce-avoir-tue-l-un-des-plus-hauts-grades-de-l-armee-iranienne-7900516485\" title=\"Conflit Isra\u00ebl-Iran : l&#039;arm\u00e9e isra\u00e9lienne annonce avoir tu\u00e9 l&#039;un des plus hauts grad\u00e9s de l&#039;arm\u00e9e iranienne\" rel=\"nofollow noopener\" target=\"_blank\">frappes isra\u00e9liennes<\/a>\u00a0qui visent de plus en plus des objectifs sans lien avec le programme nucl\u00e9aire et balistique iranien, et <strong>un nombre croissant de victimes civiles en Iran et en Isra\u00ebl<\/strong>\u00ab\u00a0.<\/p>\n<p class=\"article-p mdl\">Selon le pr\u00e9sident de la R\u00e9publique, il est \u00ab\u00a0n\u00e9cessaire de<strong> mettre urgemment fin \u00e0 ces op\u00e9rations militaires<\/strong>\u00ab\u00a0. Plus t\u00f4t dans la journ\u00e9e,<a class=\"link\" href=\"https:\/\/www.rtl.fr\/actu\/international\/israel-iran-donald-trump-assure-que-teheran-est-en-contact-avec-washington-pour-negocier-7900517035\" title=\"Isra\u00ebl-Iran : Donald Trump assure que T\u00e9h\u00e9ran est en contact avec Washington pour n\u00e9gocier\" rel=\"nofollow noopener\" target=\"_blank\"> Donald Trump<\/a>\u00a0a r\u00e9v\u00e9l\u00e9 que T\u00e9h\u00e9ran \u00e9tait entr\u00e9 en contact avec Washington pour n\u00e9gocier. Le locataire de la Maison-Blanche a n\u00e9anmoins laiss\u00e9 planer le doute sur d\u2019\u00e9ventuelles frappes am\u00e9ricaines contre l\u2019Iran.\u00a0\u00ab\u00a0<strong>Je vais peut-\u00eatre le faire, peut-\u00eatre pas<\/strong>\u00ab\u00a0, a-t-il d\u00e9clar\u00e9.<\/p>\n<p class=\"article-p mdl\">Emmanuel Macron \u00ab\u00a0a soulign\u00e9 qu&rsquo;un r\u00e8glement durable du programme nucl\u00e9aire et balistique\u00a0\u00bb de l&rsquo;Iran \u00a0\u00bb ne pourra \u00eatre atteint que par la n\u00e9gociation\u00a0\u00bb, selon ce communiqu\u00e9. \u00ab\u00a0Il a en outre rappel\u00e9 la volont\u00e9 de la France d&rsquo;<strong>engager un dialogue sans concession avec l&rsquo;Iran sur ses activit\u00e9s de d\u00e9stabilisation r\u00e9gionale<\/strong>\u00ab\u00a0, a aussi indiqu\u00e9 l&rsquo;\u00c9lys\u00e9e.<\/p>\n<p class=\"article-p mdl\"><a class=\"link\" href=\"https:\/\/www.rtl.fr\/actu\/international\/conflit-israel-iran-on-a-besoin-des-etats-unis-pour-les-negociations-assure-emmanuel-macron-7900516733\" title=\"Conflit Isra\u00ebl-Iran : &quot;On a besoin des \u00c9tats-Unis&quot; pour les n\u00e9gociations, assure Emmanuel Macron\" rel=\"nofollow noopener\" target=\"_blank\">Emmanuel Macron<\/a>\u00a0a aussi demand\u00e9 au minist\u00e8re des Affaires \u00e9trang\u00e8res de \u00ab\u00a0<strong>prendre les mesures n\u00e9cessaires\u00a0\u00bb pour faciliter le d\u00e9part d&rsquo;Iran ou d&rsquo;Isra\u00ebl des ressortissants fran\u00e7ais<\/strong> qui le souhaitent alors que les bombardements entre les deux pays se poursuivent ce mercredi.\u00a0<\/p>\n<p>    La r\u00e9daction vous recommande<\/p>\n<p class=\"s-newsletter__title\">\n                L\u2019actualit\u00e9 par la r\u00e9daction de RTL dans votre bo\u00eete mail.\n            <\/p>\n<p class=\"s-newsletter__subtitle\">\n                Gr\u00e2ce \u00e0 votre compte RTL abonnez-vous \u00e0 la newsletter RTL info pour suivre toute l&rsquo;actualit\u00e9 au quotidien\n            <\/p>\n<p>\n                                    Lire la suite\n                                <\/p>\n","protected":false},"excerpt":{"rendered":"Un Conseil de d\u00e9fense et de s\u00e9curit\u00e9 nationale se tenait ce mercredi 18 juin \u00e0 l&rsquo;\u00c9lys\u00e9e pour \u00e9voquer&hellip;\n","protected":false},"author":2,"featured_media":186548,"comment_status":"","ping_status":"","sticky":false,"template":"","format":"standard","meta":{"footnotes":""},"categories":[4],"tags":[11,1073,107,1011,27,3019,664,3257,12,25],"class_list":{"0":"post-186547","1":"post","2":"type-post","3":"status-publish","4":"format-standard","5":"has-post-thumbnail","7":"category-france","8":"tag-actualites","9":"tag-emmanuel-macron","10":"tag-fil-info","11":"tag-fr","12":"tag-france","13":"tag-iran","14":"tag-israel","15":"tag-moyen-orient","16":"tag-news","17":"tag-republique-francaise"},"share_on_mastodon":{"url":"https:\/\/pubeurope.com\/@fr\/114705881053479394","error":""},"_links":{"self":[{"href":"https:\/\/www.europesays.com\/fr\/wp-json\/wp\/v2\/posts\/186547","targetHints":{"allow":["GET"]}}],"collection":[{"href":"https:\/\/www.europesays.com\/fr\/wp-json\/wp\/v2\/posts"}],"about":[{"href":"https:\/\/www.europesays.com\/fr\/wp-json\/wp\/v2\/types\/post"}],"author":[{"embeddable":true,"href":"https:\/\/www.europesays.com\/fr\/wp-json\/wp\/v2\/users\/2"}],"replies":[{"embeddable":true,"href":"https:\/\/www.europesays.com\/fr\/wp-json\/wp\/v2\/comments?post=186547"}],"version-history":[{"count":0,"href":"https:\/\/www.europesays.com\/fr\/wp-json\/wp\/v2\/posts\/186547\/revisions"}],"wp:featuredmedia":[{"embeddable":true,"href":"https:\/\/www.europesays.com\/fr\/wp-json\/wp\/v2\/media\/186548"}],"wp:attachment":[{"href":"https:\/\/www.europesays.com\/fr\/wp-json\/wp\/v2\/media?parent=186547"}],"wp:term":[{"taxonomy":"category","embeddable":true,"href":"https:\/\/www.europesays.com\/fr\/wp-json\/wp\/v2\/categories?post=186547"},{"taxonomy":"post_tag","embeddable":true,"href":"https:\/\/www.europesays.com\/fr\/wp-json\/wp\/v2\/tags?post=186547"}],"curies":[{"name":"wp","href":"https:\/\/api.w.org\/{rel}","templated":true}]}}