{"id":186551,"date":"2025-06-18T18:56:09","date_gmt":"2025-06-18T18:56:09","guid":{"rendered":"https:\/\/www.europesays.com\/fr\/186551\/"},"modified":"2025-06-18T18:56:09","modified_gmt":"2025-06-18T18:56:09","slug":"atp-halle-ralf-weber-directeur-de-latp-500-de-halle-est-embarrasse-une-telle-chose-ne-sest-jamais-produite-en-32-ans-dhistoire","status":"publish","type":"post","link":"https:\/\/www.europesays.com\/fr\/186551\/","title":{"rendered":"ATP &#8211; Halle > Ralf Weber, directeur de l&rsquo;ATP 500 de Halle, est embarrass\u00e9\u00a0:\u00a0\u00ab\u00a0Une telle chose ne s&rsquo;est jamais produite en 32\u00a0ans d&rsquo;histoire\u00a0\u00bb"},"content":{"rendered":"<p>Le drame a \u00e9t\u00e9 \u00e9vit\u00e9 de peu lors du duel entre Alexander Zverev et Marcos Giron, ce mercredi \u00e0 Halle, lors\u00adqu\u2019une bande d\u2019un panneau publi\u00adci\u00adtaire s\u2019est d\u00e9ta\u00adch\u00e9e pour tomber sur un spectateur.<\/p>\n<p>Si la personne en ques\u00adtion semblait en bonne sant\u00e9 et qu\u2019elle a \u00e9t\u00e9 trans\u00adport\u00e9e \u00e0 l\u2019h\u00f4\u00adpital par pr\u00e9cau\u00adtion, le direc\u00adteur du tournoi alle\u00admand, class\u00e9 ATP 500, a tenu \u00e0 r\u00e9agir via un commu\u00adniqu\u00e9 officiel.\u00a0<\/p>\n<blockquote class=\"twitter-tweet\">\n<p lang=\"en\" dir=\"ltr\">\u201eThere has never been anything like this in our 32\u2010year tour\u00adna\u00adment history. We deeply regret the inci\u00addent,\u201c said Tournament Director Ralf Weber. <a href=\"https:\/\/t.co\/oFrcNjouTz\" data-wpel-link=\"external\" target=\"_blank\" rel=\"nofollow external noopener\">pic.twitter.com\/oFrcNjouTz<\/a><\/p>\n<p>\u2014 TERRA WORTMANN OPEN (@ATPHalle) <a href=\"https:\/\/twitter.com\/ATPHalle\/status\/1935335501814247468?ref_src=twsrc%5Etfw\" data-wpel-link=\"external\" target=\"_blank\" rel=\"nofollow external noopener\">June 18,\u00a02025<\/a><\/p><\/blockquote>\n<p><strong>\u00ab\u202fUne telle chose ne s\u2019est jamais produite en 32\u00a0ans d\u2019his\u00adtoire. Nous regret\u00adtons profon\u00add\u00e9\u00adment cet inci\u00addent. Nous soup\u00ad\u00e7on\u00adnons que les vis se sont desser\u00adr\u00e9es sous l\u2019effet des chocs contre les planches. Cela ne devrait pas se produire et nous nous en excu\u00adsons. Nous v\u00e9ri\u00adfie\u00adrons \u00e9gale\u00adment les autres planches et leurs fixa\u00adtions imm\u00e9\u00addia\u00adte\u00adment apr\u00e8s le match de Zverev.\u202f\u00bb<\/strong><\/p>\n<p class=\"post-published-date\" style=\"color: silver; font-size: 75%; text-align: left;\">Publi\u00e9 le mercredi 18 juin 2025 \u00e0 19:14<\/p>\n<p><script async src=\"https:\/\/platform.twitter.com\/widgets.js\" charset=\"utf-8\"><\/script><\/p>\n","protected":false},"excerpt":{"rendered":"Le drame a \u00e9t\u00e9 \u00e9vit\u00e9 de peu lors du duel entre Alexander Zverev et Marcos Giron, ce mercredi&hellip;\n","protected":false},"author":2,"featured_media":186552,"comment_status":"","ping_status":"","sticky":false,"template":"","format":"standard","meta":{"footnotes":""},"categories":[1415],"tags":[1011,27,60,1467,4542],"class_list":{"0":"post-186551","1":"post","2":"type-post","3":"status-publish","4":"format-standard","5":"has-post-thumbnail","7":"category-tennis","8":"tag-fr","9":"tag-france","10":"tag-sports","11":"tag-tennis","12":"tag-zverev"},"share_on_mastodon":{"url":"https:\/\/pubeurope.com\/@fr\/114705896775222070","error":""},"_links":{"self":[{"href":"https:\/\/www.europesays.com\/fr\/wp-json\/wp\/v2\/posts\/186551","targetHints":{"allow":["GET"]}}],"collection":[{"href":"https:\/\/www.europesays.com\/fr\/wp-json\/wp\/v2\/posts"}],"about":[{"href":"https:\/\/www.europesays.com\/fr\/wp-json\/wp\/v2\/types\/post"}],"author":[{"embeddable":true,"href":"https:\/\/www.europesays.com\/fr\/wp-json\/wp\/v2\/users\/2"}],"replies":[{"embeddable":true,"href":"https:\/\/www.europesays.com\/fr\/wp-json\/wp\/v2\/comments?post=186551"}],"version-history":[{"count":0,"href":"https:\/\/www.europesays.com\/fr\/wp-json\/wp\/v2\/posts\/186551\/revisions"}],"wp:featuredmedia":[{"embeddable":true,"href":"https:\/\/www.europesays.com\/fr\/wp-json\/wp\/v2\/media\/186552"}],"wp:attachment":[{"href":"https:\/\/www.europesays.com\/fr\/wp-json\/wp\/v2\/media?parent=186551"}],"wp:term":[{"taxonomy":"category","embeddable":true,"href":"https:\/\/www.europesays.com\/fr\/wp-json\/wp\/v2\/categories?post=186551"},{"taxonomy":"post_tag","embeddable":true,"href":"https:\/\/www.europesays.com\/fr\/wp-json\/wp\/v2\/tags?post=186551"}],"curies":[{"name":"wp","href":"https:\/\/api.w.org\/{rel}","templated":true}]}}