{"id":186557,"date":"2025-06-18T19:00:12","date_gmt":"2025-06-18T19:00:12","guid":{"rendered":"https:\/\/www.europesays.com\/fr\/186557\/"},"modified":"2025-06-18T19:00:12","modified_gmt":"2025-06-18T19:00:12","slug":"cyclisme-tour-de-suisse-la-5e-etape-parcours-et-profil-danger-pour-les-francais","status":"publish","type":"post","link":"https:\/\/www.europesays.com\/fr\/186557\/","title":{"rendered":"Cyclisme. Tour de Suisse &#8211; La 5e \u00e9tape : parcours et profil&#8230; danger pour les Fran\u00e7ais ?"},"content":{"rendered":"<p>La 5e \u00e9tape, celle de tous les dangers pour les Fran\u00e7ais ? Alors que <strong>Romain Gr\u00e9goire<\/strong> (Groupama-FDJ), <strong>K\u00e9vin Vauquelin<\/strong> (Ark\u00e9a-B&amp;B Hotels) et <strong>Julian Alaphilippe<\/strong> (Tudor) occupent les trois premi\u00e8res places du classement g\u00e9n\u00e9ral, les tricolores pourraient tout perdre ce jeudi. En effet, cette 5e \u00e9tape entre\u00a0La Punt et Santa Maria in Calanca est consid\u00e9r\u00e9e comme l&rsquo;\u00e9tape reine de cette 88e \u00e9dition du <a href=\"https:\/\/www.cyclismactu.net\/..\/news-tour-de-suisse-route-numero-de-joao-almeida-sur-4e-etape-gregoire-conserve-jaune-88429.html\" target=\"_blank\" rel=\"noopener\"><strong>Tour de Suisse<\/strong><\/a>. Le final sera jonch\u00e9 par trois ascension tr\u00e8s difficiles, avec le Passo San Bernardino (7,5km \u00e0 6%) dont le sommet se situe ) plus de 2000 m\u00e8tres d&rsquo;altitude et la double ascension de la Castaneda (4,5km \u00e0 9,8% et 6,3km \u00e0 9,5%), dont l&rsquo;arriv\u00e9e se situera au sommet du deuxi\u00e8me passage. L&rsquo;occasion parfaite pour des coureurs comme <strong>Joao Almeida <\/strong>(UAE Team Emirates XRG) ou autre <strong>Ben O&rsquo;Connor<\/strong> (Jayco AlUla) pour tenter de mettre en difficult\u00e9 le trio de Fran\u00e7ais, plus consid\u00e9r\u00e9s comme des puncheurs que des grimpeurs.<\/p>\n<p>Vid\u00e9o &#8211; Le r\u00e9sum\u00e9 de la 4e \u00e9tape du Tour de Suisse Lire la suite de l&rsquo;article&#13;<\/p>\n<p>\u00a0<\/p>\n<p>&#13;<br \/>\nLe profil de la 5e \u00e9tape&#13;<\/p>\n<p>Jeudi 19 juin &#8211; <strong>\u00c9tape 5<\/strong> : La Punt &#8211; Santa Maria in Calanca \/ 183,5 km (d\u00e9part \u00e0 12h05, arriv\u00e9e vers 17h)<\/p>\n<p>&#13;<\/p>\n<p><img decoding=\"async\" src=\"https:\/\/www.europesays.com\/fr\/wp-content\/uploads\/2025\/06\/tds5.jpg\" style=\"max-width:100%;max-height:100%;\" alt=\"image\" loading=\"lazy\"\/><\/p>\n<p>&#13;<\/p>\n<p>\u00a0<\/p>\n<p>&#13;<\/p>\n<p>\u00a0<\/p>\n<p>&#13;<br \/>\nLa liste de d\u00e9part&#13;<\/p>\n<p><strong>UAE TEAM EMIRATES-XRG<\/strong><br \/>1 CHRISTEN Jan<br \/>2 BJERG Mikkel<br \/>3 ALMEIDA Jo\u00e3o<br \/>4 GROSSSCHARTNER Felix<br \/>5 LAENGEN Vegard Stake<br \/>6 JOHANSEN Julius<br \/>7 MORGADO Ant\u00f3nio<\/p>\n<p>&#13;<\/p>\n<p><strong>ALPECIN-DECEUNINCK<\/strong><br \/>11 DILLIER Silvan<br \/>12 DEBRUYNE Ramses<br \/>13 GLIVAR Gal<br \/>14 JANSSENS Jimmy<br \/>15 UHLIG Henri<br \/>16 VERSTRYNGE Emiel<br \/>17 VAN DEN BOSSCHE Fabio<\/p>\n<p>&#13;<\/p>\n<p><strong>ARKEA-B&amp;B HOTELS<\/strong><br \/>21 COSTIOU Ewen<br \/>22 GESBERT Elie<br \/>23 HUYS Laurens<br \/>24 LE BERRE Mathis<br \/>25 TJ\u00d8TTA Martin<br \/>26 VAUQUELIN K\u00e9vin<br \/>27 VERRE Alessandro<\/p>\n<p>&#13;<\/p>\n<p><strong>COFIDIS<\/strong><br \/>31 IZAGIRRE Ion<br \/>32 MAHOUDO Nolann<br \/>33 MAISONOBE Sam<br \/>34 MONIQUET Sylvain<br \/>35 OLDANI Stefano<br \/>36 MAAS Jan<br \/>37 SAMITIER Sergio<\/p>\n<p>&#13;<\/p>\n<p><strong>BAHRAIN VICTORIOUS<\/strong><br \/>41 MOHORIC Matej<br \/>42 BILBAO Pello<br \/>43 KEPPLINGER Rainer<br \/>45 BURATTI Nicol\u00f2<br \/>46 PICKERING Finlay<br \/>47 PAASSCHENS Mathijs<br \/>48 VAN DER MEULEN Max<\/p>\n<p>&#13;<\/p>\n<p><strong>DECATHLON AG2R LA MONDIALE<\/strong><br \/>51 GALL Felix<br \/>52 BISIAUX L\u00e9o<br \/>53 BISSEGGER Stefan<br \/>54 COSNEFROY Beno\u00eet<br \/>55 SCOTSON Callum<br \/>56 LAPEIRA Paul<br \/>57 PETERS Nans<\/p>\n<p>&#13;<\/p>\n<p><strong>EF EDUCATION-EASYPOST<\/strong><br \/>61 COSTA Rui<br \/>62 ALBANESE Vincenzo<br \/>63 BATTISTELLA Samuele<br \/>64 MIHKELS Madis<br \/>65 POWLESS Neilson<br \/>66 SWEENY Harry<br \/>67 WALKER Max<\/p>\n<p>&#13;<\/p>\n<p><strong>GROUPAMA-FDJ<\/strong><br \/>71 K\u00dcNG Stefan<br \/>72 ASKEY Lewis<br \/>73 GR\u00c9GOIRE Romain<br \/>74 JACOBS Johan<br \/>75 LE GAC Olivier<br \/>76 LE HUITOUZE Eddy<br \/>77 MADOUAS Valentin<\/p>\n<p>&#13;<\/p>\n<p><strong>INEOS GRENADIERS<\/strong><br \/>81 THOMAS Geraint<br \/>82 DE PLUS Laurens<br \/>83 HAMILTON Lucas<br \/>84 JUNGELS Bob<br \/>85 SWIFT Ben<br \/>86 AUGUST AJ<br \/>87 LANGELLOTTI Victor<\/p>\n<p>&#13;<\/p>\n<p><strong>INTERMARCH\u00c9-WANTY<\/strong><br \/>91 ZIMMERMANN Georg<br \/>92 COLLEONI Kevin<br \/>93 KAMP Alexander<br \/>94 KUYPERS Gerben<br \/>95 PETILLI Simone<br \/>96 RUTSCH Jonas<br \/>97 VAN SINTMAARTENSDIJK Roel<\/p>\n<p>&#13;<\/p>\n<p><strong>LIDL-TREK<\/strong><br \/>101 GEOGHEGAN HART Tao<br \/>102 BAGIOLI Andrea<br \/>103 LOPEZ Juan Pedro<br \/>104 VERGAERDE Otto<br \/>105 K\u00c4MNA Lennard<br \/>106 OOMEN Sam<br \/>107 SIMMONS Quinn<\/p>\n<p>&#13;<\/p>\n<p><strong>MOVISTAR TEAM<\/strong><br \/>111 QUINTANA Nairo<br \/>112 CASTRILLO Pablo<br \/>113 BARTA William<br \/>114 TORRES Albert<br \/>115 OLIVEIRA Nelson<br \/>116 ROMO Javier<br \/>117 SANCHEZ Pelayo<\/p>\n<p>&#13;<\/p>\n<p><strong>RED BULL-BORA-HANSGROHE<\/strong><br \/>121 VLASOV Aleksandr<br \/>122 ADRI\u00c0 Roger<br \/>123 PALZER Anton<br \/>124 KOCH Jonas<br \/>125 MEEUS Jordi<br \/>126 SOBRERO Matteo<br \/>127 VAN POPPEL Danny<\/p>\n<p>&#13;<\/p>\n<p><strong>SOUDAL QUICK-STEP<\/strong><br \/>131 BASTIAENS Ayco<br \/>132 KNOX James<br \/>133 HUBY Antoine<br \/>134 LECERF Junior<br \/>135 SERRY Pieter<br \/>136 VAN WILDER Ilan<br \/>137 VANSEVENANT Mauri<\/p>\n<p>&#13;<\/p>\n<p><strong>TEAM JAYCO-ALULA<\/strong><br \/>141 SCHMID Mauro<br \/>142 DURBRIDGE Luke<br \/>143 GAMPER Patrick<br \/>144 ENGELHARDT Felix<br \/>145 O&rsquo;CONNOR Ben<br \/>146 S\u00dcTTERLIN Jasha<br \/>147 ZANA Filippo<\/p>\n<p>&#13;<\/p>\n<p><strong>TEAM PICNIC POSTNL<\/strong><br \/>151 BARGUIL Warren<br \/>152 BITTNER Pavel<br \/>153 FLYNN Sean<br \/>154 ONLEY Oscar<br \/>155 EDMONDSON Alex<br \/>156 VAN DEN BROEK Frank<br \/>157 NABERMAN Tim<\/p>\n<p>&#13;<\/p>\n<p><strong>TEAM VISMA | LEASE A BIKE<\/strong><br \/>161 HUISING Menno<br \/>162 VERMOTE Julien<br \/>163 BENOOT Tiesj<br \/>164 GLOAG Thomas<br \/>165 GRAAT Tijmen<br \/>166 KRUIJSWIJK Steven<br \/>167 LEMMEN Bart<\/p>\n<p>&#13;<\/p>\n<p><strong>XDS ASTANA TEAM<\/strong><br \/>171 BALLERINI Davide<br \/>172 CHARMIG Anthon<br \/>173 CONCI Nicola<br \/>174 CHAMPOUSSIN Cl\u00e9ment<br \/>175 BETTIOL Alberto<br \/>176 MASNADA Fausto<br \/>177 FORTUNATO Lorenzo<\/p>\n<p>&#13;<\/p>\n<p><strong>ISRAEL-PREMIER TECH<\/strong><br \/>181 FROOME Chris<br \/>182 BLACKMORE Joe<br \/>183 BENNETT George<br \/>184 HOULE Hugo<br \/>185 CLARKE Simon<br \/>186 RICCITELLO Matthew<br \/>187 WOODS Michael<\/p>\n<p>&#13;<\/p>\n<p><strong>LOTTO<\/strong><br \/>191 DE LIE Arnaud<br \/>192 DE BUYST Jasper<br \/>193 GRIGNARD S\u00e9bastien<br \/>194 SEPULVEDA Eduardo<br \/>195 LIVYNS Arjen<br \/>196 VAN MOER Brent<br \/>197 GREGAARD Jonas<\/p>\n<p>&#13;<\/p>\n<p><strong>Q36.5 PRO CYCLING TEAM<\/strong><br \/>201 CHRISTEN Fabio<br \/>202 BADILATTI Matteo<br \/>203 BRAMBILLA Gianluca<br \/>204 BAX Sjoerd<br \/>205 DE LA CRUZ David<br \/>206 CAMPRUB\u00cd Marcel<br \/>207 GONZ\u00c1LEZ David<\/p>\n<p>&#13;<\/p>\n<p><strong>TUDOR PRO CYCLING TEAM<\/strong><br \/>211 HIRSCHI Marc<br \/>212 ALAPHILIPPE Julian<br \/>213 HALLER Marco<br \/>214 KELEMEN Petr<br \/>215 MAYRHOFER Marius<br \/>216 WARBASSE Lawrence<br \/>217 WIRTGEN Luc<\/p>\n<p>Tour de Suisse &#8211; Classement g\u00e9n\u00e9ral provisoire apr\u00e8s la 4\u00e8 \u00e9tape<\/p>\n","protected":false},"excerpt":{"rendered":"La 5e \u00e9tape, celle de tous les dangers pour les Fran\u00e7ais ? Alors que Romain Gr\u00e9goire (Groupama-FDJ), K\u00e9vin&hellip;\n","protected":false},"author":2,"featured_media":186558,"comment_status":"","ping_status":"","sticky":false,"template":"","format":"standard","meta":{"footnotes":""},"categories":[1411],"tags":[1154,207,211,1011,27,209,60,210,2454,212,208,213],"class_list":{"0":"post-186557","1":"post","2":"type-post","3":"status-publish","4":"format-standard","5":"has-post-thumbnail","7":"category-cyclisme","8":"tag-cycling","9":"tag-cyclisme","10":"tag-ffc","11":"tag-fr","12":"tag-france","13":"tag-route","14":"tag-sports","15":"tag-tour-de-france","16":"tag-tour-de-suisse","17":"tag-uci","18":"tag-velo","19":"tag-world-tour"},"share_on_mastodon":{"url":"https:\/\/pubeurope.com\/@fr\/114705912517307342","error":""},"_links":{"self":[{"href":"https:\/\/www.europesays.com\/fr\/wp-json\/wp\/v2\/posts\/186557","targetHints":{"allow":["GET"]}}],"collection":[{"href":"https:\/\/www.europesays.com\/fr\/wp-json\/wp\/v2\/posts"}],"about":[{"href":"https:\/\/www.europesays.com\/fr\/wp-json\/wp\/v2\/types\/post"}],"author":[{"embeddable":true,"href":"https:\/\/www.europesays.com\/fr\/wp-json\/wp\/v2\/users\/2"}],"replies":[{"embeddable":true,"href":"https:\/\/www.europesays.com\/fr\/wp-json\/wp\/v2\/comments?post=186557"}],"version-history":[{"count":0,"href":"https:\/\/www.europesays.com\/fr\/wp-json\/wp\/v2\/posts\/186557\/revisions"}],"wp:featuredmedia":[{"embeddable":true,"href":"https:\/\/www.europesays.com\/fr\/wp-json\/wp\/v2\/media\/186558"}],"wp:attachment":[{"href":"https:\/\/www.europesays.com\/fr\/wp-json\/wp\/v2\/media?parent=186557"}],"wp:term":[{"taxonomy":"category","embeddable":true,"href":"https:\/\/www.europesays.com\/fr\/wp-json\/wp\/v2\/categories?post=186557"},{"taxonomy":"post_tag","embeddable":true,"href":"https:\/\/www.europesays.com\/fr\/wp-json\/wp\/v2\/tags?post=186557"}],"curies":[{"name":"wp","href":"https:\/\/api.w.org\/{rel}","templated":true}]}}