{"id":186562,"date":"2025-06-18T19:03:15","date_gmt":"2025-06-18T19:03:15","guid":{"rendered":"https:\/\/www.europesays.com\/fr\/186562\/"},"modified":"2025-06-18T19:03:15","modified_gmt":"2025-06-18T19:03:15","slug":"video-et-photos-lannion-qui-se-cache-derriere-les-oeuvres-de-street-art-en-centre-ville","status":"publish","type":"post","link":"https:\/\/www.europesays.com\/fr\/186562\/","title":{"rendered":"VIDEO et PHOTOS. Lannion. Qui se cache derri\u00e8re les oeuvres de street art en centre-ville\u00a0?"},"content":{"rendered":"<p>            Par<br \/>\n        <strong><br \/>\n            <a href=\"https:\/\/actu.fr\/auteur\/journaliste-lt\" title=\"Consulter tous les articles de R\u00e9daction Lannion\" rel=\"nofollow noopener\" target=\"_blank\">R\u00e9daction Lannion<\/a><br \/>\n        <\/strong><\/p>\n<p>        Publi\u00e9 le<\/p>\n<p>            18 juin 2025 \u00e0 14h33        <\/p>\n<p>Depuis plusieurs semaines aux bords du L\u00e9guer et dans le parc Sainte-Anne \u00e0 <b>Lannion<\/b>, un cuisinier jongleur et un DJ aux platines de ferrailles sont apparus comme par magie.<\/p>\n<p class=\" wall-content\">Fa\u00e7onn\u00e9es \u00e0 l\u2019aide d\u2019objets de r\u00e9cup\u00e9rations, ces \u0153uvres originales ont \u00e9t\u00e9 pos\u00e9es par le collectif les Fr\u00e8res d\u2019art.<\/p>\n<p class=\" wall-content\">Rep\u00e9r\u00e9es par la mairie, certaines des sculptures de ces artistes seront d\u2019ailleurs incluses \u00e0 l\u2019exposition d\u2019\u00e9t\u00e9 \u00ab\u00a0<b>Monstres du L\u00e9guer<\/b>\u00ab\u00a0, qui aura lieu dans le centre-ville cet \u00e9t\u00e9. Une \u00ab\u00a0<b>commande libre<\/b>\u00a0\u00bb pass\u00e9e par la ville qui n\u2019emp\u00eache pas les artistes de continuer leurs cr\u00e9ations ind\u00e9pendantes.<\/p>\n<p class=\" wall-content\">\n<p>Un groupe o\u00f9 chacun a sa place<\/p>\n<p class=\" wall-content\">Le collectif de street art Les Fr\u00e8res d\u2019art a \u00e9t\u00e9 initi\u00e9 par deux fr\u00e8res, Roder et Eck, puis rejoint par l\u2019artiste Tist. Tous vivent entre Lannion et Paris.\u00a0<\/p>\n<blockquote class=\"ac-article-quote wall-content\">\n<p>\u00ab\u00a0On vient tous les trois du monde du graffiti. Avec Tist on s\u2019est d\u2019abord connu sans se voir, on se repeignait les murs\u00a0\u00bb<\/p>\n<p>Roder.\u00a0<\/p><\/blockquote>\n<p>    <img   decoding=\"async\" loading=\"lazy\" class=\"size-large\" src=\"https:\/\/www.europesays.com\/fr\/wp-content\/uploads\/2025\/06\/154c647672586194c64767258ec4c6v-960x640.jpg\" alt=\"Sur la route de Loguivy.\" width=\"960\" height=\"640\"\/><br \/>\n    Sur la route de Loguivy. \u00a9L\u00e9onore Royer<\/p>\n<p class=\" wall-content\">Une rencontre interpos\u00e9e qui se concr\u00e9tise quand ils d\u00e9cident, il y a trois ans, de travailler ensemble.<\/p>\n<p class=\" wall-content\">Les \u0153uvres sont r\u00e9alis\u00e9es gr\u00e2ce \u00e0 un assemblage d\u2019objets et de mat\u00e9riaux r\u00e9cup\u00e9r\u00e9s. Les projets \u00e9voluent au gr\u00e9 des envies, laissant la place \u00e0 chacune des individualit\u00e9s. <b>\u00ab\u00a0Il y a des \u0153uvres totalement collectives, d\u2019autres plus personnelles. Dans tous les cas on \u00e9change entre nous, nos id\u00e9es \u00e9voluent gr\u00e2ce \u00e0 \u00e7a\u00a0\u00bb<\/b> , explique Tist.<\/p>\n<blockquote class=\"ac-article-quote wall-content\">\n<p>\u00ab\u00a0Dans la cr\u00e9ation finale il y a toujours un peu de chacun\u00a0\u00bb<\/p>\n<p>Roder.<\/p><\/blockquote>\n<p>Des cr\u00e9ations en objets recycl\u00e9s<\/p>\n<p class=\" wall-content\">Dans leur cr\u00e9ation, les artistes aiment se laisser de la libert\u00e9 :<b> \u00ab\u00a0On travaille de fa\u00e7on empirique, on a une id\u00e9e mais parfois on ne sait pas o\u00f9 on va\u00a0\u00bb,<\/b> explique Roder d\u2019un ton d\u00e9tach\u00e9. Un processus de cr\u00e9ation en perp\u00e9tuelle \u00e9volution dans lequel l\u2019utilisation d\u2019objets recycl\u00e9s a tout \u00e0 fait sa place :<b> \u00ab\u00a0L\u2019id\u00e9e de la r\u00e9cup\u00e9ration est venue de mani\u00e8re naturelle. Parfois c\u2019est une pi\u00e8ce qui nous inspire un projet et parfois on a d\u00e9j\u00e0 une id\u00e9e et on l\u2019adapte\u00a0\u00bb<\/b>, explique Roder.<\/p>\n<p class=\" wall-content\">Ces pi\u00e8ces sont r\u00e9cup\u00e9r\u00e9es en d\u00e9chetterie ou \u00ab\u00a0<b>donn\u00e9es par des copains<\/b>\u00ab\u00a0, comme le pr\u00e9cise Tist, puis sont ensuite assembl\u00e9es, viss\u00e9es et repeintes dans l\u2019atelier des artistes. \u00ab\u00a0<b>Une fois que tout est bien fix\u00e9, <\/b>on peut les d\u00e9placer pour les accrocher\u00a0\u00bb conclut Roder.<\/p>\n<p>\u00ab\u00a0On ne vandalise rien\u00a0\u00bb<br \/>\n    <img   decoding=\"async\" loading=\"lazy\" class=\"size-large\" src=\"https:\/\/www.europesays.com\/fr\/wp-content\/uploads\/2025\/06\/257a3e8672586697a3e8672585d7a3v-770x640.jpg\" alt=\"A la guinguette Sarracenus sur le bord du L\u00e9guer.\" width=\"770\" height=\"640\"\/><br \/>\n    A la guinguette Sarracenus sur le bord du L\u00e9guer. \u00a9L\u00e9onore Royer<\/p>\n<p class=\" wall-content\">Le collectif de street art met un point d\u2019honneur \u00e0 ne rien ab\u00eemer. M\u00eame si les pi\u00e8ces sont pos\u00e9es sans autorisation. \u00ab\u00a0<b>On ne vandalise <\/b>rien et on n\u2019expose pas dans des propri\u00e9t\u00e9s priv\u00e9es \u00a0\u00bb explique Tist.<\/p>\n<blockquote class=\"ac-article-quote wall-content\">\n<p>\u00ab\u00a0On fait aussi attention aux fixations et \u00e0 ce qu\u2019il n\u2019y ait pas d\u2019objet tranchant qui puisse blesser\u00a0\u00bb.<\/p>\n<\/blockquote>\n<p class=\" wall-content\">Une activit\u00e9 passion qui est r\u00e9alis\u00e9e dans le respect de chacun et qui a pour but de rendre l\u2019art accessible et non de d\u00e9t\u00e9riorer les espaces. \u00ab\u00a0On fait attention de fixer les vis dans les joints pour ne pas ab\u00eemer les pierres\u00a0\u00bb, pr\u00e9cise Roder en guise d\u2019exemple.<\/p>\n<p>Rep\u00e9r\u00e9s par la mairie<\/p>\n<p class=\" wall-content\">La singularit\u00e9 des sculptures cr\u00e9\u00e9es par le collectif a attir\u00e9 l\u2019\u0153il de la ville. Les artistes ont \u00e9t\u00e9 contact\u00e9s par la mairie pour participer \u00e0 l\u2019exposition d\u2019\u00e9t\u00e9 <b>Monstres du L\u00e9guer.<\/b> Leurs \u0153uvres seront pr\u00e9sentes dans la ville, particuli\u00e8rement dans le parc Sainte-Anne et dans l\u2019ancien office du tourisme quai d\u2019Aiguillon. Un moyen de transmettre leur travail qui r\u00e9jouit les artistes : \u00ab\u00a0<b>Hier on a vu une classe faire le d\u00e9but de la balade <\/b><b>de street art sur le bord du L\u00e9guer, \u00e7a nous remplit de joie\u00a0\u00bb,<\/b> confie Roder, \u00e9mu.<\/p>\n<p class=\" wall-content\">De nouvelles sculptures apparaissent r\u00e9guli\u00e8rement mais l\u2019aventure des artistes ne s\u2019arr\u00eate pas pour autant \u00e0 un partenariat avec la mairie. Les Fr\u00e8res d\u2019art souhaitent continuer d\u2019exposer leurs \u0153uvres de mani\u00e8re sauvages, sans autorisation, comme ils le faisaient avant.<\/p>\n<p class=\" wall-content\"><b>L\u00e9onore Royer<\/b><\/p>\n<p class=\" wall-content\">Suivez toute l\u2019actualit\u00e9 de vos villes et m\u00e9dias favoris en vous inscrivant \u00e0 <a href=\"https:\/\/moncompte.actu.fr\" title=\"D\u00e9couvez Mon Actu\" rel=\"nofollow noopener\" data-trk=\"{&quot;cta&quot;:{&quot;action&quot;:&quot;https:\\\/\\\/moncompte.actu.fr&quot;,&quot;category&quot;:&quot;mon compte&quot;,&quot;from&quot;:&quot;article footer&quot;,&quot;name&quot;:&quot;Mon actu&quot;,&quot;type&quot;:&quot;cta&quot;}}\" target=\"_blank\">Mon Actu<\/a>.<\/p>\n","protected":false},"excerpt":{"rendered":"Par R\u00e9daction Lannion Publi\u00e9 le 18 juin 2025 \u00e0 14h33 Depuis plusieurs semaines aux bords du L\u00e9guer et&hellip;\n","protected":false},"author":2,"featured_media":186563,"comment_status":"","ping_status":"","sticky":false,"template":"","format":"standard","meta":{"footnotes":""},"categories":[1358],"tags":[1348,1384,1385,1386,58,59,1011,27,104,7189],"class_list":{"0":"post-186562","1":"post","2":"type-post","3":"status-publish","4":"format-standard","5":"has-post-thumbnail","7":"category-arts-et-design","8":"tag-arts","9":"tag-arts-and-design","10":"tag-arts-et-design","11":"tag-design","12":"tag-divertissement","13":"tag-entertainment","14":"tag-fr","15":"tag-france","16":"tag-societe","17":"tag-street-art"},"share_on_mastodon":{"url":"https:\/\/pubeurope.com\/@fr\/114705924348673042","error":""},"_links":{"self":[{"href":"https:\/\/www.europesays.com\/fr\/wp-json\/wp\/v2\/posts\/186562","targetHints":{"allow":["GET"]}}],"collection":[{"href":"https:\/\/www.europesays.com\/fr\/wp-json\/wp\/v2\/posts"}],"about":[{"href":"https:\/\/www.europesays.com\/fr\/wp-json\/wp\/v2\/types\/post"}],"author":[{"embeddable":true,"href":"https:\/\/www.europesays.com\/fr\/wp-json\/wp\/v2\/users\/2"}],"replies":[{"embeddable":true,"href":"https:\/\/www.europesays.com\/fr\/wp-json\/wp\/v2\/comments?post=186562"}],"version-history":[{"count":0,"href":"https:\/\/www.europesays.com\/fr\/wp-json\/wp\/v2\/posts\/186562\/revisions"}],"wp:featuredmedia":[{"embeddable":true,"href":"https:\/\/www.europesays.com\/fr\/wp-json\/wp\/v2\/media\/186563"}],"wp:attachment":[{"href":"https:\/\/www.europesays.com\/fr\/wp-json\/wp\/v2\/media?parent=186562"}],"wp:term":[{"taxonomy":"category","embeddable":true,"href":"https:\/\/www.europesays.com\/fr\/wp-json\/wp\/v2\/categories?post=186562"},{"taxonomy":"post_tag","embeddable":true,"href":"https:\/\/www.europesays.com\/fr\/wp-json\/wp\/v2\/tags?post=186562"}],"curies":[{"name":"wp","href":"https:\/\/api.w.org\/{rel}","templated":true}]}}