{"id":186582,"date":"2025-06-18T19:13:09","date_gmt":"2025-06-18T19:13:09","guid":{"rendered":"https:\/\/www.europesays.com\/fr\/186582\/"},"modified":"2025-06-18T19:13:09","modified_gmt":"2025-06-18T19:13:09","slug":"le-senat-francais-secoue-et-le-bilan-des-frappes-russes-sur-kiev-salourdit-2","status":"publish","type":"post","link":"https:\/\/www.europesays.com\/fr\/186582\/","title":{"rendered":"Le S\u00e9nat fran\u00e7ais secou\u00e9 et le bilan des frappes russes sur Kiev s\u2019alourdit"},"content":{"rendered":"<p>Vous avez rat\u00e9 les derniers \u00e9v\u00e9nements sur la <a href=\"https:\/\/www.20minutes.fr\/monde\/ukraine\/\" class=\"color-ultramarine c-link\" target=\"_blank\" rel=\"noopener\">guerre en Ukraine<\/a>\u00a0? 20 Minutes fait le point pour vous tous les soirs. Voici l\u2019essentiel de ce mercredi 18\u00a0juin 2025, 1.211e jour du conflit.<\/p>\n<p>Le fait du jour<\/p>\n<p>S\u00e9quence <a href=\"https:\/\/www.youtube.com\/watch?v=fydBxLrHL-c\" rel=\"nofollow noopener\" target=\"_blank\" class=\"color-ultramarine c-link\">solenelle et emplie de gravit\u00e9<\/a> ce mercredi au <a href=\"https:\/\/www.20minutes.fr\/dossier\/senat\" class=\"color-ultramarine c-link\" target=\"_blank\" rel=\"noopener\">S\u00e9nat<\/a> \u00e0 Paris. Le pr\u00e9sident de <a href=\"https:\/\/www.rada.gov.ua\/en\" target=\"_blank\" class=\"color-ultramarine c-link\" rel=\"noopener\">la Rada<\/a>, le Parlement ukrainien, Ruslan Stefanchouk, a adress\u00e9 devant les s\u00e9nateurs fran\u00e7ais un \u00ab\u00a0Appel du 18\u00a0juin\u00a0\u00bb, 85 ans apr\u00e8s celui du g\u00e9n\u00e9ral de Gaulle. \u00ab\u00a0Je comprends \u00e0 quel point son Appel du 18\u00a0juin aux Fran\u00e7ais et aux Alli\u00e9s est aujourd\u2019hui d\u2019actualit\u00e9\u00a0\u00bb, a-t-il affirm\u00e9 \u00e0 la tribune. \u00ab\u00a0S\u2019il sonnait aujourd\u2019hui, il s\u2019agirait d\u2019un appel \u00e0 la r\u00e9silience, d\u2019un appel \u00e0 l\u2019unit\u00e9, d\u2019un appel \u00e0 la d\u00e9termination profonde\u00a0\u00bb, a-t-il ajout\u00e9. \u00ab\u00a0Votre histoire et la n\u00f4tre nous enseignent que la capitulation n\u2019a jamais \u00e9t\u00e9 une option.\u00a0\u00bb<\/p>\n<p>Ruslan Stefanchouk a appel\u00e9 la France \u00e0 se positionner pour des \u00ab\u00a0sanctions impitoyables\u00a0\u00bb envers la Russie, estimant que \u00ab\u00a0l\u2019aide\u00a0\u00bb demand\u00e9e \u00e9tait \u00ab\u00a0d\u2019importance vitale\u00a0\u00bb pour l\u2019Ukraine, non seulement pour sa \u00ab\u00a0d\u00e9fense contre l\u2019agression\u00a0\u00bb mais aussi pour son \u00ab\u00a0chemin vers l\u2019Union europ\u00e9enne\u00a0\u00bb. \u00ab\u00a0J\u2019aimerais que nos partenaires d\u00e9fendent l\u2019Ukraine avec autant d\u2019acharnement que la Russie veut d\u00e9truire l\u2019Ukraine\u00a0\u00bb, \u00ab\u00a0sans demi-action, sans demi-d\u00e9cision, mais pleinement, tous les jours et jusqu\u2019au bout\u00a0\u00bb, a-t-il encore interpell\u00e9.<\/p>\n<p>Les s\u00e9nateurs, debout, ont longuement rendu hommage, par des applaudissements sur l\u2019int\u00e9gralit\u00e9 des bancs, au \u00ab\u00a0courage et \u00e0 la d\u00e9termination du peuple ukrainien\u00a0\u00bb.<\/p>\n<p>La d\u00e9claration du jour<\/p>\n<blockquote class=\"mx-m@xs mx-xxl@md color-ultramarine c-citation\">\n<p class=\"font-weight-regular@xs text-italic font-source-serif-pro text-l@xs c-citation__content\">\u00ab\u00a0\u00ab\u00a0Pendant la Guerre froide, les Etats-Unis et leurs alli\u00e9s ont largement surpass\u00e9 l\u2019Union sovi\u00e9tique. Aujourd\u2019hui, face \u00e0 l\u2019Otan et l\u2019UE, la Russie n\u2019a aucune chance. Mais nous devons rester unis\u00a0\u00bb\u00a0\u00bb<\/p>\n<\/blockquote>\n<p>Les paroles sont sign\u00e9es Kaja Kallas. La cheffe de la diplomatie de l\u2019Union europ\u00e9enne a estim\u00e9 mardi que la Russie \u00e9tait une \u00ab\u00a0menace\u00a0\u00bb pour la s\u00e9curit\u00e9 mondiale mais qu\u2019elle ne pourrait rien face \u00e0 l\u2019unit\u00e9 des pays membres de l\u2019Otan et de l\u2019UE. Pour Kaja Kallas, il est indispensable que l\u2019ensemble des membres de l\u2019Otan d\u00e9montrent qu\u2019ils sont sur la m\u00eame ligne. \u00ab\u00a0La Russie est d\u00e9j\u00e0 une menace directe pour l\u2019Union europ\u00e9enne\u00a0\u00bb, a-t-elle affirm\u00e9.<\/p>\n<p>L\u2019Otan compte 32 pays, dont 23 sont aussi membres de l\u2019UE. Les d\u00e9clarations du pr\u00e9sident am\u00e9ricain Donald Trump vis-\u00e0-vis de la Russie seront scrut\u00e9es avec attention lors du sommet des 24 et 25\u00a0juin aux Pays-Bas. A l\u2019issue du r\u00e9cent sommet du G7, les grandes d\u00e9mocraties industrialis\u00e9es n\u2019ont pas publi\u00e9 de d\u00e9claration commune d\u00e9non\u00e7ant l&rsquo; \u00ab\u00a0agression russe\u00a0\u00bb en Ukraine, contrairement aux ann\u00e9es pr\u00e9c\u00e9dentes.<\/p>\n<\/p>\n<p>Le chiffre du jour<\/p>\n<p>28. C\u2019est le dernier bilan des civils tu\u00e9s lors des frappes russes massives men\u00e9es \u00e0 Kiev dans la nuit de lundi \u00e0 mardi, ce qui en fait l\u2019une des attaques les plus meurtri\u00e8res sur la capitale ukrainienne depuis le d\u00e9but de la guerre en f\u00e9vrier\u00a02022.<\/p>\n<p>D\u2019apr\u00e8s les secours ukrainiens, 23 de ces 28 personnes sont mortes dans un m\u00eame immeuble de neuf \u00e9tages. Plus de 130 personnes ont \u00e9galement \u00e9t\u00e9 bless\u00e9es \u00e0 Kiev.<\/p>\n<p>Plus de 440 drones et 32 missiles ont \u00e9t\u00e9 tir\u00e9s durant cette attaque, avait indiqu\u00e9 le chef de l\u2019Etat. Vingt-sept sites ont \u00e9t\u00e9 cibl\u00e9s dans la capitale, avait pr\u00e9cis\u00e9 le ministre ukrainien de l\u2019Int\u00e9rieur Igor Klymenko.<\/p>\n<p>La tendance<\/p>\n<p>Le forum \u00e9conomique de <a href=\"https:\/\/www.20minutes.fr\/dossier\/saint_petersbourg-1\" class=\"color-ultramarine c-link\" target=\"_blank\" rel=\"noopener\">Saint-P\u00e9tersbourg<\/a>, autrefois surnomm\u00e9 le \u00ab\u00a0<a href=\"https:\/\/www.20minutes.fr\/economie\/davos\/\" class=\"color-ultramarine c-link\" target=\"_blank\" rel=\"noopener\">Davos<\/a> russe\u00a0\u00bb, s\u2019est ouvert mercredi avec la pr\u00e9sence peu nombreuse des Occidentaux et celle, \u00e0 l\u2019inverse, remarqu\u00e9e des repr\u00e9sentants du \u00ab\u00a0Sud global\u00a0\u00bb, dans l\u2019ombre du conflit en Ukraine.<\/p>\n<p>Ce 28e forum intervient en plein rapprochement impuls\u00e9 par Donald Trump entre Washington et Moscou, sans que celui-ci ait permis pour l\u2019instant une lev\u00e9e des lourdes restrictions mises en place par les Etats-Unis contre la Russie en repr\u00e9sailles \u00e0 l\u2019attaque contre son voisin ukrainien. Seule une d\u00e9l\u00e9gation d\u2019hommes d\u2019affaires am\u00e9ricains de second plan est pr\u00e9sente.<\/p>\n<p><a href=\"https:\/\/www.20minutes.fr\/monde\/ukraine\/\" class=\"c-link c-btn c-btn--primary\" target=\"_blank\" rel=\"noopener\">Notre dossier sur la guerre en Ukraine<\/a><\/p>\n<p>Symbole du rapprochement acc\u00e9l\u00e9r\u00e9 entre la Russie et les pays du \u00ab\u00a0Sud global\u00a0\u00bb, qualifi\u00e9s d&rsquo; \u00ab\u00a0amicaux\u00a0\u00bb dans la rh\u00e9torique du Kremlin, le Bahre\u00efn est cette ann\u00e9e le principal invit\u00e9. Des repr\u00e9sentants des Talibans, de <a href=\"https:\/\/www.20minutes.fr\/dossier\/chine\" class=\"color-ultramarine c-link\" target=\"_blank\" rel=\"noopener\">Chine<\/a>, du Vietnam, de l\u2019Arabie saoudite ou encore du Burkina Faso et de la Centrafrique sont \u00e9galement pr\u00e9sents.<\/p>\n<p>Victoire diplomatique tr\u00e8s m\u00e9diatis\u00e9e par la Russie, le pr\u00e9sident indon\u00e9sien Prabowo Subianto doit aussi faire une apparition, apr\u00e8s avoir d\u00e9clin\u00e9 l\u2019invitation des pays du G7 \u00e0 leur sommet au Canada.<\/p>\n<p>Sur place, des t-shirts avec des citations belliqueuses de Vladimir Poutine sont en vente.<\/p>\n","protected":false},"excerpt":{"rendered":"Vous avez rat\u00e9 les derniers \u00e9v\u00e9nements sur la guerre en Ukraine\u00a0? 20 Minutes fait le point pour vous&hellip;\n","protected":false},"author":2,"featured_media":186583,"comment_status":"","ping_status":"","sticky":false,"template":"","format":"standard","meta":{"footnotes":""},"categories":[5],"tags":[47,11,4543,32440,1011,27,131,1150,25902,14,4998,74,12,136,807,132,25684,1004,135,134,28],"class_list":{"0":"post-186582","1":"post","2":"type-post","3":"status-publish","4":"format-standard","5":"has-post-thumbnail","7":"category-international","8":"tag-actualite","9":"tag-actualites","10":"tag-bahrein","11":"tag-davos","12":"tag-fr","13":"tag-france","14":"tag-guerre-en-ukraine","15":"tag-guerre-froide","16":"tag-indonesie","17":"tag-international","18":"tag-kremlin","19":"tag-monde","20":"tag-news","21":"tag-otan","22":"tag-prisonniers","23":"tag-russie","24":"tag-saint-petersbourg","25":"tag-senat","26":"tag-vladimir-poutine","27":"tag-volodymyr-zelensky","28":"tag-world"},"share_on_mastodon":{"url":"https:\/\/pubeurope.com\/@fr\/114705963672516685","error":""},"_links":{"self":[{"href":"https:\/\/www.europesays.com\/fr\/wp-json\/wp\/v2\/posts\/186582","targetHints":{"allow":["GET"]}}],"collection":[{"href":"https:\/\/www.europesays.com\/fr\/wp-json\/wp\/v2\/posts"}],"about":[{"href":"https:\/\/www.europesays.com\/fr\/wp-json\/wp\/v2\/types\/post"}],"author":[{"embeddable":true,"href":"https:\/\/www.europesays.com\/fr\/wp-json\/wp\/v2\/users\/2"}],"replies":[{"embeddable":true,"href":"https:\/\/www.europesays.com\/fr\/wp-json\/wp\/v2\/comments?post=186582"}],"version-history":[{"count":0,"href":"https:\/\/www.europesays.com\/fr\/wp-json\/wp\/v2\/posts\/186582\/revisions"}],"wp:featuredmedia":[{"embeddable":true,"href":"https:\/\/www.europesays.com\/fr\/wp-json\/wp\/v2\/media\/186583"}],"wp:attachment":[{"href":"https:\/\/www.europesays.com\/fr\/wp-json\/wp\/v2\/media?parent=186582"}],"wp:term":[{"taxonomy":"category","embeddable":true,"href":"https:\/\/www.europesays.com\/fr\/wp-json\/wp\/v2\/categories?post=186582"},{"taxonomy":"post_tag","embeddable":true,"href":"https:\/\/www.europesays.com\/fr\/wp-json\/wp\/v2\/tags?post=186582"}],"curies":[{"name":"wp","href":"https:\/\/api.w.org\/{rel}","templated":true}]}}