{"id":186587,"date":"2025-06-18T19:16:11","date_gmt":"2025-06-18T19:16:11","guid":{"rendered":"https:\/\/www.europesays.com\/fr\/186587\/"},"modified":"2025-06-18T19:16:11","modified_gmt":"2025-06-18T19:16:11","slug":"la-circulation-perturbee-a-hauteur-de-saint-chamond-a-cause-dun-vehicule-en-feu","status":"publish","type":"post","link":"https:\/\/www.europesays.com\/fr\/186587\/","title":{"rendered":"la circulation perturb\u00e9e \u00e0 hauteur de Saint-Chamond \u00e0 cause d&rsquo;un v\u00e9hicule en feu"},"content":{"rendered":"<p>La circulation sur l\u2019A47 dans le sens Saint-Etienne\/Lyon\u00a0\u00e9tait \u00e0 l\u2019arr\u00eat total ce mercredi soir entre 19h30 et 21 heures. D\u2019apr\u00e8s nos informations, un v\u00e9hicule tirant une caravane s&rsquo;est embras\u00e9 en d\u00e9but de soir\u00e9e sur cet axe toujours tr\u00e8s fr\u00e9quent\u00e9. Les propri\u00e9taires, un couple de personnes \u00e2g\u00e9es, ont pu \u00eatre mis en s\u00e9curit\u00e9 par les secours.<\/p>\n<p>Selon plusieurs automobilistes coinc\u00e9s dans le bouchon, un \u00e9pais nuage de fum\u00e9e noire s&rsquo;est d\u00e9gag\u00e9 dans le ciel en haut du contournement de Saint-Chamond. Plusieurs \u00e9quipages de sapeurs-pompiers et de forces de police sont rapidement intervenus pour circonscrire les flammes. On a enregistr\u00e9 \u00e0 20h30, pr\u00e8s de deux kilom\u00e8tres d\u2019embouteillages.<\/p>\n","protected":false},"excerpt":{"rendered":"La circulation sur l\u2019A47 dans le sens Saint-Etienne\/Lyon\u00a0\u00e9tait \u00e0 l\u2019arr\u00eat total ce mercredi soir entre 19h30 et 21&hellip;\n","protected":false},"author":2,"featured_media":186588,"comment_status":"","ping_status":"","sticky":false,"template":"","format":"standard","meta":{"footnotes":""},"categories":[9653],"tags":[119,1111,11,2430,7539,1777,674,274,107,1011,27,3367,12,25,9669,9670,4001],"class_list":{"0":"post-186587","1":"post","2":"type-post","3":"status-publish","4":"format-standard","5":"has-post-thumbnail","7":"category-saint-etienne","8":"tag-accident","9":"tag-actu","10":"tag-actualites","11":"tag-auvergne-rhone-alpes","12":"tag-edition-loire-sud","13":"tag-eu","14":"tag-europe","15":"tag-faits-divers-justice","16":"tag-fil-info","17":"tag-fr","18":"tag-france","19":"tag-loire","20":"tag-news","21":"tag-republique-francaise","22":"tag-saint-chamond","23":"tag-saint-chamond-ville","24":"tag-saint-etienne"},"share_on_mastodon":{"url":"https:\/\/pubeurope.com\/@fr\/114705975548039148","error":""},"_links":{"self":[{"href":"https:\/\/www.europesays.com\/fr\/wp-json\/wp\/v2\/posts\/186587","targetHints":{"allow":["GET"]}}],"collection":[{"href":"https:\/\/www.europesays.com\/fr\/wp-json\/wp\/v2\/posts"}],"about":[{"href":"https:\/\/www.europesays.com\/fr\/wp-json\/wp\/v2\/types\/post"}],"author":[{"embeddable":true,"href":"https:\/\/www.europesays.com\/fr\/wp-json\/wp\/v2\/users\/2"}],"replies":[{"embeddable":true,"href":"https:\/\/www.europesays.com\/fr\/wp-json\/wp\/v2\/comments?post=186587"}],"version-history":[{"count":0,"href":"https:\/\/www.europesays.com\/fr\/wp-json\/wp\/v2\/posts\/186587\/revisions"}],"wp:featuredmedia":[{"embeddable":true,"href":"https:\/\/www.europesays.com\/fr\/wp-json\/wp\/v2\/media\/186588"}],"wp:attachment":[{"href":"https:\/\/www.europesays.com\/fr\/wp-json\/wp\/v2\/media?parent=186587"}],"wp:term":[{"taxonomy":"category","embeddable":true,"href":"https:\/\/www.europesays.com\/fr\/wp-json\/wp\/v2\/categories?post=186587"},{"taxonomy":"post_tag","embeddable":true,"href":"https:\/\/www.europesays.com\/fr\/wp-json\/wp\/v2\/tags?post=186587"}],"curies":[{"name":"wp","href":"https:\/\/api.w.org\/{rel}","templated":true}]}}