{"id":186593,"date":"2025-06-18T19:19:13","date_gmt":"2025-06-18T19:19:13","guid":{"rendered":"https:\/\/www.europesays.com\/fr\/186593\/"},"modified":"2025-06-18T19:19:13","modified_gmt":"2025-06-18T19:19:13","slug":"lex-international-thierry-lacroix-fait-partager-son-savoir-au-stade-matter-de-nancy","status":"publish","type":"post","link":"https:\/\/www.europesays.com\/fr\/186593\/","title":{"rendered":"l&rsquo;ex international Thierry Lacroix fait partager son savoir au stade Matter de Nancy"},"content":{"rendered":"<p>Ce mercredi apr\u00e8s-midi, les jeunes du club Nancy-Seichamps Rugby ont v\u00e9cu une s\u00e9ance d&rsquo;entra\u00eenement hors du commun au stade Matter de Nancy. Dans le cadre de l&rsquo;op\u00e9ration \u00ab\u00a0Viens Buter\u00a0\u00bb, ils ont eu le privil\u00e8ge de recevoir les conseils de Thierry Lacroix, l&rsquo;un des meilleurs buteurs du XV de France. Entre exercices de pr\u00e9cision et anecdotes de haut niveau, la l\u00e9gende tricolore a partag\u00e9 son savoir-faire avec une nouvelle g\u00e9n\u00e9ration de passionn\u00e9s.\u00a0<\/p>\n","protected":false},"excerpt":{"rendered":"Ce mercredi apr\u00e8s-midi, les jeunes du club Nancy-Seichamps Rugby ont v\u00e9cu une s\u00e9ance d&rsquo;entra\u00eenement hors du commun au&hellip;\n","protected":false},"author":2,"featured_media":186594,"comment_status":"","ping_status":"","sticky":false,"template":"","format":"standard","meta":{"footnotes":""},"categories":[9635],"tags":[1111,11,3602,1707,1704,1706,1705,10174,1777,674,107,1701,1011,27,5325,2798,775,1702,12,25,479,517,1700],"class_list":{"0":"post-186593","1":"post","2":"type-post","3":"status-publish","4":"format-standard","5":"has-post-thumbnail","7":"category-nancy","8":"tag-actu","9":"tag-actualites","10":"tag-edition-bar-le-duc","11":"tag-edition-luneville","12":"tag-edition-nancy-et-agglomeration","13":"tag-edition-pont-a-mousson","14":"tag-edition-toul","15":"tag-edition-verdun","16":"tag-eu","17":"tag-europe","18":"tag-fil-info","19":"tag-fil-info-sport","20":"tag-fr","21":"tag-france","22":"tag-galerie-media","23":"tag-galerie-photo","24":"tag-grand-est","25":"tag-nancy","26":"tag-news","27":"tag-republique-francaise","28":"tag-rugby","29":"tag-sport","30":"tag-sport-lorrain"},"share_on_mastodon":{"url":"https:\/\/pubeurope.com\/@fr\/114705987420773078","error":""},"_links":{"self":[{"href":"https:\/\/www.europesays.com\/fr\/wp-json\/wp\/v2\/posts\/186593","targetHints":{"allow":["GET"]}}],"collection":[{"href":"https:\/\/www.europesays.com\/fr\/wp-json\/wp\/v2\/posts"}],"about":[{"href":"https:\/\/www.europesays.com\/fr\/wp-json\/wp\/v2\/types\/post"}],"author":[{"embeddable":true,"href":"https:\/\/www.europesays.com\/fr\/wp-json\/wp\/v2\/users\/2"}],"replies":[{"embeddable":true,"href":"https:\/\/www.europesays.com\/fr\/wp-json\/wp\/v2\/comments?post=186593"}],"version-history":[{"count":0,"href":"https:\/\/www.europesays.com\/fr\/wp-json\/wp\/v2\/posts\/186593\/revisions"}],"wp:featuredmedia":[{"embeddable":true,"href":"https:\/\/www.europesays.com\/fr\/wp-json\/wp\/v2\/media\/186594"}],"wp:attachment":[{"href":"https:\/\/www.europesays.com\/fr\/wp-json\/wp\/v2\/media?parent=186593"}],"wp:term":[{"taxonomy":"category","embeddable":true,"href":"https:\/\/www.europesays.com\/fr\/wp-json\/wp\/v2\/categories?post=186593"},{"taxonomy":"post_tag","embeddable":true,"href":"https:\/\/www.europesays.com\/fr\/wp-json\/wp\/v2\/tags?post=186593"}],"curies":[{"name":"wp","href":"https:\/\/api.w.org\/{rel}","templated":true}]}}