{"id":186607,"date":"2025-06-18T19:28:17","date_gmt":"2025-06-18T19:28:17","guid":{"rendered":"https:\/\/www.europesays.com\/fr\/186607\/"},"modified":"2025-06-18T19:28:17","modified_gmt":"2025-06-18T19:28:17","slug":"un-detenu-activement-recherche-apres-setre-evade-de-prison","status":"publish","type":"post","link":"https:\/\/www.europesays.com\/fr\/186607\/","title":{"rendered":"un d\u00e9tenu activement recherch\u00e9 apr\u00e8s s&rsquo;\u00eatre \u00e9vad\u00e9 de prison"},"content":{"rendered":"<p>\t\t\t\t\t\t\t\t\t\t\t<img loading=\"lazy\" decoding=\"async\" width=\"1110\" title=\"Chasse \u00e0 l'homme pr\u00e8s de Grenoble : un d\u00e9tenu activement recherch\u00e9 apr\u00e8s s'\u00eatre \u00e9vad\u00e9 de prison\" class=\"img-fluid not_lzld mb-3\" src=\"https:\/\/grandgrenoble.alpes1.com\/media\/news\/thumb\/1110x624_chasse-a-l-homme-pres-de-grenoble-un-detenu-activement-recherche-apres-s-etre-evade-de-prison_685308bc1e93c.webp\" alt=\"Chasse \u00e0 l'homme pr\u00e8s de Grenoble : un d\u00e9tenu activement recherch\u00e9 apr\u00e8s s'\u00eatre \u00e9vad\u00e9 de prison\" itemprop=\"image\" height=\"624\"\/>\t\t\t\t\t\t\t\t\t\t\t\t<\/p>\n<p>Chasse \u00e0 l&rsquo;homme pr\u00e8s de Grenoble : un d\u00e9tenu activement recherch\u00e9 apr\u00e8s s&rsquo;\u00eatre \u00e9vad\u00e9 de prison &#8211; DR<\/p>\n<p itemprop=\"description\"><strong>Il a 27 ans, il purgeait une peine de 4 ans de prison \u00e0 la maison d&rsquo;arr\u00eat de Grenoble-Varces et il s&rsquo;est \u00e9vad\u00e9 ce mercredi matin.<\/strong><\/p>\n<p>Ce d\u00e9tenu en cavale est l&rsquo;homme le plus recherch\u00e9 d&rsquo;Is\u00e8re depuis plusieurs heures.<\/p>\n<p>Incarc\u00e9r\u00e9 depuis un an apr\u00e8s avoir \u00e9cop\u00e9 de 4 ans pour violences avec arme, cet individu s&rsquo;est fait la belle lors d&rsquo;une sortie en plein air organis\u00e9 par le SPIP. Deux complices l&rsquo;attendaient dans une voiture, et il a profit\u00e9 d&rsquo;un moment d&rsquo;inattention pour les rejoindre.<\/p>\n<p>Imm\u00e9diatement, les gendarmes is\u00e9rois ont \u00e9t\u00e9 mobilis\u00e9s pour bloquer un maximum de routes autour de Varces et \u00e0 proximit\u00e9 de l&rsquo;agglom\u00e9ration grenobloise. Mais ces barrages n&rsquo;ont rien donn\u00e9, et le d\u00e9tenu court toujours avec ses complices.<\/p>\n","protected":false},"excerpt":{"rendered":"Chasse \u00e0 l&rsquo;homme pr\u00e8s de Grenoble : un d\u00e9tenu activement recherch\u00e9 apr\u00e8s s&rsquo;\u00eatre \u00e9vad\u00e9 de prison &#8211; DR&hellip;\n","protected":false},"author":2,"featured_media":186608,"comment_status":"","ping_status":"","sticky":false,"template":"","format":"standard","meta":{"footnotes":""},"categories":[9566],"tags":[1111,11,7733,8279,2430,7736,650,7734,2889,2263,1777,674,1011,27,2731,8280,6417,1114,108,4662,12,3725,1825,25,7737],"class_list":{"0":"post-186607","1":"post","2":"type-post","3":"status-publish","4":"format-standard","5":"has-post-thumbnail","7":"category-grenoble","8":"tag-actu","9":"tag-actualites","10":"tag-alpes","11":"tag-alpes1","12":"tag-auvergne-rhone-alpes","13":"tag-cds","14":"tag-cinema","15":"tag-ecoute","16":"tag-emission","17":"tag-equipe","18":"tag-eu","19":"tag-europe","20":"tag-fr","21":"tag-france","22":"tag-grenoble","23":"tag-haute","24":"tag-information","25":"tag-infos","26":"tag-isere","27":"tag-journal","28":"tag-news","29":"tag-podcast","30":"tag-radio","31":"tag-republique-francaise","32":"tag-winamp"},"share_on_mastodon":{"url":"https:\/\/pubeurope.com\/@fr\/114706022611142107","error":""},"_links":{"self":[{"href":"https:\/\/www.europesays.com\/fr\/wp-json\/wp\/v2\/posts\/186607","targetHints":{"allow":["GET"]}}],"collection":[{"href":"https:\/\/www.europesays.com\/fr\/wp-json\/wp\/v2\/posts"}],"about":[{"href":"https:\/\/www.europesays.com\/fr\/wp-json\/wp\/v2\/types\/post"}],"author":[{"embeddable":true,"href":"https:\/\/www.europesays.com\/fr\/wp-json\/wp\/v2\/users\/2"}],"replies":[{"embeddable":true,"href":"https:\/\/www.europesays.com\/fr\/wp-json\/wp\/v2\/comments?post=186607"}],"version-history":[{"count":0,"href":"https:\/\/www.europesays.com\/fr\/wp-json\/wp\/v2\/posts\/186607\/revisions"}],"wp:featuredmedia":[{"embeddable":true,"href":"https:\/\/www.europesays.com\/fr\/wp-json\/wp\/v2\/media\/186608"}],"wp:attachment":[{"href":"https:\/\/www.europesays.com\/fr\/wp-json\/wp\/v2\/media?parent=186607"}],"wp:term":[{"taxonomy":"category","embeddable":true,"href":"https:\/\/www.europesays.com\/fr\/wp-json\/wp\/v2\/categories?post=186607"},{"taxonomy":"post_tag","embeddable":true,"href":"https:\/\/www.europesays.com\/fr\/wp-json\/wp\/v2\/tags?post=186607"}],"curies":[{"name":"wp","href":"https:\/\/api.w.org\/{rel}","templated":true}]}}