{"id":186633,"date":"2025-06-18T19:41:11","date_gmt":"2025-06-18T19:41:11","guid":{"rendered":"https:\/\/www.europesays.com\/fr\/186633\/"},"modified":"2025-06-18T19:41:11","modified_gmt":"2025-06-18T19:41:11","slug":"dimanche-22-juin-2025-le-quai-des-artistes-revient-quai-leon-jouhaux","status":"publish","type":"post","link":"https:\/\/www.europesays.com\/fr\/186633\/","title":{"rendered":"Dimanche 22 juin 2025, le Quai des Artistes revient Quai L\u00e9on Jouhaux"},"content":{"rendered":"<p style=\"text-align: justify;\">Le <strong>Collectif Weekend\u2019Artistes<\/strong> (WEA) vous donne rendez-vous le <strong>dimanche 22 juin 2025, de 11h \u00e0 19h30, <\/strong>pour la <strong>16\u00e8me \u00e9dition du Quai des Artistes,<\/strong> un<strong> \u00e9v\u00e9nement embl\u00e9matique<\/strong> c\u00e9l\u00e9brant<strong> l\u2019art visuel <\/strong>et la <strong>cr\u00e9ation contemporaine, <\/strong>en plein c\u0153ur du <strong>quai L\u00e9on Jouhaux \u00e0 Lille. <\/strong>Cette ann\u00e9e encore, le<strong> collectif investit les berges du canal <\/strong>pour <strong>une journ\u00e9e artistique <\/strong>et<strong> festive,<\/strong> en collaboration avec <strong>Le Bus Magique <\/strong>qui met en place <strong>une programmation musicale le 21 et 22 juin 2025.<\/strong><\/p>\n<p style=\"text-align: justify;\"><strong>Le Quai des Artistes<\/strong> <strong>transforme l\u2019espace du quai<\/strong> en<strong> un lieu de rencontre<\/strong> <strong>entre nature et art,<\/strong> a<strong>ccessible \u00e0 toutes <\/strong>et <strong>tous. 40 artistes issus des arts visuels<\/strong> y <strong>pr\u00e9senteront leurs \u0153uvres sous forme d\u2019expositions, <\/strong><strong>d\u2019installations <\/strong>et de<strong> performances en direct.<\/strong> <strong>L\u2019occasion id\u00e9ale de fl\u00e2ner entre les stands,<\/strong> <strong>d\u00e9couvrir de nouveaux talents,<\/strong> <strong>\u00e9changer avec les cr\u00e9ateurs<\/strong> et <strong>s\u2019initier \u00e0 diverses pratiques artistiques<\/strong> dans un <strong>cadre verdoyant.<\/strong><\/p>\n<p style=\"text-align: justify;\"><strong>Au programme :<\/strong><br \/>\u2013 Performances street-art en live<br \/>\u2013 DJ set toute la journ\u00e9e<br \/>\u2013 D\u00e9ambulations artistiques<br \/>\u2013 Ateliers gratuits pour tous (pochoirs, s\u00e9rigraphie, monotype\u2026)<br \/>\u2013 Atelier maquillage\/tattoo enfants<br \/>\u2013 Stands d\u2019artistes : peinture, photo, illustration, sculpture, gravure, graffiti\u2026<\/p>\n<p><strong>Temps forts :<\/strong><br \/>14h30-17h30 : Dj set<br \/>17h30\u201319h : Concert live<\/p>\n<p style=\"text-align: justify;\"><strong>Une invitation \u00e0 l\u2019extraordinaire<\/strong><br \/><strong>Le Quai des Artistes<\/strong> est <strong>l\u2019occasion r\u00eav\u00e9e<\/strong> pour les<strong> habitants du quartier Vauban <\/strong>et de <strong>la m\u00e9tropole lilloise <\/strong>de faire <strong>une pause dans leur quotidien<\/strong> et de <strong>plonger dans un univers o\u00f9 l\u2019art se d\u00e9ploie au fil de l\u2019eau.<\/strong> Un <strong>moment de po\u00e9sie urbaine<\/strong> et <strong>d\u2019\u00e9changes interg\u00e9n\u00e9rationnels,<\/strong> <strong>o\u00f9 petits<\/strong> et <strong>grands <\/strong>se retrouvent <strong>autour de la cr\u00e9ation<\/strong> et <strong>de l\u2019inattendu.<\/strong><\/p>\n<p>Infos pratiques<br \/><strong><img loading=\"lazy\" decoding=\"async\" class=\"size-full wp-image-45 lazyloaded tie-appear\" src=\"https:\/\/www.europesays.com\/fr\/wp-content\/uploads\/2025\/04\/arrow.png\" alt=\"\" width=\"9\" height=\"9\" data-lazy-src=\"https:\/\/www.europesays.com\/fr\/wp-content\/uploads\/2025\/04\/arrow.png\"\/><\/strong> <strong>Quai de la Citadelle<\/strong><br \/>Avenue L\u00e9on Jouhaux (derri\u00e8re le Jardin Vauban)<\/p>\n<p><strong><img loading=\"lazy\" decoding=\"async\" class=\"size-full wp-image-45 lazyloaded tie-appear\" src=\"https:\/\/www.europesays.com\/fr\/wp-content\/uploads\/2025\/04\/arrow.png\" alt=\"\" width=\"9\" height=\"9\" data-lazy-src=\"https:\/\/www.europesays.com\/fr\/wp-content\/uploads\/2025\/04\/arrow.png\"\/><\/strong> <a href=\"https:\/\/weekendartistes.fr\/\" target=\"_blank\" rel=\"noopener nofollow\">Site internet de Weekend\u2019artistes<\/a><\/p>\n<p class=\"has-text-align-right\">Source &amp; photos\/vid\u00e9o : DR \u2013 \u00a9 Pairi Daiza<\/p>\n","protected":false},"excerpt":{"rendered":"Le Collectif Weekend\u2019Artistes (WEA) vous donne rendez-vous le dimanche 22 juin 2025, de 11h \u00e0 19h30, pour la&hellip;\n","protected":false},"author":2,"featured_media":186634,"comment_status":"","ping_status":"","sticky":false,"template":"","format":"standard","meta":{"footnotes":""},"categories":[2815],"tags":[32441,1111,11,10036,32442,32443,12084,1777,674,1011,27,12342,32444,811,11043,1307,6727,12,1585,2745,32445,25,3899,7189,32446],"class_list":{"0":"post-186633","1":"post","2":"type-post","3":"status-publish","4":"format-standard","5":"has-post-thumbnail","7":"category-lille","8":"tag-22-juin-2025","9":"tag-actu","10":"tag-actualites","11":"tag-ateliers","12":"tag-avenue-leon-jouhaux","13":"tag-deambulations-artistiques","14":"tag-dj-set","15":"tag-eu","16":"tag-europe","17":"tag-fr","18":"tag-france","19":"tag-graffiti","20":"tag-gravure","21":"tag-hauts-de-france","22":"tag-illustration","23":"tag-lille","24":"tag-maquillage","25":"tag-news","26":"tag-peinture","27":"tag-photo","28":"tag-quai-des-artistes","29":"tag-republique-francaise","30":"tag-sculpture","31":"tag-street-art","32":"tag-ttaoo-enfants"},"share_on_mastodon":{"url":"https:\/\/pubeurope.com\/@fr\/114706073843554591","error":""},"_links":{"self":[{"href":"https:\/\/www.europesays.com\/fr\/wp-json\/wp\/v2\/posts\/186633","targetHints":{"allow":["GET"]}}],"collection":[{"href":"https:\/\/www.europesays.com\/fr\/wp-json\/wp\/v2\/posts"}],"about":[{"href":"https:\/\/www.europesays.com\/fr\/wp-json\/wp\/v2\/types\/post"}],"author":[{"embeddable":true,"href":"https:\/\/www.europesays.com\/fr\/wp-json\/wp\/v2\/users\/2"}],"replies":[{"embeddable":true,"href":"https:\/\/www.europesays.com\/fr\/wp-json\/wp\/v2\/comments?post=186633"}],"version-history":[{"count":0,"href":"https:\/\/www.europesays.com\/fr\/wp-json\/wp\/v2\/posts\/186633\/revisions"}],"wp:featuredmedia":[{"embeddable":true,"href":"https:\/\/www.europesays.com\/fr\/wp-json\/wp\/v2\/media\/186634"}],"wp:attachment":[{"href":"https:\/\/www.europesays.com\/fr\/wp-json\/wp\/v2\/media?parent=186633"}],"wp:term":[{"taxonomy":"category","embeddable":true,"href":"https:\/\/www.europesays.com\/fr\/wp-json\/wp\/v2\/categories?post=186633"},{"taxonomy":"post_tag","embeddable":true,"href":"https:\/\/www.europesays.com\/fr\/wp-json\/wp\/v2\/tags?post=186633"}],"curies":[{"name":"wp","href":"https:\/\/api.w.org\/{rel}","templated":true}]}}