{"id":186638,"date":"2025-06-18T19:44:10","date_gmt":"2025-06-18T19:44:10","guid":{"rendered":"https:\/\/www.europesays.com\/fr\/186638\/"},"modified":"2025-06-18T19:44:10","modified_gmt":"2025-06-18T19:44:10","slug":"un-magistrat-condamne-pour-escroquerie-au-paiement-de-peages-autoroutiers","status":"publish","type":"post","link":"https:\/\/www.europesays.com\/fr\/186638\/","title":{"rendered":"un magistrat condamn\u00e9 pour escroquerie au paiement de p\u00e9ages autoroutiers"},"content":{"rendered":"<p>Le magistrat a \u00e9cop\u00e9 de 14 mois de prison avec sursis et 16.000 euros d\u2019amende pour avoir utilis\u00e9 de fausses plaques d\u2019immatriculation.<\/p>\n<p class=\"fig-paragraph\">Un magistrat du tribunal judiciaire de\u00a0<a href=\"https:\/\/www.lefigaro.fr\/tag\/marseille\" target=\"_blank\" rel=\"noopener\" data-gtm-custom-categorie=\"navigation\" data-gtm-custom-action=\"crossclick\" data-gtm-custom-label=\"Contextuel\" data-gtm-event=\"customEventSPE\">Marseille\u00a0<\/a>a \u00e9t\u00e9 condamn\u00e9 \u00e0 14 mois de prison avec sursis pour escroquerie au paiement\u00a0<a href=\"http:\/\/www.lefigaro.fr\/conjoncture\/autoroutes-les-peages-augmenteront-de-0-92-en-moyenne-en-2025-20241129\" data-fig-type=\"NewsFlash\" data-gtm-custom-categorie=\"navigation\" data-gtm-custom-action=\"crossclick\" data-gtm-custom-label=\"Contextuel\" data-gtm-event=\"customEventSPE\" data-fig-domain=\"LEFIGARO\" target=\"_blank\" rel=\"noopener\">de p\u00e9ages autoroutiers<\/a>\u00a0et fausses d\u00e9clarations d&rsquo;usurpation de plaques d&rsquo;immatriculations, afin d&rsquo;\u00e9chapper \u00e0 des contraventions, a annonc\u00e9 la procureure de N\u00eemes mercredi.<\/p>\n<p class=\"fig-paragraph\">Jug\u00e9 \u00e0 N\u00eemes, o\u00f9 ce dossier avait \u00e9t\u00e9 d\u00e9localis\u00e9, afin qu&rsquo;il puisse \u00eatre trait\u00e9 de fa\u00e7on impartiale, le magistrat, dont la fonction exacte n&rsquo;est pas pr\u00e9cis\u00e9e, utilisait de fausses plaques d&rsquo;immatriculation, afin de ne pas payer les p\u00e9ages sur l&rsquo;autoroute. De m\u00eame, afin de ne pas payer ses contraventions, il effectuait de fausses d\u00e9clarations d&rsquo;usurpation de plaques, comme l&rsquo;a d\u00e9montr\u00e9 l&rsquo;enqu\u00eate men\u00e9e par l&rsquo;escadron de s\u00e9curit\u00e9 routi\u00e8re de la gendarmerie du Var et la section de recherche de Marseille.<\/p>\n<p class=\"fig-paragraph\">Condamn\u00e9 dans le cadre d&rsquo;une proc\u00e9dure de reconnaissance pr\u00e9alable de culpabilit\u00e9, apr\u00e8s avoir reconnu les faits, le magistrat a \u00e9galement vu son permis de conduire annul\u00e9, avec interdiction de le repasser avant quatre mois, et 16.000 euros ont \u00e9t\u00e9 saisis sur ses comptes, \u00abune somme \u00e9quivalente \u00e0 l&rsquo;ensemble des pr\u00e9judices\u00bb, selon le communiqu\u00e9 de la procureure de N\u00eemes.<\/p>\n","protected":false},"excerpt":{"rendered":"Le magistrat a \u00e9cop\u00e9 de 14 mois de prison avec sursis et 16.000 euros d\u2019amende pour avoir utilis\u00e9&hellip;\n","protected":false},"author":2,"featured_media":186639,"comment_status":"","ping_status":"","sticky":false,"template":"","format":"standard","meta":{"footnotes":""},"categories":[2814],"tags":[1111,11,885,1182,1180,1181,3513,1777,674,1011,27,1184,1185,6194,884,12,1177,1176,149,1186,882,25,1178,1183,1179],"class_list":{"0":"post-186638","1":"post","2":"type-post","3":"status-publish","4":"format-standard","5":"has-post-thumbnail","7":"category-marseille","8":"tag-actu","9":"tag-actualites","10":"tag-bouches-du-rhone","11":"tag-calanques","12":"tag-canebiere","13":"tag-cite-phoceenne","14":"tag-escroquerie","15":"tag-eu","16":"tag-europe","17":"tag-fr","18":"tag-france","19":"tag-la-timone","20":"tag-les-baumettes-mediterranee","21":"tag-magistrats","22":"tag-marseille","23":"tag-news","24":"tag-notre-dame-de-la-garde","25":"tag-olympique-de-marseille","26":"tag-om","27":"tag-provence","28":"tag-provence-alpes-cote-dazur","29":"tag-republique-francaise","30":"tag-saint-charles","31":"tag-sormiou","32":"tag-vieux-port"},"share_on_mastodon":{"url":"https:\/\/pubeurope.com\/@fr\/114706085642045714","error":""},"_links":{"self":[{"href":"https:\/\/www.europesays.com\/fr\/wp-json\/wp\/v2\/posts\/186638","targetHints":{"allow":["GET"]}}],"collection":[{"href":"https:\/\/www.europesays.com\/fr\/wp-json\/wp\/v2\/posts"}],"about":[{"href":"https:\/\/www.europesays.com\/fr\/wp-json\/wp\/v2\/types\/post"}],"author":[{"embeddable":true,"href":"https:\/\/www.europesays.com\/fr\/wp-json\/wp\/v2\/users\/2"}],"replies":[{"embeddable":true,"href":"https:\/\/www.europesays.com\/fr\/wp-json\/wp\/v2\/comments?post=186638"}],"version-history":[{"count":0,"href":"https:\/\/www.europesays.com\/fr\/wp-json\/wp\/v2\/posts\/186638\/revisions"}],"wp:featuredmedia":[{"embeddable":true,"href":"https:\/\/www.europesays.com\/fr\/wp-json\/wp\/v2\/media\/186639"}],"wp:attachment":[{"href":"https:\/\/www.europesays.com\/fr\/wp-json\/wp\/v2\/media?parent=186638"}],"wp:term":[{"taxonomy":"category","embeddable":true,"href":"https:\/\/www.europesays.com\/fr\/wp-json\/wp\/v2\/categories?post=186638"},{"taxonomy":"post_tag","embeddable":true,"href":"https:\/\/www.europesays.com\/fr\/wp-json\/wp\/v2\/tags?post=186638"}],"curies":[{"name":"wp","href":"https:\/\/api.w.org\/{rel}","templated":true}]}}