{"id":186651,"date":"2025-06-18T19:54:33","date_gmt":"2025-06-18T19:54:33","guid":{"rendered":"https:\/\/www.europesays.com\/fr\/186651\/"},"modified":"2025-06-18T19:54:33","modified_gmt":"2025-06-18T19:54:33","slug":"quinte-quinte-du-jeudi-19-juin-a-parislongchamp-gerard-ter-borch-appele-a-briller","status":"publish","type":"post","link":"https:\/\/www.europesays.com\/fr\/186651\/","title":{"rendered":"Quint\u00e9+: Quint\u00e9+ du jeudi 19 juin \u00e0 ParisLongchamp : Gerard Ter Borch, appel\u00e9 \u00e0 briller"},"content":{"rendered":"<p><strong>Les partants du Quint\u00e9+ de ce jeudi 19 juin<\/strong><strong style=\"float: left;margin-left: 2%;\">PRIX DU NABOB<\/strong><strong style=\"float: right;margin-right: 2%;\">JEUDI 19 JUIN<\/strong><br \/>ParisLongchamp &#8211; 2200 METRES &#8211; \u00a0<img decoding=\"async\" alt=\"picto_galop\" class=\"img2\" src=\"https:\/\/static.equidia.fr\/equidia\/discipline\/galop.svg\"\/>D\u00c9PART : 20H25<\/p>\n<tr class=\"row1\" style=\"border: thin solid #020338; width: 50%; padding: 5px; background-color: #020338; color: #FFFFFF; text-align: left; line-height: 15px;\">N\u00b0\u00a0CHEVALCORDE\u00a0JOCKEYPOIDS\u00a0ENTRA\u00ceNEURVALEURGAINS<\/tr>\n<tr class=\"row2\" style=\"text-align: left; background-color: #FFFFFF; line-height: 15px;\">\n<td class=\"col1\" style=\"text-align: center; width: 65px;font-weight: bold;\">1<\/td>\n<td class=\"col2\"><a href=\"https:\/\/www.equidia.fr\/chevaux\/le-roi-leon?horse_uuid=c56b7cd9-5d3e-4028-af2e-1b0b0f2abd97\" target=\"_blank\" rel=\"noopener\">LE ROI LEON<\/a><\/td>\n<td class=\"col3\" style=\"text-align: center;\">13<\/td>\n<td class=\"col4\">D.BREUX<\/td>\n<td class=\"col5\">59.0 kg<\/td>\n<td class=\"col6\">M.DELZANGLES<\/td>\n<td class=\"col7\" style=\"text-align: center;\">38.5<\/td>\n<td class=\"col8\" style=\"text-align: right;\">14600 \u20ac<\/td>\n<\/tr>\n<tr class=\"row3\" style=\"text-align: left; background-color: rgb(218, 218, 226); line-height: 15px;\">\n<td class=\"col1\" style=\"text-align: center; width: 65px;font-weight: bold;\">2<\/td>\n<td class=\"col2\"><a href=\"https:\/\/www.equidia.fr\/chevaux\/avant-lorage?horse_uuid=c9349935-f113-4232-8d18-f6ece19e81f0\" target=\"_blank\" rel=\"noopener\">AVANT L&rsquo;ORAGE<\/a><\/td>\n<td class=\"col3\" style=\"text-align: center;\">15<\/td>\n<td class=\"col4\">M.FAVRIAUX<\/td>\n<td class=\"col5\">58.5 kg<\/td>\n<td class=\"col6\">A.FABRE (S)<\/td>\n<td class=\"col7\" style=\"text-align: center;\">38.0<\/td>\n<td class=\"col8\" style=\"text-align: right;\">17750 \u20ac<\/td>\n<\/tr>\n<tr class=\"row2\" style=\"text-align: left; background-color: #FFFFFF; line-height: 15px;\">\n<td class=\"col1\" style=\"text-align: center; width: 65px;font-weight: bold;\">3<\/td>\n<td class=\"col2\"><a href=\"https:\/\/www.equidia.fr\/chevaux\/thinthread?horse_uuid=5624fb86-e71f-4d13-8b36-8e13542de007\" target=\"_blank\" rel=\"noopener\">THINTHREAD<\/a><\/td>\n<td class=\"col3\" style=\"text-align: center;\">8<\/td>\n<td class=\"col4\">T.PICCONE<\/td>\n<td class=\"col5\">57.5 kg<\/td>\n<td class=\"col6\">A.FABRE (S)<\/td>\n<td class=\"col7\" style=\"text-align: center;\">37.0<\/td>\n<td class=\"col8\" style=\"text-align: right;\">8500 \u20ac<\/td>\n<\/tr>\n<tr class=\"row3\" style=\"text-align: left; background-color: rgb(218, 218, 226); line-height: 15px;\">\n<td class=\"col1\" style=\"text-align: center; width: 65px;font-weight: bold;\">4<\/td>\n<td class=\"col2\"><a href=\"https:\/\/www.equidia.fr\/chevaux\/samwest?horse_uuid=9843ab72-5d7b-429a-a28f-d1061098d2f3\" target=\"_blank\" rel=\"noopener\">SAMWEST<\/a><\/td>\n<td class=\"col3\" style=\"text-align: center;\">4<\/td>\n<td class=\"col4\">T.BACHELOT<\/td>\n<td class=\"col5\">57.0 kg<\/td>\n<td class=\"col6\">MME A.WATTEL<\/td>\n<td class=\"col7\" style=\"text-align: center;\">36.5<\/td>\n<td class=\"col8\" style=\"text-align: right;\">21950 \u20ac<\/td>\n<\/tr>\n<tr class=\"row2\" style=\"text-align: left; background-color: #FFFFFF; line-height: 15px;\">\n<td class=\"col1\" style=\"text-align: center; width: 65px;font-weight: bold;\">5<\/td>\n<td class=\"col2\"><a href=\"https:\/\/www.equidia.fr\/chevaux\/gerard-ter-borch?horse_uuid=a615df91-a432-49e7-8343-7623a1d1baf0\" target=\"_blank\" rel=\"noopener\">GERARD TER BORCH<\/a><\/td>\n<td class=\"col3\" style=\"text-align: center;\">12<\/td>\n<td class=\"col4\">A.LEMAITRE<\/td>\n<td class=\"col5\">57.0 kg<\/td>\n<td class=\"col6\">M.DELZANGLES<\/td>\n<td class=\"col7\" style=\"text-align: center;\">36.5<\/td>\n<td class=\"col8\" style=\"text-align: right;\">11250 \u20ac<\/td>\n<\/tr>\n<tr class=\"row3\" style=\"text-align: left; background-color: rgb(218, 218, 226); line-height: 15px;\">\n<td class=\"col1\" style=\"text-align: center; width: 65px;font-weight: bold;\">6<\/td>\n<td class=\"col2\"><a href=\"https:\/\/www.equidia.fr\/chevaux\/green-cape?horse_uuid=fc98ad7c-c276-42b5-b8d6-1a151c7b21ff\" target=\"_blank\" rel=\"noopener\">GREEN CAPE<\/a><\/td>\n<td class=\"col3\" style=\"text-align: center;\">1<\/td>\n<td class=\"col4\">C.DEMURO<\/td>\n<td class=\"col5\">56.5 kg<\/td>\n<td class=\"col6\">A.FABRE (S)<\/td>\n<td class=\"col7\" style=\"text-align: center;\">36.0<\/td>\n<td class=\"col8\" style=\"text-align: right;\">26200 \u20ac<\/td>\n<\/tr>\n<tr class=\"row2\" style=\"text-align: left; background-color: #FFFFFF; line-height: 15px;\">\n<td class=\"col1\" style=\"text-align: center; width: 65px;font-weight: bold;\">7<\/td>\n<td class=\"col2\"><a href=\"https:\/\/www.equidia.fr\/chevaux\/galiciano?horse_uuid=6a9c69b7-040b-4b23-9185-2b548f4f22fb\" target=\"_blank\" rel=\"noopener\">GALICIANO<\/a><\/td>\n<td class=\"col3\" style=\"text-align: center;\">2<\/td>\n<td class=\"col4\">P.REMOUE<\/td>\n<td class=\"col5\">56.5 kg<\/td>\n<td class=\"col6\">Y.FOUIN (S)<\/td>\n<td class=\"col7\" style=\"text-align: center;\">36.0<\/td>\n<td class=\"col8\" style=\"text-align: right;\">19000 \u20ac<\/td>\n<\/tr>\n<tr class=\"row3\" style=\"text-align: left; background-color: rgb(218, 218, 226); line-height: 15px;\">\n<td class=\"col1\" style=\"text-align: center; width: 65px;font-weight: bold;\">8<\/td>\n<td class=\"col2\"><a href=\"https:\/\/www.equidia.fr\/chevaux\/dschingis-galilei?horse_uuid=c81cfb53-44db-470a-8692-99b5ec77101c\" target=\"_blank\" rel=\"noopener\">DSCHINGIS GALILEI<\/a><\/td>\n<td class=\"col3\" style=\"text-align: center;\">16<\/td>\n<td class=\"col4\">D.PROVOST<\/td>\n<td class=\"col5\">56.0 kg<\/td>\n<td class=\"col6\">M.BRASME (S)<\/td>\n<td class=\"col7\" style=\"text-align: center;\">35.5<\/td>\n<td class=\"col8\" style=\"text-align: right;\">17350 \u20ac<\/td>\n<\/tr>\n<tr class=\"row2\" style=\"text-align: left; background-color: #FFFFFF; line-height: 15px;\">\n<td class=\"col1\" style=\"text-align: center; width: 65px;font-weight: bold;\">9<\/td>\n<td class=\"col2\"><a href=\"https:\/\/www.equidia.fr\/chevaux\/vie-secrete?horse_uuid=33a94c90-4b90-4900-89ff-2b0e814ec514\" target=\"_blank\" rel=\"noopener\">VIE SECRETE<\/a><\/td>\n<td class=\"col3\" style=\"text-align: center;\">9<\/td>\n<td class=\"col4\">S.LADJADJ<\/td>\n<td class=\"col5\">56.0 kg<\/td>\n<td class=\"col6\">C&amp;Y.LERNER (S)<\/td>\n<td class=\"col7\" style=\"text-align: center;\">35.5<\/td>\n<td class=\"col8\" style=\"text-align: right;\">5400 \u20ac<\/td>\n<\/tr>\n<tr class=\"row3\" style=\"text-align: left; background-color: rgb(218, 218, 226); line-height: 15px;\">\n<td class=\"col1\" style=\"text-align: center; width: 65px;font-weight: bold;\">10<\/td>\n<td class=\"col2\"><a href=\"https:\/\/www.equidia.fr\/chevaux\/weemagatee?horse_uuid=03b54711-fcd3-4ede-92b9-bd1cc3fbad44\" target=\"_blank\" rel=\"noopener\">WEEMAGATEE<\/a><\/td>\n<td class=\"col3\" style=\"text-align: center;\">6<\/td>\n<td class=\"col4\">A.CRASTUS<\/td>\n<td class=\"col5\">55.5 kg<\/td>\n<td class=\"col6\">J.ANDREU (S)<\/td>\n<td class=\"col7\" style=\"text-align: center;\">35.0<\/td>\n<td class=\"col8\" style=\"text-align: right;\">31225 \u20ac<\/td>\n<\/tr>\n<tr class=\"row2\" style=\"text-align: left; background-color: #FFFFFF; line-height: 15px;\">\n<td class=\"col1\" style=\"text-align: center; width: 65px;font-weight: bold;\">11<\/td>\n<td class=\"col2\"><a href=\"https:\/\/www.equidia.fr\/chevaux\/roulette-1?horse_uuid=a85db78b-58e2-4224-8856-670b7f6f25c8\" target=\"_blank\" rel=\"noopener\">ROULETTE<\/a><\/td>\n<td class=\"col3\" style=\"text-align: center;\">11<\/td>\n<td class=\"col4\">S.PASQUIER<\/td>\n<td class=\"col5\">55.5 kg<\/td>\n<td class=\"col6\">CLEMENT &amp; HERMANS (S)<\/td>\n<td class=\"col7\" style=\"text-align: center;\">35.0<\/td>\n<td class=\"col8\" style=\"text-align: right;\">27270 \u20ac<\/td>\n<\/tr>\n<tr class=\"row3\" style=\"text-align: left; background-color: rgb(218, 218, 226); line-height: 15px;\">\n<td class=\"col1\" style=\"text-align: center; width: 65px;font-weight: bold;\">12<\/td>\n<td class=\"col2\"><a href=\"https:\/\/www.equidia.fr\/chevaux\/princesse-trezy?horse_uuid=828a65e1-5fbd-4f30-8e81-cab93f97ee66\" target=\"_blank\" rel=\"noopener\">PRINCESSE TREZY<\/a><\/td>\n<td class=\"col3\" style=\"text-align: center;\">10<\/td>\n<td class=\"col4\">C.SOUMILLON<\/td>\n<td class=\"col5\">55.5 kg<\/td>\n<td class=\"col6\">S.KOBAYASHI (S)<\/td>\n<td class=\"col7\" style=\"text-align: center;\">35.0<\/td>\n<td class=\"col8\" style=\"text-align: right;\">26340 \u20ac<\/td>\n<\/tr>\n<tr class=\"row2\" style=\"text-align: left; background-color: #FFFFFF; line-height: 15px;\">\n<td class=\"col1\" style=\"text-align: center; width: 65px;font-weight: bold;\">13<\/td>\n<td class=\"col2\"><a href=\"https:\/\/www.equidia.fr\/chevaux\/golden-disc-1?horse_uuid=84e13eec-dc62-4a47-84c3-15ba6574478e\" target=\"_blank\" rel=\"noopener\">GOLDEN DISC<\/a><\/td>\n<td class=\"col3\" style=\"text-align: center;\">7<\/td>\n<td class=\"col4\">A.MADAMET<\/td>\n<td class=\"col5\">55.0 kg<\/td>\n<td class=\"col6\">HF.DEVIN (S)<\/td>\n<td class=\"col7\" style=\"text-align: center;\">34.5<\/td>\n<td class=\"col8\" style=\"text-align: right;\">7420 \u20ac<\/td>\n<\/tr>\n<tr class=\"row3\" style=\"text-align: left; background-color: rgb(218, 218, 226); line-height: 15px;\">\n<td class=\"col1\" style=\"text-align: center; width: 65px;font-weight: bold;\">14<\/td>\n<td class=\"col2\"><a href=\"https:\/\/www.equidia.fr\/chevaux\/gwo-ka?horse_uuid=657858a1-a3b9-4152-bb44-03d1218696b4\" target=\"_blank\" rel=\"noopener\">GWO KA<\/a><\/td>\n<td class=\"col3\" style=\"text-align: center;\">3<\/td>\n<td class=\"col4\">M.GUYON<\/td>\n<td class=\"col5\">54.5 kg<\/td>\n<td class=\"col6\">C.FERLAND (S)<\/td>\n<td class=\"col7\" style=\"text-align: center;\">34.0<\/td>\n<td class=\"col8\" style=\"text-align: right;\">33200 \u20ac<\/td>\n<\/tr>\n<tr class=\"row2\" style=\"text-align: left; background-color: #FFFFFF; line-height: 15px;\">\n<td class=\"col1\" style=\"text-align: center; width: 65px;font-weight: bold;\">15<\/td>\n<td class=\"col2\"><a href=\"https:\/\/www.equidia.fr\/chevaux\/le-professionnel-1?horse_uuid=9bcc51df-5384-4d6c-8619-11bb690bdef2\" target=\"_blank\" rel=\"noopener\">LE PROFESSIONNEL<\/a><\/td>\n<td class=\"col3\" style=\"text-align: center;\">5<\/td>\n<td class=\"col4\">I.MENDIZABAL<\/td>\n<td class=\"col5\">54.5 kg<\/td>\n<td class=\"col6\">D.WATRIGANT (S)<\/td>\n<td class=\"col7\" style=\"text-align: center;\">34.0<\/td>\n<td class=\"col8\" style=\"text-align: right;\">12100 \u20ac<\/td>\n<\/tr>\n<tr class=\"row3\" style=\"text-align: left; background-color: rgb(218, 218, 226); line-height: 15px;\">\n<td class=\"col1\" style=\"text-align: center; width: 65px;font-weight: bold;\">16<\/td>\n<td class=\"col2\"><a href=\"https:\/\/www.equidia.fr\/chevaux\/gabylou?horse_uuid=f3d441ce-3791-4ff9-8fd2-d66438439a07\" target=\"_blank\" rel=\"noopener\">GABYLOU<\/a><\/td>\n<td class=\"col3\" style=\"text-align: center;\">14<\/td>\n<td class=\"col4\">H.LEBOUC<\/td>\n<td class=\"col5\">54.0 kg<\/td>\n<td class=\"col6\">G.FOURRIER<\/td>\n<td class=\"col7\" style=\"text-align: center;\">33.5<\/td>\n<td class=\"col8\" style=\"text-align: right;\">27940 \u20ac<\/td>\n<\/tr>\n<p><strong>Les forces en pr\u00e9sence<\/strong><\/p>\n<p style=\"text-align: justify;\">Apr\u00e8s avoir ouvert son palmar\u00e8s de brillante mani\u00e8re \u00e0 Ligni\u00e8res, <a href=\"https:\/\/www.equidia.fr\/chevaux\/gerard-ter-borch?horse_uuid=a615df91-a432-49e7-8343-7623a1d1baf0\" target=\"_blank\" rel=\"noopener\">GERARD TER BORCH (5)<\/a> a \u00e9t\u00e9 remarqu\u00e9 lors de ses deux prestations suivantes, dans des lots bien compos\u00e9s. Il d\u00e9bute dans les handicaps avec une valeur int\u00e9ressante et semble capable de mettre tout le monde d&rsquo;accord. L&rsquo;opposition sera emmen\u00e9e par <a href=\"https:\/\/www.equidia.fr\/chevaux\/green-cape?horse_uuid=fc98ad7c-c276-42b5-b8d6-1a151c7b21ff\" target=\"_blank\" rel=\"noopener\">GREEN CAPE (6)<\/a>, rallong\u00e9 avec succ\u00e8s et bien loti dans les stalles, <a href=\"https:\/\/www.equidia.fr\/chevaux\/galiciano?horse_uuid=6a9c69b7-040b-4b23-9185-2b548f4f22fb\" target=\"_blank\" rel=\"noopener\">GALICIANO (7)<\/a>, bien plac\u00e9 au poids pour son coup d&rsquo;essai \u00e0 ce niveau, <a href=\"https:\/\/www.equidia.fr\/chevaux\/roulette-1?horse_uuid=a85db78b-58e2-4224-8856-670b7f6f25c8\" target=\"_blank\" rel=\"noopener\">ROULETTE (11)<\/a>, convaincant derni\u00e8rement \u00e0 l&rsquo;\u00e9chelon inf\u00e9rieur, et <a href=\"https:\/\/www.equidia.fr\/chevaux\/golden-disc-1?horse_uuid=84e13eec-dc62-4a47-84c3-15ba6574478e\" target=\"_blank\" rel=\"noopener\">GOLDEN DISC (13)<\/a>, auteur d&rsquo;un dernier effort final tr\u00e8s prometteur. <a href=\"https:\/\/www.equidia.fr\/chevaux\/princesse-trezy?horse_uuid=828a65e1-5fbd-4f30-8e81-cab93f97ee66\" target=\"_blank\" rel=\"noopener\">PRINCESSE TREZY (12)<\/a> a toujours \u00e9t\u00e9 estim\u00e9e par Satoshi Kobayashi et sera associ\u00e9e \u00e0 Christophe Soumillon, irr\u00e9sistible actuellement. Capable d&rsquo;adopter toutes les tactiques, elle peut jouer un premier r\u00f4le. <a href=\"https:\/\/www.equidia.fr\/chevaux\/thinthread?horse_uuid=5624fb86-e71f-4d13-8b36-8e13542de007\" target=\"_blank\" rel=\"noopener\">THINTHREAD (3)<\/a>, encore perfectible, et <a href=\"https:\/\/www.equidia.fr\/chevaux\/vie-secrete?horse_uuid=33a94c90-4b90-4900-89ff-2b0e814ec514\" target=\"_blank\" rel=\"noopener\">VIE SECRETE (9)<\/a>, dont la derni\u00e8re sortie est meilleure que ne l&rsquo;indique le classement brut (9e), compl\u00e8tent notre choix.<\/p>\n<p><strong>Le prono de Micka\u00ebl AFRIAT<\/strong><\/p>\n<tr cellpadding=\"0\" cellspacing=\"10\" class=\"row5\" style=\"text-align: left; background-color: #FFFFFF; font-size: 130%;\">\n<td style=\"text-align: center;\">5<\/td>\n<td style=\"text-align: center;\">6<\/td>\n<td style=\"text-align: center;\">7<\/td>\n<td style=\"text-align: center;\">11<\/td>\n<td style=\"text-align: center;\">13<\/td>\n<td style=\"text-align: center;\">12<\/td>\n<td style=\"text-align: center;\">3<\/td>\n<td style=\"text-align: center;\">9<\/td>\n<\/tr>\n<tr class=\"row6\" style=\"text-align: center; background-color: #FFFFFF; column-width: 6rem;\">\n<td class=\"col5\"><img decoding=\"async\" alt=\"casaque_GERARD TER BORCH\" class=\"cas\" src=\"https:\/\/www.europesays.com\/fr\/wp-content\/uploads\/2025\/06\/20250619-r1c7p5-png.png\" style=\" width: 70%;\"\/><\/p>\n<p class=\"col10\" style=\"font-size: x-small; line-height: 11px;;\">GERARD TER BORCH<\/p>\n<\/td>\n<td class=\"col6\"><img decoding=\"async\" alt=\"casaque_GREEN CAPE\" class=\"cas\" src=\"https:\/\/www.europesays.com\/fr\/wp-content\/uploads\/2025\/06\/20250619-r1c7p6-png.png\" style=\" width: 70%;\"\/><\/p>\n<p class=\"col10\" style=\"font-size: x-small; line-height: 11px;;\">GREEN CAPE<\/p>\n<\/td>\n<td class=\"col7\"><img decoding=\"async\" alt=\"casaque_GALICIANO\" class=\"cas\" src=\"https:\/\/www.europesays.com\/fr\/wp-content\/uploads\/2025\/06\/20250619-r1c7p7-png.png\" style=\" width: 70%;\"\/><\/p>\n<p class=\"col10\" style=\"font-size: x-small; line-height: 11px;;\">GALICIANO<\/p>\n<\/td>\n<td class=\"col11\"><img decoding=\"async\" alt=\"casaque_ROULETTE\" class=\"cas\" src=\"https:\/\/www.europesays.com\/fr\/wp-content\/uploads\/2025\/06\/20250619-r1c7p11-png.png\" style=\" width: 70%;\"\/><\/p>\n<p class=\"col10\" style=\"font-size: x-small; line-height: 11px;;\">ROULETTE<\/p>\n<\/td>\n<td class=\"col13\"><img decoding=\"async\" alt=\"casaque_GOLDEN DISC\" class=\"cas\" src=\"https:\/\/www.europesays.com\/fr\/wp-content\/uploads\/2025\/06\/20250619-r1c7p13-png.png\" style=\" width: 70%;\"\/><\/p>\n<p class=\"col10\" style=\"font-size: x-small; line-height: 11px;;\">GOLDEN DISC<\/p>\n<\/td>\n<td class=\"col12\"><img decoding=\"async\" alt=\"casaque_PRINCESSE TREZY\" class=\"cas\" src=\"https:\/\/www.europesays.com\/fr\/wp-content\/uploads\/2025\/06\/20250619-r1c7p12-png.png\" style=\" width: 70%;\"\/><\/p>\n<p class=\"col10\" style=\"font-size: x-small; line-height: 11px;;\">PRINCESSE TREZY<\/p>\n<\/td>\n<td class=\"col3\"><img decoding=\"async\" alt=\"casaque_THINTHREAD\" class=\"cas\" src=\"https:\/\/www.europesays.com\/fr\/wp-content\/uploads\/2025\/06\/20250619-r1c7p3-png.png\" style=\" width: 70%;\"\/><\/p>\n<p class=\"col10\" style=\"font-size: x-small; line-height: 11px;;\">THINTHREAD<\/p>\n<\/td>\n<td class=\"col9\"><img decoding=\"async\" alt=\"casaque_VIE SECRETE\" class=\"cas\" src=\"https:\/\/www.europesays.com\/fr\/wp-content\/uploads\/2025\/06\/20250619-r1c7p9-png.png\" style=\" width: 70%;\"\/><\/p>\n<p class=\"col10\" style=\"font-size: x-small; line-height: 11px;;\">VIE SECRETE<\/p>\n<\/td>\n<\/tr>\n<p><a href=\"https:\/\/servedby.revive-adserver.net\/ck.php?n=a3265498&amp;cb=1234\" target=\"_blank\" rel=\"noopener\"><img decoding=\"async\" alt=\"\" border=\"0\" src=\"https:\/\/www.europesays.com\/fr\/wp-content\/uploads\/2025\/06\/1750276459_230_avw\"\/><\/a><\/p>\n<p><strong>Les partants en d\u00e9tail (par M. AFRIAT) et l&rsquo;avis des pros (par M. BERTELLA)<\/strong><\/p>\n<p id=\"ch_LE ROI LEON\" style=\"margin-bottom: 1%;\"><a href=\"https:\/\/www.equidia.fr\/chevaux\/le-roi-leon?horse_uuid=c56b7cd9-5d3e-4028-af2e-1b0b0f2abd97\" target=\"_blank\" rel=\"noopener\">1 &#8211; \u00a0<img decoding=\"async\" alt=\"casaque_LE ROI LEON\" src=\"https:\/\/www.europesays.com\/fr\/wp-content\/uploads\/2025\/06\/20250619-r1c7p1-png.png\" style=\"width: 4.5%; margin :0; vertical-align : middle;\"\/>\u00a0\u00a0LE ROI LEON<\/a><\/p>\n<p style=\"text-align: justify;\">Tr\u00e8s correct huiti\u00e8me le 30 avril sur 2 000 m\u00e8tres, ce prot\u00e9g\u00e9 de Mikel Delzangles devrait appr\u00e9cier la distance plus longue. D\u00e9nu\u00e9 de marge, malgr\u00e9 une l\u00e9g\u00e8re baisse de valeur, il peut viser, comme beaucoup d&rsquo;autres, la quatri\u00e8me ou cinqui\u00e8me place.<\/p>\n<p><strong>David Breux, jockey : <\/strong><\/p>\n<p style=\"text-align: justify;\">\u00ab Le Roi Leon (1) n&rsquo;est pas \u00e9vident \u00e0 cerner mais je pense qu&rsquo;il sera plus \u00e0 l&rsquo;aise sur 2 200 m\u00e8tres. L&rsquo;autre jour \u00e0 Saint-Cloud, il a trouv\u00e9 la distance trop courte. Il avait bien couru lors de son avant-derni\u00e8re sortie dans un Quint\u00e9+ \u00e0 ParisLongchamp, mais je pense qu&rsquo;il n&rsquo;a pas trop de marge \u00e0 cette valeur. On va essayer d&rsquo;accrocher une place en fin de combinaison. \u00bb<\/p>\n<p id=\"ch_AVANT L'ORAGE\" style=\"margin-bottom: 1%;\"><a href=\"https:\/\/www.equidia.fr\/chevaux\/avant-lorage?horse_uuid=c9349935-f113-4232-8d18-f6ece19e81f0\" target=\"_blank\" rel=\"noopener\">2 &#8211; \u00a0<img decoding=\"async\" alt=\"casaque_AVANT L'ORAGE\" src=\"https:\/\/www.europesays.com\/fr\/wp-content\/uploads\/2025\/06\/20250619-r1c7p2-png.png\" style=\"width: 4.5%; margin :0; vertical-align : middle;\"\/>\u00a0\u00a0AVANT L&rsquo;ORAGE<\/a><\/p>\n<p style=\"text-align: justify;\">Malchanceux le 4 avril au Val d&rsquo;Or, ce pensionnaire d&rsquo;Andr\u00e9 Fabre a ouvert son palmar\u00e8s d\u00e8s sa sortie suivante au prix d&rsquo;un bel effort final. Sa t\u00e2che se complique avec cinq livres de surcharge, mais il n&rsquo;a probablement pas encore tout montr\u00e9. Une possibilit\u00e9 parmi tant d&rsquo;autres.<\/p>\n<p><strong>Malone Favriaux, jockey : <\/strong><\/p>\n<p style=\"text-align: justify;\">\u00ab Avant l&rsquo;Orage (2) est un poulain que je connais bien. Je l&rsquo;avais mont\u00e9 au d\u00e9but de sa carri\u00e8re. Il \u00e9tait tardif, mais il a progress\u00e9 au fil des courses. Je sais qu&rsquo;il est en forme et, normalement, il devrait pouvoir jouer un bon r\u00f4le. Maintenant, il faudra composer avec un mauvais num\u00e9ro dans les stalles. J&rsquo;esp\u00e8re que nous pourrons b\u00e9n\u00e9ficier d&rsquo;un bon d\u00e9roulement de course. \u00bb<\/p>\n<p id=\"ch_THINTHREAD\" style=\"margin-bottom: 1%;\"><a href=\"https:\/\/www.equidia.fr\/chevaux\/thinthread?horse_uuid=5624fb86-e71f-4d13-8b36-8e13542de007\" target=\"_blank\" rel=\"noopener\">3 &#8211; \u00a0<img decoding=\"async\" alt=\"casaque_THINTHREAD\" src=\"https:\/\/www.europesays.com\/fr\/wp-content\/uploads\/2025\/06\/1750276461_186_20250619-r1c7p3-png.png\" style=\"width: 4.5%; margin :0; vertical-align : middle;\"\/>\u00a0\u00a0THINTHREAD<\/a><\/p>\n<p style=\"text-align: justify;\">Ce poulain encore entier s&rsquo;est impos\u00e9 avec autorit\u00e9 lors de sa rentr\u00e9e \u00e0 Evreux. Il monte de cat\u00e9gorie et d\u00e9bute dans les handicaps, mais il poss\u00e8de assur\u00e9ment une belle marge de progression. Il convient de le retenir en bon rang.<\/p>\n<p><strong>L&rsquo;avis du reporter : <\/strong><\/p>\n<p style=\"text-align: justify;\">\u00ab Thinthread (3) s&rsquo;est impos\u00e9 avec style lors de sa rentr\u00e9e \u00e0 Evreux, dans un lot toutefois moins relev\u00e9. Si Andr\u00e9 Fabre le pr\u00e9sente dans un handicap d\u00e8s sa quatri\u00e8me tentative, ce n&rsquo;est certainement pas sans ambitions. Compte tenu de ses \u00ab\u00a0lignes\u00a0\u00bb, il semble correctement situ\u00e9 en valeur 37. Une place semble \u00e0 sa port\u00e9e. \u00bb<\/p>\n<p id=\"ch_SAMWEST\" style=\"margin-bottom: 1%;\"><a href=\"https:\/\/www.equidia.fr\/chevaux\/samwest?horse_uuid=9843ab72-5d7b-429a-a28f-d1061098d2f3\" target=\"_blank\" rel=\"noopener\">4 &#8211; \u00a0<img decoding=\"async\" alt=\"casaque_SAMWEST\" src=\"https:\/\/www.europesays.com\/fr\/wp-content\/uploads\/2025\/06\/20250619-r1c7p4-png.png\" style=\"width: 4.5%; margin :0; vertical-align : middle;\"\/>\u00a0\u00a0SAMWEST<\/a><\/p>\n<p style=\"text-align: justify;\">Pass\u00e9 chez Anastasia Wattel apr\u00e8s son succ\u00e8s du 13 mars dans une course \u00e0 r\u00e9clamer, ce fils de Romanised n&rsquo;a pas d\u00e9m\u00e9rit\u00e9 dans le Quint\u00e9+ r\u00e9f\u00e9rence (7e). \u00c0 cette valeur, il n&rsquo;a aucune marge, mais le lot semble un peu moins relev\u00e9 cette fois. Outsider valable.<\/p>\n<p><strong>Anastasia Wattel, entra\u00eeneur : <\/strong><\/p>\n<p style=\"text-align: justify;\">\u00ab Samwest (4) est un poulain que j&rsquo;aime bien. Il disputait son premier Quint\u00e9+ derni\u00e8rement \u00e0 ParisLongchamp et je trouve qu&rsquo;il s&rsquo;est honorablement comport\u00e9. Le lot \u00e9tait bon et il a su tirer son \u00e9pingle du jeu. Nous visons une \u00e9preuve \u00e0 Deauville le 12 ao\u00fbt sur les 1 900m PSF, car je pense qu&rsquo;il est nettement meilleur sur le sable. En attendant, on esp\u00e8re qu&rsquo;il pourra tout de m\u00eame bien faire ce jeudi. S&rsquo;il r\u00e9p\u00e8te sa derni\u00e8re sortie, il peut accrocher une place en fin de combinaison. \u00bb<\/p>\n<p id=\"ch_GERARD TER BORCH\" style=\"margin-bottom: 1%;\"><a href=\"https:\/\/www.equidia.fr\/chevaux\/gerard-ter-borch?horse_uuid=a615df91-a432-49e7-8343-7623a1d1baf0\" target=\"_blank\" rel=\"noopener\">5 &#8211; \u00a0<img decoding=\"async\" alt=\"casaque_GERARD TER BORCH\" src=\"https:\/\/www.europesays.com\/fr\/wp-content\/uploads\/2025\/06\/1750276462_482_20250619-r1c7p5-png.png\" style=\"width: 4.5%; margin :0; vertical-align : middle;\"\/>\u00a0\u00a0GERARD TER BORCH<\/a><\/p>\n<p style=\"text-align: justify;\">Cet \u00e9l\u00e9gant poulain a fait forte impression \u00e0 chacune de ses apparitions. Dot\u00e9 d&rsquo;un joli changement de vitesse, il semble tr\u00e8s bien plac\u00e9 en valeur 36,5. La grande piste de ParisLongchamp va grandement favoriser ses int\u00e9r\u00eats. Si l&rsquo;\u00e9preuve est s\u00e9lective, il ne devrait pas \u00eatre loin du compte.<\/p>\n<p><strong>L&rsquo;avis du reporter : <\/strong><\/p>\n<p style=\"text-align: justify;\">\u00ab Impressionnant lors de ses d\u00e9buts, Gerard Ter Borch (5) a ensuite remarquablement couru \u00e0 deux reprises dans des lots relev\u00e9s. Tr\u00e8s bien plac\u00e9 en valeur 36,5, il est assur\u00e9ment capable d&rsquo;effectuer des d\u00e9buts tonitruants dans les handicaps. \u00bb<\/p>\n<p id=\"ch_GREEN CAPE\" style=\"margin-bottom: 1%;\"><a href=\"https:\/\/www.equidia.fr\/chevaux\/green-cape?horse_uuid=fc98ad7c-c276-42b5-b8d6-1a151c7b21ff\" target=\"_blank\" rel=\"noopener\">6 &#8211; \u00a0<img decoding=\"async\" alt=\"casaque_GREEN CAPE\" src=\"https:\/\/www.europesays.com\/fr\/wp-content\/uploads\/2025\/06\/1750276463_900_20250619-r1c7p6-png.png\" style=\"width: 4.5%; margin :0; vertical-align : middle;\"\/>\u00a0\u00a0GREEN CAPE<\/a><\/p>\n<p style=\"text-align: justify;\">Ce repr\u00e9sentant Godolphin est toujours maiden apr\u00e8s huit sorties, mais il a tout de m\u00eame montr\u00e9 sa comp\u00e9titivit\u00e9 \u00e0 ce niveau. Bon cinqui\u00e8me le 25 mai, alors qu&rsquo;il se testait sur une distance sup\u00e9rieure \u00e0 1 800 m\u00e8tres, il fait partie des belles chances th\u00e9oriques, d&rsquo;autant qu&rsquo;il partira de la corde 1.<\/p>\n<p><strong>L&rsquo;avis du reporter : <\/strong><\/p>\n<p style=\"text-align: justify;\">\u00ab Green Cape (6) a montr\u00e9 sa comp\u00e9titivit\u00e9 \u00e0 cette valeur lors de ses deux derni\u00e8res tentatives. De plus, le rallongement de la distance va probablement avantager ce bon finisseur. S&rsquo;il a les coud\u00e9es franches au moment opportun, il a les moyens de jouer un premier r\u00f4le. \u00bb<\/p>\n<p id=\"ch_GALICIANO\" style=\"margin-bottom: 1%;\"><a href=\"https:\/\/www.equidia.fr\/chevaux\/galiciano?horse_uuid=6a9c69b7-040b-4b23-9185-2b548f4f22fb\" target=\"_blank\" rel=\"noopener\">7 &#8211; \u00a0<img decoding=\"async\" alt=\"casaque_GALICIANO\" src=\"https:\/\/www.europesays.com\/fr\/wp-content\/uploads\/2025\/06\/1750276464_434_20250619-r1c7p7-png.png\" style=\"width: 4.5%; margin :0; vertical-align : middle;\"\/>\u00a0\u00a0GALICIANO<\/a><\/p>\n<p style=\"text-align: justify;\">Poulain encore tout neuf, il vient d&rsquo;ouvrir son palmar\u00e8s dans un lot bien compos\u00e9 \u00e0 Nantes. Il d\u00e9bute dans les handicaps \u00e0 une valeur coh\u00e9rente et devrait appr\u00e9cier la piste ferme. Sur sa lanc\u00e9e, il peut se r\u00e9v\u00e9ler \u00e0 ce niveau.<\/p>\n<p><strong>Yannick Fouin, entra\u00eeneur : <\/strong><\/p>\n<p style=\"text-align: justify;\">\u00ab Galiciano (7) est rest\u00e9 en forme depuis sa derni\u00e8re course. Il a gagn\u00e9 plaisamment \u00e0 Nantes, mais cette fois, on change de cat\u00e9gorie, et on ne sait pas encore ce qu&rsquo;il peut faire \u00e0 ce niveau. Cette course aura valeur de test. \u00bb<\/p>\n<p id=\"ch_DSCHINGIS GALILEI\" style=\"margin-bottom: 1%;\"><a href=\"https:\/\/www.equidia.fr\/chevaux\/dschingis-galilei?horse_uuid=c81cfb53-44db-470a-8692-99b5ec77101c\" target=\"_blank\" rel=\"noopener\">8 &#8211; \u00a0<img decoding=\"async\" alt=\"casaque_DSCHINGIS GALILEI\" src=\"https:\/\/www.europesays.com\/fr\/wp-content\/uploads\/2025\/06\/20250619-r1c7p8-png.png\" style=\"width: 4.5%; margin :0; vertical-align : middle;\"\/>\u00a0\u00a0DSCHINGIS GALILEI<\/a><\/p>\n<p style=\"text-align: justify;\">Non Partant<\/p>\n<p><strong>Dorian Provost, jockey : <\/strong><\/p>\n<p style=\"text-align: justify;\">\u00ab Dschingis Galilei (8) est un poulain que j&rsquo;aime bien. Il m&rsquo;a laiss\u00e9 une impression tr\u00e8s favorable derni\u00e8rement \u00e0 Lyon-Parilly. En plus, le deuxi\u00e8me a gagn\u00e9 ensuite, donc la ligne n&rsquo;est pas mauvaise. Ce jour-l\u00e0, je l&rsquo;avais trouv\u00e9 encore un peu \u00ab\u00a0vert\u00a0\u00bb. Nous avons tir\u00e9 le num\u00e9ro 16 dans les stalles de d\u00e9part, ce qui ne va pas nous aider, mais il est assez facile et maniable. Il a probablement besoin de s&rsquo;endurcir mais c&rsquo;est un poulain int\u00e9ressant. Il ne sera pas ridicule ! \u00bb<\/p>\n<p id=\"ch_VIE SECRETE\" style=\"margin-bottom: 1%;\"><a href=\"https:\/\/www.equidia.fr\/chevaux\/vie-secrete?horse_uuid=33a94c90-4b90-4900-89ff-2b0e814ec514\" target=\"_blank\" rel=\"noopener\">9 &#8211; \u00a0<img decoding=\"async\" alt=\"casaque_VIE SECRETE\" src=\"https:\/\/www.europesays.com\/fr\/wp-content\/uploads\/2025\/06\/1750276465_155_20250619-r1c7p9-png.png\" style=\"width: 4.5%; margin :0; vertical-align : middle;\"\/>\u00a0\u00a0VIE SECRETE<\/a><\/p>\n<p style=\"text-align: justify;\">Dauphine de la prometteuse Gal\u00e8ne le 4 avril, elle a mieux couru que ne l&rsquo;indique son classement brut (9e) lors de son premier essai \u00e0 ce niveau, le 25 mai. Avantag\u00e9e par les 100 m\u00e8tres suppl\u00e9mentaires, elle peut cr\u00e9er la surprise.<\/p>\n<p><strong>Yann Lerner, entra\u00eeneur : <\/strong><\/p>\n<p style=\"text-align: justify;\">\u00ab En dernier lieu, Vie Secr\u00e8te (9) s&rsquo;est retrouv\u00e9e tr\u00e8s loin dans le Quint\u00e9+ \u00e0 ParisLongchamp. Cela s&rsquo;est vraiment mal pass\u00e9, mais sa fin de course s&rsquo;est av\u00e9r\u00e9e int\u00e9ressante. Elle me semble bien plac\u00e9e dans les handicaps. Cette fois, on va tenter de la monter un peu plus offensivement. Je pense qu&rsquo;elle devrait bien courir. \u00bb<\/p>\n<p id=\"ch_WEEMAGATEE\" style=\"margin-bottom: 1%;\"><a href=\"https:\/\/www.equidia.fr\/chevaux\/weemagatee?horse_uuid=03b54711-fcd3-4ede-92b9-bd1cc3fbad44\" target=\"_blank\" rel=\"noopener\">10 &#8211; \u00a0<img decoding=\"async\" alt=\"casaque_WEEMAGATEE\" src=\"https:\/\/www.europesays.com\/fr\/wp-content\/uploads\/2025\/06\/20250619-r1c7p10-png.png\" style=\"width: 4.5%; margin :0; vertical-align : middle;\"\/>\u00a0\u00a0WEEMAGATEE<\/a><\/p>\n<p style=\"text-align: justify;\">Apr\u00e8s deux succ\u00e8s dans des handicaps provinciaux, cette repr\u00e9sentante d&rsquo;Hocine Boudouaia s&rsquo;est bien comport\u00e9e dans le Quint\u00e9+ du 25 mai (6e). Elle n&rsquo;a plus de marge en valeur 35, mais sa grande forme peut lui permettre de grappiller une place en fin de combinaison.<\/p>\n<p><strong>J\u00e9r\u00f4me Andreu, entra\u00eeneur : <\/strong><\/p>\n<p style=\"text-align: justify;\">\u00ab Weemagatee (10) a eu un super parcours l&rsquo;autre jour \u00e0 ParisLongchamp, mais je pense qu&rsquo;elle s&rsquo;est retrouv\u00e9e un peu trop t\u00f4t en t\u00eate. Cela dit, pour un premier Quint\u00e9+, j&rsquo;ai trouv\u00e9 sa performance tr\u00e8s bonne. Elle a prouv\u00e9 qu&rsquo;elle avait le niveau. Elle est rest\u00e9e en forme et je trouve que le lot est un peu moins relev\u00e9 cette fois. En plus, elle a h\u00e9rit\u00e9 d&rsquo;un bon num\u00e9ro de corde. On esp\u00e8re finir dans le Quint\u00e9+. \u00bb<\/p>\n<p id=\"ch_ROULETTE\" style=\"margin-bottom: 1%;\"><a href=\"https:\/\/www.equidia.fr\/chevaux\/roulette-1?horse_uuid=a85db78b-58e2-4224-8856-670b7f6f25c8\" target=\"_blank\" rel=\"noopener\">11 &#8211; \u00a0<img decoding=\"async\" alt=\"casaque_ROULETTE\" src=\"https:\/\/www.europesays.com\/fr\/wp-content\/uploads\/2025\/06\/1750276466_408_20250619-r1c7p11-png.png\" style=\"width: 4.5%; margin :0; vertical-align : middle;\"\/>\u00a0\u00a0ROULETTE<\/a><\/p>\n<p style=\"text-align: justify;\">Parti \u00ab\u00a0couru\u00a0\u00bb le 25 mai, dans la deuxi\u00e8me \u00e9preuve du Quint\u00e9+, il a d\u00e9ploy\u00e9 de tr\u00e8s belles foul\u00e9es pour venir ajuster Mr Brightside. Il monte de cat\u00e9gorie mais n&rsquo;a pas encore d\u00e9voil\u00e9 l&rsquo;\u00e9tendue de son talent. A retenir en bon rang.<\/p>\n<p><strong>Nicolas Cl\u00e9ment, entra\u00eeneur : <\/strong><\/p>\n<p style=\"text-align: justify;\">\u00ab Nous sommes tr\u00e8s satisfaits de Roulette (11). Il vient de nous faire plaisir en s&rsquo;imposant \u00e0 ParisLongchamp. Il a logiquement \u00e9t\u00e9 p\u00e9nalis\u00e9, mais sachez qu&rsquo;il est extra au travail. C&rsquo;est un cheval imposant, donc je l&rsquo;estime capable de confirmer. \u00bb<\/p>\n<p id=\"ch_PRINCESSE TREZY\" style=\"margin-bottom: 1%;\"><a href=\"https:\/\/www.equidia.fr\/chevaux\/princesse-trezy?horse_uuid=828a65e1-5fbd-4f30-8e81-cab93f97ee66\" target=\"_blank\" rel=\"noopener\">12 &#8211; \u00a0<img decoding=\"async\" alt=\"casaque_PRINCESSE TREZY\" src=\"https:\/\/www.europesays.com\/fr\/wp-content\/uploads\/2025\/06\/1750276466_725_20250619-r1c7p12-png.png\" style=\"width: 4.5%; margin :0; vertical-align : middle;\"\/>\u00a0\u00a0PRINCESSE TREZY<\/a><\/p>\n<p style=\"text-align: justify;\">Auteur d&rsquo;une tr\u00e8s belle fin de course derri\u00e8re ROULETTE (11) le 30 avril, elle a ensuite ouvert son palmar\u00e8s au Crois\u00e9-Laroche sur plus court. Comp\u00e9titive \u00e0 cette valeur et associ\u00e9e \u00e0 un jockey en grande forme, elle m\u00e9rite un large cr\u00e9dit.<\/p>\n<p><strong>Satoshi Kobayashi, entra\u00eeneur : <\/strong><\/p>\n<p style=\"text-align: justify;\">\u00ab Avant d&rsquo;ouvrir son palmar\u00e8s sur l&rsquo;hippodrome du Crois\u00e9-Laroche, Princesse Trezy (12) avait d\u00e9j\u00e0 bien fait dans une deuxi\u00e8me \u00e9preuve de Quint\u00e9+ \u00e0 ParisLongchamp, laissant une impression prometteuse. Je pense qu&rsquo;elle a son mot \u00e0 dire, d&rsquo;autant qu&rsquo;elle poss\u00e8de des lignes int\u00e9ressantes. C&rsquo;est une pouliche encore d\u00e9licate, qui peut se montrer allante, mais si tout se passe bien, elle devrait bien courir. \u00bb<\/p>\n<p id=\"ch_GOLDEN DISC\" style=\"margin-bottom: 1%;\"><a href=\"https:\/\/www.equidia.fr\/chevaux\/golden-disc-1?horse_uuid=84e13eec-dc62-4a47-84c3-15ba6574478e\" target=\"_blank\" rel=\"noopener\">13 &#8211; \u00a0<img decoding=\"async\" alt=\"casaque_GOLDEN DISC\" src=\"https:\/\/www.europesays.com\/fr\/wp-content\/uploads\/2025\/06\/1750276467_553_20250619-r1c7p13-png.png\" style=\"width: 4.5%; margin :0; vertical-align : middle;\"\/>\u00a0\u00a0GOLDEN DISC<\/a><\/p>\n<p style=\"text-align: justify;\">Pour son premier handicap, cette \u00e9l\u00e8ve de la famille Devin a fourni par un remarquable effort final (5e). Comp\u00e9titive \u00e0 cette valeur, elle peut rapidement ouvrir son palmar\u00e8s \u00e0 ce niveau. Si elle n&rsquo;est pas trop loin \u00e0 l&rsquo;entr\u00e9e de la ligne droite, elle sera sans doute tr\u00e8s dangereuse.<\/p>\n<p><strong>Henri-Fran\u00e7ois Devin, entra\u00eeneur : <\/strong><\/p>\n<p style=\"text-align: justify;\">\u00ab Golden Disc (13) a bien couru derni\u00e8rement \u00e0 ParisLongchamp pour son premier handicap. Le lot de ce jeudi est plus relev\u00e9, mais c&rsquo;est une pouliche que j&rsquo;aime bien. Une chose est s\u00fbre, elle n&rsquo;a pas encore fini de progresser. \u00bb<\/p>\n<p id=\"ch_GWO KA\" style=\"margin-bottom: 1%;\"><a href=\"https:\/\/www.equidia.fr\/chevaux\/gwo-ka?horse_uuid=657858a1-a3b9-4152-bb44-03d1218696b4\" target=\"_blank\" rel=\"noopener\">14 &#8211; \u00a0<img decoding=\"async\" alt=\"casaque_GWO KA\" src=\"https:\/\/www.europesays.com\/fr\/wp-content\/uploads\/2025\/06\/20250619-r1c7p14-png.png\" style=\"width: 4.5%; margin :0; vertical-align : middle;\"\/>\u00a0\u00a0GWO KA<\/a><\/p>\n<p style=\"text-align: justify;\">Ce pensionnaire de Christophe Ferland fait montre d&rsquo;une belle r\u00e9gularit\u00e9 mais n&rsquo;a plus de marge depuis qu&rsquo;il \u00e9volue en valeur 34. Alliant vitesse et tenue, il devrait s&rsquo;adapter \u00e0 ce parcours. A l&rsquo;issue d&rsquo;un parcours sans encombre, il peut finir dans les cinq premiers.<\/p>\n<p><strong>Christophe Ferland, entra\u00eeneur : <\/strong><\/p>\n<p style=\"text-align: justify;\">\u00ab Gwo Ka (14) fait toutes ses courses et a conserv\u00e9 une excellente condition physique depuis sa derni\u00e8re sortie. Il est bien plac\u00e9 au poids, donc on continue dans cette cat\u00e9gorie. Cette fois, il sera muni d&rsquo;\u0153ill\u00e8res, ce qui devrait l&rsquo;aider. J&rsquo;en attends un bon comportement. \u00bb<\/p>\n<p id=\"ch_LE PROFESSIONNEL\" style=\"margin-bottom: 1%;\"><a href=\"https:\/\/www.equidia.fr\/chevaux\/le-professionnel-1?horse_uuid=9bcc51df-5384-4d6c-8619-11bb690bdef2\" target=\"_blank\" rel=\"noopener\">15 &#8211; \u00a0<img decoding=\"async\" alt=\"casaque_LE PROFESSIONNEL\" src=\"https:\/\/www.europesays.com\/fr\/wp-content\/uploads\/2025\/06\/20250619-r1c7p15-png.png\" style=\"width: 4.5%; margin :0; vertical-align : middle;\"\/>\u00a0\u00a0LE PROFESSIONNEL<\/a><\/p>\n<p style=\"text-align: justify;\">Apr\u00e8s un d\u00e9but de carri\u00e8re mi-figue mi-raisin, il s&rsquo;est impos\u00e9 d\u00e8s son premier essai dans un handicap, le 28 mai \u00e0 Toulouse. Il monte de cat\u00e9gorie mais a certainement \u00e9t\u00e9 pr\u00e9par\u00e9 avec soin pour ce genre de courses. Un \u00e9norme regret.<\/p>\n<p><strong>Damien de Watrigant, entra\u00eeneur : <\/strong><\/p>\n<p style=\"text-align: justify;\">\u00ab Le Professionnel (15) a eu du mal \u00e0 comprendre ce qu&rsquo;on lui demandait en d\u00e9but de carri\u00e8re. Il \u00e9tait compliqu\u00e9 et un peu immature. Lors de son avant-derni\u00e8re sortie \u00e0 Tarbes, Ioritz Mendizabal a d\u00e9marr\u00e9 trop t\u00f4t \u00e0 mon go\u00fbt, et le cheval a plafonn\u00e9. En revanche, \u00e0 Toulouse, tout s&rsquo;est bien pass\u00e9. Il doit maintenant composer avec une surcharge de cinq livres, mais il progresse gentiment et se pr\u00e9sentera en pleine forme. On vient pour faire plaisir \u00e0 son propri\u00e9taire, qui vit \u00e0 Paris, mais on ne se d\u00e9place pas sans ambitions. Il va d\u00e9fendre ses chances. \u00bb<\/p>\n<p id=\"ch_GABYLOU\" style=\"margin-bottom: 1%;\"><a href=\"https:\/\/www.equidia.fr\/chevaux\/gabylou?horse_uuid=f3d441ce-3791-4ff9-8fd2-d66438439a07\" target=\"_blank\" rel=\"noopener\">16 &#8211; \u00a0<img decoding=\"async\" alt=\"casaque_GABYLOU\" src=\"https:\/\/www.europesays.com\/fr\/wp-content\/uploads\/2025\/06\/20250619-r1c7p16-png.png\" style=\"width: 4.5%; margin :0; vertical-align : middle;\"\/>\u00a0\u00a0GABYLOU<\/a><\/p>\n<p style=\"text-align: justify;\">Ce prot\u00e9g\u00e9 de Guillaume Fourrier est tr\u00e8s volontaire et ne m\u00e9nage pas ses efforts. N\u00e9anmoins, il n&rsquo;a aucune marge \u00e0 cette valeur handicap et semble un cran en dessous des principaux favoris en valeur pure. De plus, il a obtenu ses meilleurs titres sur le sable. Sa t\u00e2che s&rsquo;annonce difficile.<\/p>\n<p><strong>Guillaume Fourrier, entra\u00eeneur : <\/strong><\/p>\n<p style=\"text-align: justify;\">\u00ab Gabylou (16) a tr\u00e8s bien couru l&rsquo;autre jour \u00e0 ParisLongchamp dans une deuxi\u00e8me \u00e9preuve. J&rsquo;aurais \u00e9t\u00e9 vraiment confiant si \u00e7a avait \u00e9t\u00e9 une course similaire. Malheureusement, on tombe dans un Quint\u00e9+ avec, en plus, le num\u00e9ro 14 dans les stalles. Dans ces conditions, cela me para\u00eet compliqu\u00e9. Il avait couru proprement pour sa seule tentative \u00e0 ce niveau en mars \u00e0 Chantilly, mais le lot de ce jeudi est plus relev\u00e9. \u00bb<\/p>\n<p><strong>Les favoris de la presse<\/strong><\/p>\n<p class=\"synthese\"><strong>SYNTH\u00c8SE \u00a0\u00a0\u00a0\u00a06\u00a0\u00a0&#8211;\u00a0\u00a011\u00a0\u00a0&#8211;\u00a0\u00a05\u00a0\u00a0&#8211;\u00a0\u00a012\u00a0\u00a0&#8211;\u00a0\u00a03\u00a0\u00a0&#8211;\u00a0\u00a02\u00a0\u00a0&#8211;\u00a0\u00a014\u00a0\u00a0&#8211;\u00a0\u00a013<\/strong><\/p>\n<p><a href=\"https:\/\/servedby.revive-adserver.net\/ck.php?n=aa10a822&amp;cb=1234\" target=\"_blank\" rel=\"noopener\"><img decoding=\"async\" alt=\"\" border=\"0\" src=\"https:\/\/www.europesays.com\/fr\/wp-content\/uploads\/2025\/06\/1750276470_281_avw\"\/><\/a><\/p>\n<p><strong>Les stats du jour<\/strong><\/p>\n<p><img decoding=\"async\" src=\"https:\/\/www.europesays.com\/fr\/wp-content\/uploads\/2025\/06\/0619_stats-web_2025-jpg\"\/><\/p>\n<p><strong>Nos \u00e9missions de pronos<\/strong><a href=\"https:\/\/www.equidia.fr\/emissions\/3-mn-q-2023\" target=\"_blank\" rel=\"noopener\"><img decoding=\"async\" alt=\"3min-pronos\" class=\"img_prono\" src=\"https:\/\/www.europesays.com\/fr\/wp-content\/uploads\/2025\/04\/vignette-article-3min-pronos-jpg-1.jpeg\"\/><\/a>3 mn PRONOS du 19\/06<br \/>(Disponible mercredi 18 juin 2025, \u00e0 partir de 17h55)<a href=\"https:\/\/www.equidia.fr\/emissions\/ticket-gagnant-2023\" target=\"_blank\" rel=\"noopener\"><img decoding=\"async\" alt=\"ticket-gagnant\" class=\"img_prono\" src=\"https:\/\/www.europesays.com\/fr\/wp-content\/uploads\/2025\/04\/vignette-article-ticket-gagnant-jpg-1.jpeg\"\/><\/a>TICKET GAGNANT du 19\/06<br \/>(Disponible mercredi 18 juin 2025, \u00e0 partir de 18h00)<\/p>\n","protected":false},"excerpt":{"rendered":"Les partants du Quint\u00e9+ de ce jeudi 19 juinPRIX DU NABOBJEUDI 19 JUINParisLongchamp &#8211; 2200 METRES &#8211; \u00a0D\u00c9PART&hellip;\n","protected":false},"author":2,"featured_media":186652,"comment_status":"","ping_status":"","sticky":false,"template":"","format":"standard","meta":{"footnotes":""},"categories":[1888],"tags":[11,1777,674,1011,27,3014,12,626,3016,1821,3015,25],"class_list":{"0":"post-186651","1":"post","2":"type-post","3":"status-publish","4":"format-standard","5":"has-post-thumbnail","7":"category-paris","8":"tag-actualites","9":"tag-eu","10":"tag-europe","11":"tag-fr","12":"tag-france","13":"tag-galop","14":"tag-news","15":"tag-paris","16":"tag-plat","17":"tag-pronostics","18":"tag-qrcode","19":"tag-republique-francaise"},"share_on_mastodon":{"url":"https:\/\/pubeurope.com\/@fr\/114706125666004345","error":""},"_links":{"self":[{"href":"https:\/\/www.europesays.com\/fr\/wp-json\/wp\/v2\/posts\/186651","targetHints":{"allow":["GET"]}}],"collection":[{"href":"https:\/\/www.europesays.com\/fr\/wp-json\/wp\/v2\/posts"}],"about":[{"href":"https:\/\/www.europesays.com\/fr\/wp-json\/wp\/v2\/types\/post"}],"author":[{"embeddable":true,"href":"https:\/\/www.europesays.com\/fr\/wp-json\/wp\/v2\/users\/2"}],"replies":[{"embeddable":true,"href":"https:\/\/www.europesays.com\/fr\/wp-json\/wp\/v2\/comments?post=186651"}],"version-history":[{"count":0,"href":"https:\/\/www.europesays.com\/fr\/wp-json\/wp\/v2\/posts\/186651\/revisions"}],"wp:featuredmedia":[{"embeddable":true,"href":"https:\/\/www.europesays.com\/fr\/wp-json\/wp\/v2\/media\/186652"}],"wp:attachment":[{"href":"https:\/\/www.europesays.com\/fr\/wp-json\/wp\/v2\/media?parent=186651"}],"wp:term":[{"taxonomy":"category","embeddable":true,"href":"https:\/\/www.europesays.com\/fr\/wp-json\/wp\/v2\/categories?post=186651"},{"taxonomy":"post_tag","embeddable":true,"href":"https:\/\/www.europesays.com\/fr\/wp-json\/wp\/v2\/tags?post=186651"}],"curies":[{"name":"wp","href":"https:\/\/api.w.org\/{rel}","templated":true}]}}