{"id":186659,"date":"2025-06-18T19:58:20","date_gmt":"2025-06-18T19:58:20","guid":{"rendered":"https:\/\/www.europesays.com\/fr\/186659\/"},"modified":"2025-06-18T19:58:20","modified_gmt":"2025-06-18T19:58:20","slug":"en-direct-guerre-israel-iran-trump-na-pas-encore-pris-sa-decision-sur-une-participation-aux-frappes","status":"publish","type":"post","link":"https:\/\/www.europesays.com\/fr\/186659\/","title":{"rendered":"EN DIRECT &#8211; Guerre Isra\u00ebl-Iran : Trump n&rsquo;a pas encore pris sa d\u00e9cision sur une participation aux frappes"},"content":{"rendered":"<ul class=\"jsx-862013697 ArticleChapo__List\">\n<li class=\"jsx-862013697 ArticleChapo__List_Item flex\">Donald Trump a d\u00e9clar\u00e9 mercredi depuis la Maison Blanche qu&rsquo;il n&rsquo;avait pas encore arr\u00eat\u00e9 sa d\u00e9cision quant \u00e0 la participation des \u00c9tats-Unis aux frappes sur l&rsquo;Iran lanc\u00e9es par leur alli\u00e9 isra\u00e9lien.<\/li>\n<li class=\"jsx-862013697 ArticleChapo__List_Item flex\">\u00ab\u00a0Je n&rsquo;ai pas encore pris de (d\u00e9cision) d\u00e9finitive\u00a0\u00bb, a r\u00e9pondu le pr\u00e9sident am\u00e9ricain aux journalistes dans le Bureau ovale.<\/li>\n<li class=\"jsx-862013697 ArticleChapo__List_Item flex\">Suivez les derni\u00e8res informations.<\/li>\n<\/ul>\n<p><a href=\"https:\/\/www.tf1info.fr\/actualite\/israel-frappe-l-iran-qui-promet-une-riposte-d-ampleur-operation-rising-lion-sites-civils-et-militaires-nucleaires-14305\/\" rel=\"noopener\" class=\"jsx-484472199 Link jsx-1428418400 jsx-554215408\" target=\"_blank\"><\/p>\n<p style=\"font-weight:400\" class=\"jsx-1837267516\">Suivez la couverture compl\u00e8te<\/p>\n<p style=\"font-weight:800\" class=\"jsx-1837267516\">Isra\u00ebl-Iran en guerre, la crainte de l&rsquo;escalade<\/p>\n<p><\/a>Les \u00e9l\u00e9ments marquants21:16&Prime;TOUT PEUT ARRIVER\u00a0\u00bb<\/p>\n<p>Donald Trump reprend la parole depuis la Maison Blanche. Interrog\u00e9 sur une possible entr\u00e9e en guerre des \u00c9tats-Unis, il r\u00e9pond : \u00ab\u00a0J&rsquo;ai un plan pour tout mais on va voir ce qu&rsquo;il se passe. Tout peut arriver. J&rsquo;ai quelques id\u00e9es sur ce que l&rsquo;on va faire mais je n&rsquo;ai pas pris ma d\u00e9cision finale.\u00a0\u00bb Il a ajout\u00e9 qu&rsquo;une chute de l&rsquo;actuel pouvoir en Iran pourrait \u00e9galement advenir.<\/p>\n<p>Donald Trump, qui doit participer \u00e0 une nouvelle r\u00e9union sur la situation au Moyen-Orient, juge \u00ab\u00a0dommage\u00a0\u00bb que l&rsquo;Iran n&rsquo;ait pas sign\u00e9 un accord sur son programme nucl\u00e9aire : \u00ab\u00a0C&rsquo;est un peu tard mais ils veulent nous rencontrer maintenant. Peut-\u00eatre que je les inviterai \u00e0 la Maison Blanche.\u00a0\u00bb<\/p>\n<p>Minute par minute21:51LCI \u00c0 TEL-AVIV<\/p>\n<p>Thomas Misrachi, envoy\u00e9 sp\u00e9cial de TF1-LCI, t\u00e9moigne des sc\u00e8nes observ\u00e9es ce soir \u00e0 Tel-Aviv (Isra\u00ebl), o\u00f9 les habitants se r\u00e9fugient dans les abris pour \u00e9viter les frappes.<\/p>\n<p>Des missiles hypersoniques tir\u00e9s, LCI \u00e0 Tel-AvivSource : TF1 Info<\/p>\n<p><img decoding=\"async\" src=\"https:\/\/www.europesays.com\/fr\/wp-content\/uploads\/2025\/06\/des-missiles-hypersoniques-tires-lci-a-tel-aviv-8cb7da-0@1x.jpeg\" alt=\"Des missiles hypersoniques tir\u00e9s, LCI \u00e0 Tel-Aviv\" loading=\"lazy\" importance=\"low\" fetchpriority=\"low\" class=\"\"\/><img decoding=\"async\" src=\"https:\/\/www.tf1info.fr\/images\/icons\/player-logo-play.svg\" alt=\"Logo lecture\" class=\"jsx-d0de44c05fe3042c PlayerLazyload__Play\"\/>21:24PIRATAGE DE LA T\u00c9L\u00c9VISION IRANIENNE<\/p>\n<p>Des m\u00e9dias iraniens ont indiqu\u00e9 mercredi qu&rsquo;Isra\u00ebl avait bri\u00e8vement interrompu la diffusion des programmes de la t\u00e9l\u00e9vision d&rsquo;\u00c9tat, en y diffusant des images de manifestations de femmes et en appelant la population \u00e0 descendre dans la rue.<\/p>\n<p>Sur sa cha\u00eene Telegram, le quotidien Hamshahri a partag\u00e9 une vid\u00e9o de cette br\u00e8ve interruption, accompagn\u00e9e d&rsquo;un message indiquant que \u00ab\u00a0des pirates ont pirat\u00e9 la t\u00e9l\u00e9vision d&rsquo;\u00c9tat et diffus\u00e9 un appel demandant \u00e0 la population de descendre dans la rue\u00a0\u00bb. La t\u00e9l\u00e9vision a ensuite d\u00e9clar\u00e9 que cette perturbation \u00e9tait \u00ab\u00a0due \u00e0 des cyberattaques men\u00e9es par l&rsquo;ennemi sioniste, qui perturbent la transmission satellite\u00a0\u00bb.<\/p>\n<p>21:16&Prime;TOUT PEUT ARRIVER\u00a0\u00bb<\/p>\n<p>Donald Trump reprend la parole depuis la Maison Blanche. Interrog\u00e9 sur une possible entr\u00e9e en guerre des \u00c9tats-Unis, il r\u00e9pond : \u00ab\u00a0J&rsquo;ai un plan pour tout mais on va voir ce qu&rsquo;il se passe. Tout peut arriver. J&rsquo;ai quelques id\u00e9es sur ce que l&rsquo;on va faire mais je n&rsquo;ai pas pris ma d\u00e9cision finale.\u00a0\u00bb Il a ajout\u00e9 qu&rsquo;une chute de l&rsquo;actuel pouvoir en Iran pourrait \u00e9galement advenir.<\/p>\n<p>Donald Trump, qui doit participer \u00e0 une nouvelle r\u00e9union sur la situation au Moyen-Orient, juge \u00ab\u00a0dommage\u00a0\u00bb que l&rsquo;Iran n&rsquo;ait pas sign\u00e9 un accord sur son programme nucl\u00e9aire : \u00ab\u00a0C&rsquo;est un peu tard mais ils veulent nous rencontrer maintenant. Peut-\u00eatre que je les inviterai \u00e0 la Maison Blanche.\u00a0\u00bb<\/p>\n<p>21:05L&rsquo;AMBASSADRICE SUISSE CONVOQU\u00c9E<\/p>\n<p>L&rsquo;Iran a convoqu\u00e9 vendredi l&rsquo;ambassadrice de Suisse \u00e0 T\u00e9h\u00e9ran, pays repr\u00e9sentant les int\u00e9r\u00eats am\u00e9ricains faute de relations diplomatiques avec les \u00c9tats-Unis, alli\u00e9s d&rsquo;Isra\u00ebl, pour de r\u00e9cents propos tenus par Donald Trump, selon la t\u00e9l\u00e9vision d&rsquo;Etat.<\/p>\n<p>\u00ab\u00a0\u00c0 la suite des d\u00e9clarations irresponsables et mena\u00e7antes du pr\u00e9sident am\u00e9ricain, l&rsquo;ambassadrice de Suisse (&#8230;) a \u00e9t\u00e9 convoqu\u00e9e au minist\u00e8re des Affaires \u00e9trang\u00e8res\u00a0\u00bb, a rapport\u00e9 ce m\u00e9dia sans fournir plus de d\u00e9tails.<\/p>\n<p>20:47AMBASSADEUR ALLEMAND<\/p>\n<p>Le minist\u00e8re iranien des Affaires \u00e9trang\u00e8res a convoqu\u00e9 mercredi l\u2019ambassadeur d\u2019Allemagne \u00e0 T\u00e9h\u00e9ran, \u00e0 la suite de d\u00e9clarations du chancelier Friedrich Merz soutenant l&rsquo;attaque d&rsquo;Isra\u00ebl contre la R\u00e9publique islamique.<\/p>\n<p>\u00ab\u00a0\u00c0 la suite des d\u00e9clarations honteuses du chancelier allemand en soutien \u00e0 l\u2019agression de Tel-Aviv contre notre pays, l\u2019ambassadeur de ce pays (l\u2019Allemagne) a \u00e9t\u00e9 convoqu\u00e9 au minist\u00e8re des Affaires \u00e9trang\u00e8res\u00a0\u00bb, a rapport\u00e9 la t\u00e9l\u00e9vision d\u2019\u00c9tat.<\/p>\n<p>Isra\u00ebl a \u00ab\u00a0le courage\u00a0\u00bb de faire \u00ab\u00a0le sale boulot pour nous tous\u00a0\u00bb en attaquant l&rsquo;Iran, dont le pouvoir \u00ab\u00a0a apport\u00e9 la mort et la destruction dans le monde\u00a0\u00bb, avait d\u00e9clar\u00e9 mardi Friedrich Merz.<\/p>\n<p>20:29ZOOM SUR LES MAN\u0152UVRES AM\u00c9RICAINES AU MOYEN-ORIENT<\/p>\n<p>Les \u00c9tats-Unis maintiennent le flou sur une possible entr\u00e9e en guerre face \u00e0 l&rsquo;Iran, pour soutenir Isra\u00ebl. Le pays de l&rsquo;Oncle Sam positionne ces derniers jours des porte-avions et des bombardiers lourds dans la zone du Moyen-Orient. TF1info fait le point sur ces man\u0153uvres militaires.<\/p>\n<p>International<img decoding=\"async\" src=\"https:\/\/www.europesays.com\/fr\/wp-content\/uploads\/2025\/06\/uss-gerald-ford-porte-avions-jt20h-1-70d0b0-0@1x.jpeg\" alt=\"Guerre Iran-Isra\u00ebl : que sait-on des man\u0153uvres militaires am\u00e9ricaines au Moyen-Orient ?\" loading=\"lazy\" importance=\"low\" fetchpriority=\"low\" class=\"\" aria-hidden=\"true\"\/>Publi\u00e9 aujourd&rsquo;hui \u00e0 20h1520:24NETANYAHOU REMERCIE TRUMP<\/p>\n<p>Le Premier ministre isra\u00e9lien Benyamin Netanyahou a remerci\u00e9 le pr\u00e9sident am\u00e9ricain Donald Trump pour son \u00ab\u00a0soutien\u00a0\u00bb \u00e0 la \u00ab\u00a0d\u00e9fense du ciel isra\u00e9lien\u00a0\u00bb, lors d&rsquo;une d\u00e9claration t\u00e9l\u00e9vis\u00e9e mercredi soir.<\/p>\n<p>\u00ab\u00a0Je tiens \u00e0 remercier le pr\u00e9sident Trump, un grand ami de l&rsquo;\u00c9tat d&rsquo;Isra\u00ebl\u00a0\u00bb, a-t-il d\u00e9clar\u00e9. \u00ab\u00a0Je le remercie de se tenir \u00e0 nos c\u00f4t\u00e9s et je le remercie pour le soutien que les \u00c9tats-Unis nous apportent dans la d\u00e9fense du ciel isra\u00e9lien.\u00a0\u00bb<\/p>\n<p>20:23QUARTIER G\u00c9N\u00c9RAL DE LA POLICE<\/p>\n<p>Une frappe isra\u00e9lienne a vis\u00e9 mercredi les abords du si\u00e8ge de la police \u00e0 T\u00e9h\u00e9ran, blessant plusieurs policiers, a rapport\u00e9 un m\u00e9dia d\u2019\u00c9tat iranien.<\/p>\n<p>\u00ab\u00a0Certains b\u00e2timents autour du si\u00e8ge de la Police nationale ont \u00e9t\u00e9 attaqu\u00e9s et un certain nombre de nos coll\u00e8gues ont \u00e9t\u00e9 bless\u00e9s\u00a0\u00bb, a d\u00e9clar\u00e9 la police dans un communiqu\u00e9 cit\u00e9 par l&rsquo;agence de presse officielle Irna.<\/p>\n<p>19:50FRAPPES DANS L&rsquo;OUEST DE L&rsquo;IRAN<\/p>\n<p>Isra\u00ebl a lanc\u00e9 mercredi soir une nouvelle s\u00e9rie de frappes sur \u00ab\u00a0des sites de lancement et de stockage de missiles sol-sol\u00a0\u00bb dans l&rsquo;ouest de l&rsquo;Iran, a annonc\u00e9 le porte-parole de l&rsquo;arm\u00e9e isra\u00e9lienne Efi Defrin lors d&rsquo;un point de presse.<\/p>\n<p>\u00ab\u00a0Des avions de l&rsquo;arm\u00e9e de l\u2019air survolent des sites de lancement et de stockage de missiles sol-sol\u00a0\u00bb et \u00ab\u00a0frappent ceux qui essaient de revenir sur les lieux pour extraire des munitions des sites frapp\u00e9s pr\u00e9c\u00e9demment\u00a0\u00bb, a-t-il pr\u00e9cis\u00e9, mettant en garde contre toute tentative de \u00ab\u00a0reconstruire les capacit\u00e9s terroristes dans cette zone\u00a0\u00bb.<\/p>\n<p>19:46&Prime;PR\u00c9OCCUPATION SUR L&rsquo;ESCALADE EN COURS\u00a0\u00bb<\/p>\n<p>Lors du Conseil de d\u00e9fense, le chef de l&rsquo;\u00c9tat a \u00ab\u00a0marqu\u00e9 sa pr\u00e9occupation sur l\u2019escalade en cours, avec des frappes isra\u00e9liennes qui visent de plus en plus des objectifs sans lien avec le programme nucl\u00e9aire et balistique iranien, et un nombre croissant de victimes civiles en Iran et en Isra\u00ebl\u00a0\u00bb.<\/p>\n<p>Il a aussi \u00ab\u00a0soulign\u00e9 qu\u2019un r\u00e8glement durable du programme nucl\u00e9aire et balistique ne pourra \u00eatre atteint que par la n\u00e9gociation\u00a0\u00bb, invitant l&rsquo;Iran \u00e0 n\u00e9gocier pour \u00ab\u00a0mettre urgemment fin aux op\u00e9rations militaires\u00a0\u00bb.<\/p>\n<p>Le minist\u00e8re des Affaires \u00e9trang\u00e8res est \u00e9galement charg\u00e9 de prendre \u00ab\u00a0dans les prochains jours une initiative, avec les proches partenaires europ\u00e9ens, afin de proposer un r\u00e8glement n\u00e9goci\u00e9 exigeant, de nature \u00e0 mettre fin au conflit\u00a0\u00bb.<\/p>\n<p>19:40&Prime;FACILITER LE D\u00c9PART\u00a0\u00bb DES RESSORTISSANTS FRAN\u00c7AIS D&rsquo;IRAN ET D&rsquo;ISRA\u00cbL<\/p>\n<p>\u00c0 l&rsquo;issue du Conseil de d\u00e9fense, le gouvernement assure permettre aux ressortissants fran\u00e7ais de fuir Isra\u00ebl et l&rsquo;Iran, en proie aux bombardements : \u00ab\u00a0S\u2019agissant de la s\u00e9curit\u00e9 de nos ressortissants en Iran et en Isra\u00ebl, le pr\u00e9sident de la R\u00e9publique a demand\u00e9 au Minist\u00e8re de l\u2019Europe et des Affaires \u00c9trang\u00e8res de prendre les mesures n\u00e9cessaires pour faciliter le d\u00e9part de ceux qui le souhaitent de ces deux pays. Ces op\u00e9rations seront organis\u00e9es par le centre de crise et de soutien (CDCS) du Minist\u00e8re de l\u2019Europe et des Affaires \u00e9trang\u00e8res. Il rappelle que tout d\u00e9placement dans ces deux pays est tr\u00e8s fortement d\u00e9conseill\u00e9.\u00a0\u00bb<\/p>\n<p>19:30MISSILES HYPERSONIQUES<\/p>\n<p>L&rsquo;Iran a tir\u00e9 mercredi des missiles hypersoniques contre Isra\u00ebl, a annonc\u00e9 la t\u00e9l\u00e9vision d&rsquo;\u00c9tat iranienne. Les missiles hypersoniques Fattah \u00ab\u00a0ont p\u00e9n\u00e9tr\u00e9 avec succ\u00e8s les d\u00e9fenses du r\u00e9gime isra\u00e9lien\u00a0\u00bb. L&rsquo;arm\u00e9e isra\u00e9lienne avait annonc\u00e9 plus t\u00f4t avoir d\u00e9tect\u00e9 des tirs de missiles depuis l&rsquo;Iran.<\/p>\n<p>19:13L&rsquo;ONU CONTRE TOUTE \u00ab\u00a0INTERVENTION MILITAIRE SUPPL\u00c9MENTAIRE\u00a0\u00bb<\/p>\n<p>Le secr\u00e9taire g\u00e9n\u00e9ral de l&rsquo;ONU Antonio Guterres met en garde contre \u00ab\u00a0toute intervention militaire suppl\u00e9mentaire\u00a0\u00bb dans le conflit entre l&rsquo;Iran et Isra\u00ebl, qui aurait \u00ab\u00a0des cons\u00e9quences \u00e9normes\u00a0\u00bb pour toute la r\u00e9gion.<\/p>\n<p>\u00ab\u00a0J&rsquo;appelle fermement tout le monde \u00e0 \u00e9viter toute internationalisation suppl\u00e9mentaire du conflit\u00a0\u00bb, a-t-il soulign\u00e9 dans une d\u00e9claration lue par son porte-parole, qui a pr\u00e9cis\u00e9 qu&rsquo;internationalisation signifiait \u00ab\u00a0plus de pays impliqu\u00e9s\u00a0\u00bb dans le conflit, sans en citer aucun pr\u00e9cis\u00e9ment.<\/p>\n<p>19:06RESTRICTIONS D&rsquo;INTERNET EN IRAN<\/p>\n<p>L&rsquo;Iran a annonc\u00e9 mercredi un durcissement des restrictions sur Internet, affirmant qu&rsquo;Isra\u00ebl avait d\u00e9tourn\u00e9 le r\u00e9seau \u00e0 des fins militaires.<\/p>\n<p>\u00ab\u00a0Des restrictions temporaires ont \u00e9t\u00e9 impos\u00e9es \u00e0 l&rsquo;acc\u00e8s des utilisateurs \u00e0 Internet\u00a0\u00bb, a d\u00e9clar\u00e9 le minist\u00e8re des Communications cit\u00e9 par l&rsquo;agence Fars, ajoutant que cette d\u00e9cision faisait suite \u00e0 \u00ab\u00a0la violation du r\u00e9seau de communication national \u00e0 des fins militaires par l&rsquo;agresseur\u00a0\u00bb.<\/p>\n<p>18:57LES HABITANTS D&rsquo;HA\u00cfFA APPEL\u00c9S \u00c0 \u00c9VACUER<\/p>\n<p>T\u00e9h\u00e9ran a appel\u00e9 les habitants de Ha\u00effa \u00e0 \u00e9vacuer cette ville du nord d&rsquo;Isra\u00ebl, a rapport\u00e9 mercredi la t\u00e9l\u00e9vision d&rsquo;Etat iranienne.<\/p>\n<p>\u00ab\u00a0Il y a quelques minutes, un avis d&rsquo;\u00e9vacuation a \u00e9t\u00e9 adress\u00e9 aux colons sionistes \u00e0 Ha\u00effa afin de les prot\u00e9ger contre des frappes de missiles iraniens\u00a0\u00bb, a indiqu\u00e9 la t\u00e9l\u00e9vision, en diffusant une image en h\u00e9breu portant le message suivant\u00a0: \u00ab\u00a0Veuillez quitter imm\u00e9diatement la zone signal\u00e9e. Dans les prochaines heures, les forces arm\u00e9es de la R\u00e9publique islamique d&rsquo;Iran op\u00e9reront dans cette zone.\u00a0\u00bb<\/p>\n<p>18:33DES TIRS DE MISSILES DEPUIS L&rsquo;IRAN<\/p>\n<p>L&rsquo;arm\u00e9e isra\u00e9lienne a annonc\u00e9 mercredi soir avoir d\u00e9tect\u00e9 des tirs de missiles \u00e0 partir de l&rsquo;Iran en direction d&rsquo;Isra\u00ebl, appelant la population \u00e0 gagner les abris dans le centre du pays.<\/p>\n<p>\u00ab\u00a0Les syst\u00e8mes de d\u00e9fense sont activ\u00e9s pour intercepter la menace\u00a0\u00bb, ajoute l&rsquo;arm\u00e9e dans un communiqu\u00e9. Le Commandement du front int\u00e9rieur (D\u00e9fense passive) indique que l&rsquo;alerte concernait le centre du pays du sud de Tel-Aviv jusqu&rsquo;\u00e0 Hadera, sur la c\u00f4te m\u00e9diterran\u00e9enne.\u00a0<\/p>\n<p>18:33R\u00c9SEAU INTERNET COUP\u00c9 EN IRAN<\/p>\n<p>Le r\u00e9seau internet est mercredi \u00ab\u00a0presque totalement\u00a0\u00bb \u00e0 l&rsquo;arr\u00eat en Iran au moment o\u00f9 Isra\u00ebl intensifie ses frappes sur le pays, a annonc\u00e9 l&rsquo;organisme de surveillance d&rsquo;internet NetBlocks, bas\u00e9 \u00e0 Londres.<\/p>\n<p>\u00ab\u00a0Les donn\u00e9es en direct du r\u00e9seau montrent que l&rsquo;Iran est d\u00e9sormais au milieu d&rsquo;une panne d&rsquo;internet nationale quasi totale\u00a0\u00bb, a indiqu\u00e9 sur X l&rsquo;organisme, ajoutant que le pays a d\u00e9j\u00e0 connu \u00ab\u00a0une s\u00e9rie de perturbations partielles\u00a0\u00bb de son r\u00e9seau ces derniers jours.<\/p>\n<p>18:25LE CONSEIL DE D\u00c9FENSE EST TERMIN\u00c9<\/p>\n<p>Le conseil de d\u00e9fense est d\u00e9sormais termin\u00e9, indique l&rsquo;\u00c9lys\u00e9e \u00e0 TF1-LCI.<\/p>\n<p>18:11\u00c9VACUATION DES RESSORTISSANTS AM\u00c9RICAINS<\/p>\n<p>Les \u00c9tats-Unis pr\u00e9parent l&rsquo;\u00e9vacuation volontaire de leurs ressortissants d&rsquo;Isra\u00ebl, au 6\u1d49 jour du conflit qui oppose ce pays \u00e0 l&rsquo;Iran, a indiqu\u00e9 mercredi l&rsquo;ambassadeur am\u00e9ricain \u00e0 J\u00e9rusalem.<\/p>\n<p>Dans une \u00ab\u00a0notice urgente\u00a0\u00bb publi\u00e9e sur X, Mike Huckabee pr\u00e9cise que l&rsquo;ambassade pr\u00e9pare des \u00ab\u00a0vols d&rsquo;\u00e9vacuation, ainsi que par bateau\u00a0\u00bb, aux citoyens am\u00e9ricains qui souhaitent quitter Isra\u00ebl.<\/p>\n<p>18:07&Prime;PAS RESTER LES BRAS CROIS\u00c9S\u00a0\u00bb<\/p>\n<p>La Chine dit \u00e0 Oman qu&rsquo;elle \u00ab\u00a0ne peut pas rester les bras crois\u00e9s\u00a0\u00bb et laisser le conflit entre Isra\u00ebl et l&rsquo;Iran s&rsquo;aggraver, indique le minist\u00e8re des Affaires \u00e9trang\u00e8res.<\/p>\n<p>18:05&Prime;INCONTR\u00d4LABLE\u00a0\u00bb<\/p>\n<p>Le ministre chinois des Affaires \u00e9trang\u00e8res Wang Yi a d\u00e9clar\u00e9 mercredi que la Chine \u00e9tait \u00ab\u00a0tr\u00e8s pr\u00e9occup\u00e9e\u00a0\u00bb par le fait que le conflit entre Isra\u00ebl et l&rsquo;Iran \u00ab\u00a0puisse devenir incontr\u00f4lable\u00a0\u00bb.\u00a0<\/p>\n<p>\u00ab\u00a0Les actes d&rsquo;Isra\u00ebl ignorant le droit international et les r\u00e8gles internationales ont provoqu\u00e9 une tension soudaine au Moyen-Orient et la Chine est \u00e9galement tr\u00e8s pr\u00e9occup\u00e9e par le fait que la situation puisse devenir incontr\u00f4lable\u00a0\u00bb, a d\u00e9clar\u00e9 Wang Yi \u00e0 son homologue \u00e9gyptien lors d&rsquo;un appel t\u00e9l\u00e9phonique, a indiqu\u00e9 le minist\u00e8re chinois des Affaires \u00e9trang\u00e8res.<\/p>\n<p>Lors d&rsquo;un autre appel t\u00e9l\u00e9phonique avec le ministre des Affaires \u00e9trang\u00e8res d&rsquo;Oman mercredi, Wang Yi a d\u00e9clar\u00e9 que les deux pays \u00ab\u00a0ne peuvent pas rester les bras crois\u00e9s et laisser la r\u00e9gion glisser dans un gouffre inconnu\u00a0\u00bb, a indiqu\u00e9 le minist\u00e8re des Affaires \u00e9trang\u00e8res.<\/p>\n<p>17:56&Prime;UN R\u00c9GIME PR\u00caT \u00c0 ACCEPTER N&rsquo;IMPORTE QUOI\u00a0\u00bb<\/p>\n<p>Mahmoud Moradkhani, le neveu de l&rsquo;ayatollah Khamenei, est intervenu sur l&rsquo;antenne de LCI pour \u00e9clairer le fonctionnement du r\u00e9gime des mollahs. Cet opposant revendiqu\u00e9 estime que \u00ab\u00a0le r\u00e9gime, et en particulier Ali Khamenei, seraient pr\u00eats, pour conserver leur pouvoir, \u00e0 accepter n&rsquo;importe quoi. (&#8230;) Il pense aussi \u00e0 sa survie et ils veulent continuer la r\u00e9publique islamique\u00a0\u00bb, explique ce m\u00e9decin arriv\u00e9 en France en 1986. \u00ab\u00a0Nous avons toujours dit, avec mon p\u00e8re qui est d\u00e9c\u00e9d\u00e9 il y a trois ans, que les mollahs ne devaient pas gouverner\u00a0\u00bb.\u00a0<\/p>\n<p>Mahmoud Moradkhani : \u00ab\u00a0Je pense que ce r\u00e9gime est pr\u00eat \u00e0 accepter n&rsquo;importe quoi\u00a0\u00bbSource : TF1 Info<\/p>\n<p><img decoding=\"async\" src=\"https:\/\/www.europesays.com\/fr\/wp-content\/uploads\/2025\/06\/mahmoud-moradkhani-je-pense-que-ce-regime-est-pret-a-accepter-n-importe-quoi-e353b2-0@1x.jpeg\" alt=\"Mahmoud Moradkhani : &quot;Je pense que ce r\u00e9gime est pr\u00eat \u00e0 accepter n'importe quoi&quot;\" loading=\"lazy\" importance=\"low\" fetchpriority=\"low\" class=\"\"\/><img decoding=\"async\" src=\"https:\/\/www.tf1info.fr\/images\/icons\/player-logo-play.svg\" alt=\"Logo lecture\" class=\"jsx-d0de44c05fe3042c PlayerLazyload__Play\"\/>17:29UNE GUERRE \u00ab\u00a0IRRESPONSABLE\u00a0\u00bb<\/p>\n<p>Les civils en Iran et en Isra\u00ebl \u00ab\u00a0ne doivent pas payer le prix d&rsquo;actions militaires irresponsables\u00a0\u00bb, a exhort\u00e9 mercredi Amnesty International, en pressant les deux pays engag\u00e9s dans une confrontation meurtri\u00e8re de respecter le droit humanitaire international prot\u00e9geant les populations.<\/p>\n<p>\u00ab\u00a0Alors que le nombre de morts et de bless\u00e9s continue d&rsquo;augmenter, Amnesty International presse les deux bellig\u00e9rants de se conformer \u00e0 leurs obligations et de faire en sorte que les civils dans les deux pays ne payent pas le prix d&rsquo;actions militaires irresponsables\u00a0\u00bb, a d\u00e9clar\u00e9 la secr\u00e9taire g\u00e9n\u00e9rale de l&rsquo;ONG Agn\u00e8s Callamard dans un communiqu\u00e9.<\/p>\n<p>17:24FORTES EXPLOSIONS ENTENDUES \u00c0 T\u00c9H\u00c9RAN<\/p>\n<p>De fortes explosions ont \u00e9t\u00e9 entendues mercredi dans le centre de T\u00e9h\u00e9ran, a rapport\u00e9 un journaliste de l&rsquo;AFP, au 6\u1d49 jour de la guerre entre l&rsquo;Iran et Isra\u00ebl.<\/p>\n<p>Selon le journaliste, plusieurs d\u00e9tonations ont retenti dans la capitale, certaines \u00e0 quelques minutes d&rsquo;intervalle seulement. Il n&rsquo;\u00e9tait pas possible de savoir dans l&rsquo;imm\u00e9diat si les explosions \u00e9taient dues \u00e0 des frappes isra\u00e9liennes ou \u00e0 des tirs de la d\u00e9fense a\u00e9rienne iranienne.<\/p>\n<p>17:20ATTAQUE PR\u00c8S DU B\u00c2TIMENT DU CROISSANT-ROUGE<\/p>\n<p>Le Croissant-Rouge iranien a d\u00e9clar\u00e9 mercredi qu&rsquo;une attaque isra\u00e9lienne avait eu lieu pr\u00e8s de son b\u00e2timent \u00e0 T\u00e9h\u00e9ran, au 6\u1d49 jour de la guerre entre l&rsquo;Iran et Isra\u00ebl.<\/p>\n<p>Dans un communiqu\u00e9 publi\u00e9 sur sa cha\u00eene Telegram, le Croissant-Rouge a indiqu\u00e9 qu\u00a0\u00bb\u00a0\u00bbune attaque du r\u00e9gime sioniste a eu lieu pr\u00e8s du b\u00e2timent de la Paix du Croissant-Rouge\u00a0\u00bb, tout en pr\u00e9cisant que la frappe ne semblait pas viser directement l&rsquo;organisation humanitaire.<\/p>\n<p>17:17&Prime;PAS DE SOLUTION MILITAIRE AU PROBL\u00c8ME DU NUCL\u00c9AIRE IRANIEN\u00a0\u00bb<\/p>\n<p>Devant les s\u00e9nateurs, Jean-No\u00ebl Barrot a rappel\u00e9 la position de la France dans le conflit entre Isra\u00ebl et l&rsquo;Iran.<\/p>\n<p>\u00ab\u00a0La France refuse, et depuis longtemps, que l&rsquo;Iran puisse acc\u00e9der \u00e0 l&rsquo;arme nucl\u00e9aire, ce qui soul\u00e8verait des risques insupportables pour Isra\u00ebl, pour la r\u00e9gion, pour l&rsquo;Europe, mais \u00e9galement et plus largement pour l&rsquo;ordre international. Pour autant, la France consid\u00e8re qu&rsquo;il n&rsquo;y a pas de solution militaire au probl\u00e8me du nucl\u00e9aire iranien\u00a0\u00bb, a affirm\u00e9 le ministre des Affaires \u00e9trang\u00e8res.<\/p>\n<blockquote data-testid=\"EmbedTwitter\" id=\"tweet-1935354622081708461-:Recq9iqb6ij9n79m:\" class=\"jsx-aeff1a1c40f54d7a twitter-tweet flex justify-center items-center\"><p>Il n\u2019y a pas de solution militaire au probl\u00e8me du nucl\u00e9aire iranien.  pic.twitter.com\/Bti7UUvQLG \u2014 Jean-No\u00ebl Barrot (@jnbarrot)  June 18, 2025<\/p><\/blockquote>\n<p>16:42WHATSAPP<\/p>\n<p>La t\u00e9l\u00e9vision d&rsquo;\u00c9tat iranienne a appel\u00e9 la population \u00e0 \u00ab\u00a0supprimer l&rsquo;application\u00a0\u00bb WhatsApp, arguant que la messagerie transmet des donn\u00e9es \u00e0 Isra\u00ebl, ce que le g\u00e9ant am\u00e9ricain Meta a d\u00e9menti.\u00a0<\/p>\n<p>16:35DERRI\u00c8RE L&rsquo;AMBIGU\u00cfT\u00c9, UN ULTIMATUM<\/p>\n<p>Depuis Washington, notre correspondante H\u00e9l\u00e8ne Bonnet analyse la derni\u00e8re prise de parole de Donald Trump. Derri\u00e8re l&rsquo;ambigu\u00eft\u00e9, la position du pr\u00e9sident am\u00e9ricain reste ferme contre l&rsquo;Iran. Mais selon lui, T\u00e9h\u00e9ran est d\u00e9j\u00e0 entr\u00e9 en contact pour n\u00e9gocier.<\/p>\n<p>Le camp r\u00e9publicain et l&rsquo;opinion publique ne sont pas unanimes sur l&rsquo;entr\u00e9e en guerre des \u00c9tats-Unis.<\/p>\n<p>Donald Trump maintient l&rsquo;ambigu\u00eft\u00e9 sur l&rsquo;implication des \u00c9tats-Unis contre l&rsquo;IranSource : TF1 Info<\/p>\n<p><img decoding=\"async\" src=\"https:\/\/www.europesays.com\/fr\/wp-content\/uploads\/2025\/06\/donald-trump-maintient-l-ambiguite-sur-l-implication-des-etats-unis-contre-l-iran-b23623-0@1x.jpeg\" alt=\"Donald Trump maintient l'ambigu\u00eft\u00e9 sur l'implication des \u00c9tats-Unis contre l'Iran\" loading=\"lazy\" importance=\"low\" fetchpriority=\"low\" class=\"\"\/><img decoding=\"async\" src=\"https:\/\/www.tf1info.fr\/images\/icons\/player-logo-play.svg\" alt=\"Logo lecture\" class=\"jsx-d0de44c05fe3042c PlayerLazyload__Play\"\/>16:32PATIENCE \u00ab\u00a0D\u00c9J\u00c0 \u00c0 BOUT\u00a0\u00bb<\/p>\n<p>Donald Trump a affirm\u00e9 mercredi que sa patience \u00e9tait \u00ab\u00a0d\u00e9j\u00e0 \u00e0 bout\u00a0\u00bb avec l&rsquo;Iran au moment o\u00f9 le pr\u00e9sident am\u00e9ricain envisage de joindre les \u00c9tats-Unis \u00e0 leur alli\u00e9 isra\u00e9lien pour effectuer des frappes sur la R\u00e9publique islamique.<\/p>\n<p>\u00ab\u00a0Elle est d\u00e9j\u00e0 \u00e0 bout\u00a0\u00bb, a-t-il d\u00e9clar\u00e9 \u00e0 la presse \u00e0 l&rsquo;ext\u00e9rieur de la Maison Blanche, avant d&rsquo;ajouter : \u00ab\u00a0C&rsquo;est pourquoi nous faisons ce que nous faisons.\u00a0\u00bb<\/p>\n<p>\u00ab\u00a0L&rsquo;Iran est sans d\u00e9fense. Nous avons pris le contr\u00f4le de l&rsquo;espace a\u00e9rien\u00a0\u00bb, a-t-il conclu.<\/p>\n<p>16:30DONALD TRUMP ACC\u00c8DE AUX DEMANDES D&rsquo;ISRA\u00cbL<\/p>\n<p>Si aucun responsable isra\u00e9lien n&rsquo;a encore r\u00e9agi \u00e0 l&rsquo;allocution de Donald Trump, les propos du pr\u00e9sident am\u00e9ricain seront appr\u00e9ci\u00e9s \u00e0 Tel-Aviv, comme l&rsquo;explique notre correspondant sur place Thomas Misrachi dans la vid\u00e9o ci-dessous.<\/p>\n<p>Isra\u00ebl confiant apr\u00e8s la prise de parole de Donald TrumpSource : TF1 Info<\/p>\n<p><img decoding=\"async\" src=\"https:\/\/www.europesays.com\/fr\/wp-content\/uploads\/2025\/06\/israel-confiant-apres-la-prise-de-parole-de-donald-trump-17fe3e-0@1x.jpeg\" alt=\"Isra\u00ebl confiant apr\u00e8s la prise de parole de Donald Trump\" loading=\"lazy\" importance=\"low\" fetchpriority=\"low\" class=\"\"\/><img decoding=\"async\" src=\"https:\/\/www.tf1info.fr\/images\/icons\/player-logo-play.svg\" alt=\"Logo lecture\" class=\"jsx-d0de44c05fe3042c PlayerLazyload__Play\"\/>16:28PRISE DE PAROLE DE DONALD TRUMP<\/p>\n<p>Retrouvez dans la vid\u00e9o ci-dessous la derni\u00e8re prise de parole de Donald Trump, o\u00f9 le pr\u00e9sident am\u00e9ricain \u00e0 lancer un ultimatum \u00e0 l&rsquo;Iran : une \u00ab\u00a0reddition sans conditions\u00a0\u00bb ou \u00ab\u00a0nous ferons sauter toutes les installations nucl\u00e9aires du pays\u00a0\u00bb.<\/p>\n<p>Donald Trump entretient le flou : \u00ab\u00a0Je ne sais pas ce que je vais faire\u00a0\u00bbSource : TF1 Info<\/p>\n<p><img decoding=\"async\" src=\"https:\/\/www.europesays.com\/fr\/wp-content\/uploads\/2025\/06\/donald-trump-entretient-le-flou-je-ne-sais-pas-ce-que-je-vais-faire-4fab69-0@1x.jpeg\" alt=\"Donald Trump entretient le flou : &quot;Je ne sais pas ce que je vais faire&quot;\" loading=\"lazy\" importance=\"low\" fetchpriority=\"low\" class=\"\"\/><img decoding=\"async\" src=\"https:\/\/www.tf1info.fr\/images\/icons\/player-logo-play.svg\" alt=\"Logo lecture\" class=\"jsx-d0de44c05fe3042c PlayerLazyload__Play\"\/>16:11D\u00c9BUT DU CONSEIL DE D\u00c9FENSE<\/p>\n<p>Le Conseil de d\u00e9fense commence \u00e0 l&rsquo;\u00c9lys\u00e9e autour d&rsquo;Emmanuel Macron et Fran\u00e7ois Bayrou. Cette r\u00e9union ultra-confidentielle a lieu dans le PC Jupiter, d&rsquo;o\u00f9 aucune information ne doit sortir.<\/p>\n<p>16:06&Prime;IL FAUT N\u00c9GOCIER\u00a0\u00bb, DEMANDE DONALD TRUMP<\/p>\n<p>Interrog\u00e9 par des journalistes sur une potentielle entr\u00e9e en guerre des \u00c9tats-Unis aux c\u00f4t\u00e9s d&rsquo;Isra\u00ebl, Donald Trump entretient le flou : \u00ab\u00a0Peut-\u00eatre que je vais le faire, peut-\u00eatre que je ne vais pas le faire.\u00a0\u00bb<\/p>\n<p>Il appelle l&rsquo;Iran, \u00ab\u00a0un pays hostile\u00a0\u00bb qui doit accepter une \u00ab\u00a0reddition sans conditions\u00a0\u00bb, \u00e0 n\u00e9gocier : \u00ab\u00a0L&rsquo;Iran ne veut pas n\u00e9gocier mais rien n&rsquo;est trop tard. Je leur ai propos\u00e9 de venir \u00e0 la Maison Blanche. (&#8230;) La semaine prochaine va \u00eatre tr\u00e8s importante.\u00a0\u00bb\u00a0<\/p>\n<p>Pour le pr\u00e9sident am\u00e9ricain, T\u00e9h\u00e9ran ne doit pas d\u00e9tenir la bombe nucl\u00e9aire : \u00ab\u00a0Il faut faire sauter toutes les installations nucl\u00e9aires du pays.\u00a0\u00bb<\/p>\n<p>15:56FUM\u00c9E BLANCHE \u00c0 T\u00c9H\u00c9RAN<\/p>\n<p>Un \u00e9norme panache de fum\u00e9e blanche \u00e0 T\u00e9h\u00e9ran a \u00e9t\u00e9 aper\u00e7u mercredi vers 17h15 (13h45 GMT) dans le sud-est de la capitale iranienne, apr\u00e8s une nouvelle s\u00e9rie de puissantes explosions, ont constat\u00e9 des journalistes de l&rsquo;AFP.<\/p>\n<p>15:47DES LOGEMENTS DE L&rsquo;AMBASSADE FRAN\u00c7AISE TOUCH\u00c9S \u00c0 TEL-AVIV<\/p>\n<p>Interrog\u00e9 lors des questions au gouvernement au S\u00e9nat, le ministre des Affaires \u00e9trang\u00e8res indique que \u00ab\u00a0certains des logements des agents de notre ambassade \u00e0 Tel-Aviv ont \u00e9t\u00e9 touch\u00e9s\u00a0\u00bb dans des bombardements.<\/p>\n<p>\u00ab\u00a0S&rsquo;agissant des ressortissants fran\u00e7ais, notamment ceux de passage en Isra\u00ebl et en Iran, le centre de crise de mon minist\u00e8re a \u00e9labor\u00e9 des propositions et des sc\u00e9narios qui seront tranch\u00e9s dans les minutes qui viennent par le Conseil de s\u00e9curit\u00e9 et de d\u00e9fense initi\u00e9 par le pr\u00e9sident de la R\u00e9publique\u00a0\u00bb, a-t-il ajout\u00e9.<\/p>\n<p>15:39SEUL LE \u00ab\u00a0PEUPLE IRANIEN\u00a0\u00bb PEUT RENVERSER LE R\u00c9GIME<\/p>\n<p>Le Conseil national de la r\u00e9sistance iranienne (CNRI), l&rsquo;opposition en exil au gouvernement de T\u00e9h\u00e9ran, a appel\u00e9 mercredi au renversement du r\u00e9gime \u00ab\u00a0par le peuple iranien et sa r\u00e9sistance\u00a0\u00bb, au moment o\u00f9 Isra\u00ebl m\u00e8ne une attaque sans pr\u00e9c\u00e9dent contre la R\u00e9publique islamique.<\/p>\n<p>\u00ab\u00a0La solution \u00e0 cette guerre et \u00e0 cette crise r\u00e9side dans le renversement de ce r\u00e9gime et dans un changement de r\u00e9gime par le peuple iranien et sa r\u00e9sistance\u00a0\u00bb, a d\u00e9clar\u00e9 la pr\u00e9sidente du CNRI Maryam Rajavi, au cours d&rsquo;une conf\u00e9rence de presse au Parlement europ\u00e9en \u00e0 Strasbourg aux c\u00f4t\u00e9s d&rsquo;une poign\u00e9e d&rsquo;eurod\u00e9put\u00e9s.\u00a0<\/p>\n<p>15:38LE QUARTIER G\u00c9N\u00c9RAL DE LA S\u00c9CURIT\u00c9 INT\u00c9RIEURE TOUCH\u00c9 SELON ISRA\u00cbL<\/p>\n<p>Le ministre isra\u00e9lien de la D\u00e9fense, Isra\u00ebl Katz, a d\u00e9clar\u00e9 mercredi que des avions de l&rsquo;arm\u00e9e de l&rsquo;air avaient d\u00e9truit le \u00ab\u00a0quartier g\u00e9n\u00e9ral de la s\u00e9curit\u00e9 int\u00e9rieure\u00a0\u00bb iranienne apr\u00e8s que l&rsquo;arm\u00e9e a annonc\u00e9 des frappes contre des \u00ab\u00a0cibles militaires\u00a0\u00bb \u00e0 T\u00e9h\u00e9ran.\u00a0<\/p>\n<p>\u00ab\u00a0Des avions de l&rsquo;arm\u00e9e de l&rsquo;air viennent de d\u00e9truire le quartier g\u00e9n\u00e9ral de la s\u00e9curit\u00e9 int\u00e9rieure du r\u00e9gime iranien, principal organe de r\u00e9pression du dictateur iranien\u00a0\u00bb, a-t-il indiqu\u00e9 dans un communiqu\u00e9, promettant de continuer \u00e0 \u00ab\u00a0frapper les symboles de la gouvernance et \u00e0 frapper le r\u00e9gime de l&rsquo;ayatollah, o\u00f9 qu&rsquo;il se trouve\u00a0\u00bb.<\/p>\n<p>15:36DONALD TRUMP PEUT-IL FAIRE ENTRER LES \u00c9TATS-UNIS EN GUERRE ?<\/p>\n<p>Au 6\u1d49 jour du conflit entre Isra\u00ebl et l&rsquo;Iran, les sp\u00e9culations s&rsquo;intensifient sur une \u00e9ventuelle participation directe des Am\u00e9ricains \u00e0 la guerre. Alors que Donald Trump n&rsquo;a pas encore pris de d\u00e9cision et garde toutes les options sur la table, Ludivine Gilli, sp\u00e9cialiste des \u00c9tats-Unis, souligne dans cet article que \u00ab\u00a0la perspective d\u2019une nouvelle guerre au Proche-Orient divise au sein m\u00eame de son camp\u00a0\u00bb.<\/p>\n<p>International<\/p>\n<p>INTERVIEW<\/p>\n<p><img decoding=\"async\" src=\"https:\/\/www.europesays.com\/fr\/wp-content\/uploads\/2025\/06\/donald-trump-16-juin-2025-g7-canada-195efb-0@1x.jpeg\" alt=\"Iran : s'il souhaite entrer en guerre, Donald Trump a-t-il les coud\u00e9es franches  ?\" loading=\"lazy\" importance=\"low\" fetchpriority=\"low\" class=\"\" aria-hidden=\"true\"\/>Publi\u00e9 aujourd&rsquo;hui \u00e0 15h3415:27DES EUROP\u00c9ENS RAPATRI\u00c9S<\/p>\n<p>Plusieurs pays europ\u00e9ens ont rapatri\u00e9 mercredi des centaines de leurs ressortissants fuyant le conflit isra\u00e9lo-iranien, ont-ils annonc\u00e9 s\u00e9par\u00e9ment.<\/p>\n<p>L\u2019Allemagne doit \u00e9vacuer quelque 200 personnes d\u2019Isra\u00ebl mercredi par un vol commercial affr\u00e9t\u00e9 depuis la Jordanie, a indiqu\u00e9 Christian Wagner, un porte-parole du minist\u00e8re des Affaires \u00e9trang\u00e8res \u00e0 Berlin. Un second vol au d\u00e9part de la capitale jordanienne, Amman, est pr\u00e9vu pour jeudi, a-t-il pr\u00e9cis\u00e9.<\/p>\n<p>\u00c0 Rome, le ministre italien des Affaires \u00e9trang\u00e8res, Antonio Tajani, a indiqu\u00e9 que des vols \u00e9taient organis\u00e9s depuis Amman pour les Italiens qui souhaitaient quitter Isra\u00ebl. La Gr\u00e8ce a quant \u00e0 elle rapatri\u00e9 105 de ses ressortissants et membres de leurs familles depuis Charm el-Cheikh, en \u00c9gypte.\u00a0<\/p>\n<p>15:25PLUIE DE BOMBES SUR ISRA\u00cbL<\/p>\n<p>Notre correspondante Claire Cambier t\u00e9moigne depuis Tel Aviv des frappes qui touchent la ville. Les destructions sont de plus en plus importantes, comme le montre la vid\u00e9o de LCI ci-dessous.<\/p>\n<p>Pluie de bombes en Isra\u00ebl, au 6\u00e8me jour de la guerre avec l&rsquo;IranSource : TF1 Info<\/p>\n<p><img decoding=\"async\" src=\"https:\/\/www.europesays.com\/fr\/wp-content\/uploads\/2025\/06\/pluie-de-bombes-en-israel-au-6eme-jour-de-la-guerre-avec-l-iran-f60037-0@1x.jpeg\" alt=\"Pluie de bombes en Isra\u00ebl, au 6\u00e8me jour de la guerre avec l'Iran\" loading=\"lazy\" importance=\"low\" fetchpriority=\"low\" class=\"\"\/><img decoding=\"async\" src=\"https:\/\/www.tf1info.fr\/images\/icons\/player-logo-play.svg\" alt=\"Logo lecture\" class=\"jsx-d0de44c05fe3042c PlayerLazyload__Play\"\/>15:23LE CONSEIL DE D\u00c9FENSE COMMENCE DANS MOINS D&rsquo;UNE HEURE<\/p>\n<p>Selon les informations de TF1-LCI, l&rsquo;ensemble des ministres r\u00e9galiens seront pr\u00e9sents \u00e0 l&rsquo;\u00c9lys\u00e9e \u00e0 16h pour le Conseil de d\u00e9fense : S\u00e9bastien Lecornu (Arm\u00e9es), Jean-No\u00ebl Barrot (Affaires \u00e9trang\u00e8res), Bruno Retailleau (Int\u00e9rieur)&#8230; Le gouvernement devrait faire le point sur la situation des ressortissants fran\u00e7ais au Moyen-Orient, mais aussi sur l&rsquo;\u00e9volution du conflit entre Isra\u00ebl et l&rsquo;Iran.<\/p>\n<p>Les derni\u00e8res informations sur le Conseil de d\u00e9fense du 18 juinSource : TF1 Info<\/p>\n<p><img decoding=\"async\" src=\"https:\/\/www.europesays.com\/fr\/wp-content\/uploads\/2025\/06\/les-dernieres-informations-sur-le-conseil-de-defense-du-18-juin-762744-0@1x.jpeg\" alt=\"Les derni\u00e8res informations sur le Conseil de d\u00e9fense du 18 juin\" loading=\"lazy\" importance=\"low\" fetchpriority=\"low\" class=\"\"\/><img decoding=\"async\" src=\"https:\/\/www.tf1info.fr\/images\/icons\/player-logo-play.svg\" alt=\"Logo lecture\" class=\"jsx-d0de44c05fe3042c PlayerLazyload__Play\"\/>15:19LCI \u00c0 WASHINGTON<\/p>\n<p>Notre correspondante H\u00e9l\u00e8ne Bonnet est en direct depuis Washington, alors que le Guide supr\u00eame iranien a menac\u00e9 \u00e0 la mi-journ\u00e9e de \u00ab\u00a0d\u00e9g\u00e2ts irr\u00e9parables\u00a0\u00bb en cas d&rsquo;entr\u00e9e en guerre des \u00c9tats-Unis. \u00a0\u00a0<\/p>\n<p>LCI \u00e0 Washington, alors que Khamenei menace les USASource : TF1 Info<\/p>\n<p><img decoding=\"async\" src=\"https:\/\/www.europesays.com\/fr\/wp-content\/uploads\/2025\/06\/lci-a-washington-alors-que-khamenei-menace-les-usa-811a7d-0@1x.jpeg\" alt=\"LCI \u00e0 Washington, alors que Khamenei menace les USA\" loading=\"lazy\" importance=\"low\" fetchpriority=\"low\" class=\"\"\/><img decoding=\"async\" src=\"https:\/\/www.tf1info.fr\/images\/icons\/player-logo-play.svg\" alt=\"Logo lecture\" class=\"jsx-d0de44c05fe3042c PlayerLazyload__Play\"\/>15:13EXPLOSION DANS LE NORD DE T\u00c9H\u00c9RAN<\/p>\n<p>Une explosion a retenti mercredi apr\u00e8s-midi dans le nord de T\u00e9h\u00e9ran, ont constat\u00e9 des journalistes de l&rsquo;AFP, au 6\u1d49 jour de la pire confrontation militaire entre l&rsquo;Iran et Isra\u00ebl.<\/p>\n<p>Cette explosion d&rsquo;origine ind\u00e9termin\u00e9e est survenue au moment o\u00f9 plusieurs autres explosions secouaient la partie est de T\u00e9h\u00e9ran. La c\u00e9l\u00e8bre avenue Vali-Asr, qui traverse la capitale iranienne du nord au sud, a \u00e9t\u00e9 partiellement boucl\u00e9e, a constat\u00e9 l&rsquo;AFP.<\/p>\n<p>15:11FRAPPES SUR DES \u00ab\u00a0CIBLES MILITAIRES\u00a0\u00bb<\/p>\n<p>L&rsquo;arm\u00e9e isra\u00e9lienne a annonc\u00e9 mercredi mener de nouvelles frappes sur des \u00ab\u00a0cibles militaires\u00a0\u00bb \u00e0 T\u00e9h\u00e9ran, au 6\u1d49 jour d&rsquo;une guerre entre Isra\u00ebl et l&rsquo;Iran. \u00ab\u00a0L&rsquo;arm\u00e9e de l&rsquo;air isra\u00e9lienne frappe actuellement des cibles militaires appartenant au r\u00e9gime iranien \u00e0 T\u00e9h\u00e9ran\u00a0\u00bb, a-t-elle annonc\u00e9 dans un communiqu\u00e9.<\/p>\n<p>14:44ASSOUPLISSEMENT DES RESTRICTIONS EN ISRA\u00cbL<\/p>\n<p>\u00c0 l&rsquo;issue d&rsquo;une r\u00e9union avec les Forces de d\u00e9fense isra\u00e9liennes (FDI) et le Commandement du front int\u00e9rieur (HFC), le gouvernement isra\u00e9lien a d\u00e9cid\u00e9 d&rsquo;assouplir les restrictions nationales, face \u00e0 l&rsquo;attaque iranienne. La population est invit\u00e9e \u00e0 \u00ab\u00a0limiter\u00a0\u00bb ses activit\u00e9s, apr\u00e8s n&rsquo;avoir \u00e9t\u00e9 autoris\u00e9e qu&rsquo;\u00e0 mener des \u00ab\u00a0activit\u00e9s essentielles\u00a0\u00bb au d\u00e9clenchement du conflit. Ces changements entreront en vigueur d\u00e8s ce mercredi soir (18h, 17h en France) sur tout le territoire, \u00e0 l&rsquo;exception de plusieurs zones, notamment proches de la bande Gaza, ou de la Vall\u00e9e du Jourdain, pr\u00e9cise un communiqu\u00e9 militaire.\u00a0<\/p>\n<p>\u00ab\u00a0Parall\u00e8lement \u00e0 l&rsquo;intensification de la lutte contre l&rsquo;Iran pour \u00e9liminer les menaces, nous allons rouvrir l&rsquo;\u00e9conomie, lib\u00e9rer progressivement le public et ramener Isra\u00ebl sur la voie de l&rsquo;activit\u00e9 et de la s\u00e9curit\u00e9\u00a0\u00bb, affirme le ministre de l&rsquo;Int\u00e9rieur Isra\u00ebl Katz, \u00e9voquant \u00ab\u00a0un message de victoire sur l&rsquo;ennemi iranien\u00a0\u00bb. \u00ab\u00a0Ils viennent pour nuire et fermer, tandis que nous les attaquons, prot\u00e9geons notre population et entamons un processus progressif de r\u00e9ouverture de l&rsquo;\u00e9conomie et des zones touch\u00e9es, le tout dans le respect des consid\u00e9rations de s\u00e9curit\u00e9\u00a0\u00bb, ajoute-t-il.\u00a0<\/p>\n<p>14:31NOUVELLES EXPLOSIONS \u00c0 T\u00c9H\u00c9RAN<\/p>\n<p>Quelques minutes apr\u00e8s les pr\u00e9c\u00e9dentes, une nouvelle s\u00e9rie de puissantes explosions survient dans l&rsquo;est de T\u00e9h\u00e9ran, vers 15h50 (14h30, heure fran\u00e7aise), rapporte l&rsquo;AFP. Au moins cinq panaches de fum\u00e9e noire sont visibles dans les quartiers est et sud-est de la capitale iranienne.<\/p>\n<p>14:29LA VIE SOUS LE D\u00d4ME DE FR<\/p>\n<p>Les Isra\u00e9liens continuent de devoir se mettre \u00e0 l&rsquo;abri au rythme des alertes. Nos envoy\u00e9s sp\u00e9ciaux \u00e0 Tel-Aviv ont v\u00e9cu ces derni\u00e8res heures une tentative de bombardement iranien.\u00a0<\/p>\n<p>La vie sous le d\u00f4me de fer \u00e0 Tel-Aviv\u00a0Source : JT 13h Semaine<\/p>\n<p><img decoding=\"async\" src=\"https:\/\/www.europesays.com\/fr\/wp-content\/uploads\/2025\/06\/la-vie-sous-le-dome-de-fer-a-tel-aviv-fdb1a3-0@1x.jpeg\" alt=\"La vie sous le d\u00f4me de fer \u00e0 Tel-Aviv\u00a0\" loading=\"lazy\" importance=\"low\" fetchpriority=\"low\" class=\"\"\/><img decoding=\"async\" src=\"https:\/\/www.tf1info.fr\/images\/icons\/player-logo-play.svg\" alt=\"Logo lecture\" class=\"jsx-d0de44c05fe3042c PlayerLazyload__Play\"\/>14:21QUI EST KHAMENEI ? <\/p>\n<p>L&rsquo;ayatollah Ali Khamenei, \u00e0 la t\u00eate de l&rsquo;Iran depuis 1989, est sous protection depuis les premi\u00e8res frappes isra\u00e9liennes. Benyamin Netanyahou voit en effet son \u00e9limination comme une solution au conflit. Tandis que Donald Trump a assur\u00e9 que les \u00c9tats-Unis pouvaient ais\u00e9ment tuer le guide supr\u00eame iranien.<\/p>\n<p>International<img decoding=\"async\" src=\"https:\/\/www.europesays.com\/fr\/wp-content\/uploads\/2025\/06\/ali-khamenei-1-abb06b-0@1x.jpeg\" alt=\"Menac\u00e9 par Isra\u00ebl, mis en garde par Trump, qui est Ali Khamenei, l'homme fort de l'Iran ?\" loading=\"lazy\" importance=\"low\" fetchpriority=\"low\" class=\"\" aria-hidden=\"true\"\/>Publi\u00e9 aujourd&rsquo;hui \u00e0 13h2414:19&Prime;\u00c0 QUELQUES MILLIM\u00c8TRES DE LA CATASTROPHE\u00a0\u00bb<\/p>\n<p>La porte-parole du minist\u00e8re russe des Affaires \u00e9trang\u00e8res, Maria Zakharova, d\u00e9clare que le monde est \u00ab\u00a0\u00e0 quelques millim\u00e8tres de la catastrophe\u00a0\u00bb en raison des frappes isra\u00e9liennes quotidiennes sur l&rsquo;infrastructure nucl\u00e9aire iranienne, rapporte l&rsquo;agence de presse d&rsquo;\u00c9tat russe RIA.\u00a0<\/p>\n<p>14:07BERLIN VEUT RAMENER T\u00c9H\u00c9RAN \u00c0 LA TABLE DES N\u00c9GOCIATIONS<\/p>\n<p>\u00ab\u00a0Il n&rsquo;est jamais trop tard pour revenir \u00e0 la table des n\u00e9gociations si l&rsquo;on vient avec une intention honn\u00eate\u00a0\u00bb, d\u00e9clare le ministre allemand des Affaires \u00e9trang\u00e8res, Johann Wadephul, lors d&rsquo;un point presse \u00e0 Berlin. France, Royaume-Uni et Allemagne, les puissances europ\u00e9ennes en premi\u00e8re ligne sur le dossier, restent \u00ab\u00a0pr\u00eats \u00e0 n\u00e9gocier une solution\u00a0\u00bb diplomatique avec l&rsquo;Iran, ajoute-t-il.<\/p>\n<p>Dans cette optique, \u00ab\u00a0l&rsquo;Iran doit maintenant agir avec urgence\u00a0\u00bb en prenant \u00ab\u00a0des mesures instaurant la confiance et v\u00e9rifiables\u00a0\u00bb, prouvant qu&rsquo;il \u00ab\u00a0ne cherche pas \u00e0 obtenir une arme nucl\u00e9aire\u00a0\u00bb.\u00a0<\/p>\n<p>Voir plus<\/p>\n<p>14:04FUM\u00c9E NOIRE \u00c0 T\u00c9H\u00c9RAN <\/p>\n<p>Plusieurs explosions ont \u00e9t\u00e9 entendues \u00e0 T\u00e9h\u00e9ran peu avant 15h30 (14h, heure fran\u00e7aise), rapporte l&rsquo;AFP, qui pr\u00e9cise qu&rsquo;une fum\u00e9e noire est visible dans l&rsquo;est de la capitale iranienne.\u00a0<\/p>\n<p>14:03POUTINE EN M\u00c9DIATEUR <\/p>\n<p>\u00ab\u00a0Vladimir Poutine a confirm\u00e9 la disposition de la Russie \u00e0 offrir une m\u00e9diation pour faire avancer le dialogue\u00a0\u00bb, indique le Kremlin dans un communiqu\u00e9 relatant un appel entre le pr\u00e9sident russe et son homologue \u00e9mirati, cheikh Mohamed ben Zayed. Le pr\u00e9sident russe a pris contact avec \u00ab\u00a0une s\u00e9rie de dirigeants \u00e9trangers\u00a0\u00bb pour proposer une m\u00e9diation de Moscou.<\/p>\n<p>En parall\u00e8le, le dirigeant a soulign\u00e9 \u00ab\u00a0la n\u00e9cessit\u00e9 d&rsquo;un arr\u00eat le plus rapidement possible des op\u00e9rations militaires et l&rsquo;activation d&rsquo;efforts politico-diplomatiques pour r\u00e9soudre les litiges concernant le programme nucl\u00e9aire iranien\u00a0\u00bb. \u00ab\u00a0Les deux parties (russe et \u00e9mirati) ont exprim\u00e9 leur profonde inqui\u00e9tude face \u00e0 l\u2019escalade actuelle du conflit Iran-Isra\u00ebl, qui est lourde de cons\u00e9quences tr\u00e8s n\u00e9gatives pour toute la r\u00e9gion\u00a0\u00bb, ajoute le communiqu\u00e9.\u00a0<\/p>\n<p>13:55PR\u00c9CAUTIONS BRITANNIQUES<\/p>\n<p>Le Royaume-Uni \u00e9vacue d&rsquo;Isra\u00ebl les familles de son personnel diplomatique, fait savoir le Foreign Office.\u00a0\u00ab\u00a0Les familles du personnel de l&rsquo;ambassade britannique \u00e0 Tel Aviv et du consulat \u00e0 J\u00e9rusalem ont \u00e9t\u00e9 temporairement rappel\u00e9es par mesure de pr\u00e9caution. L&rsquo;ambassade et le consulat poursuivent le travail essentiel, y compris les services aux ressortissants britanniques\u00a0\u00bb, peut-on lire sur le site internet.\u00a0<\/p>\n<p>13:47AVERTISSEMENT DE MOSCOU<\/p>\n<p>\u00ab\u00a0Les \u00c9tats-Unis sont constamment \u00e0 la pointe de tous les processus, et je pense qu&rsquo;il serait erron\u00e9 de dire qu&rsquo;ils ne sont pas intervenus auparavant et qu&rsquo;ils interviendront maintenant\u00a0\u00bb, affirme le vice-ministre russe des Affaires \u00e9trang\u00e8res, Sergei Ryabkov, \u00e0 l&rsquo;agence de presse Interfax. \u00ab\u00a0Nous mettons en garde les \u00c9tats-Unis contre toute assistance militaire directe \u00e0 Isra\u00ebl. Cela pourrait d\u00e9stabiliser radicalement le Moyen-Orient\u00a0\u00bb, souligne-t-il.\u00a0<\/p>\n<p>13:32KHAMENEI TACLE TRUMP<\/p>\n<p>\u00ab\u00a0Dans une d\u00e9claration inacceptable, le pr\u00e9sident am\u00e9ricain a explicitement exhort\u00e9 les Iraniens \u00e0 se rendre. Les menaces n&rsquo;influeront pas sur le comportement [&#8230;] de la nation iranienne\u00a0\u00bb, mart\u00e8le le Guide supr\u00eame iranien Ali Khamenei.<\/p>\n<p>12:40KHAMENEI : \u00ab\u00a0L&rsquo;IRAN NE SE RENDRA JAMAIS\u00a0\u00bb<\/p>\n<p>Dans une d\u00e9claration lue \u00e0 la t\u00e9l\u00e9vision d&rsquo;\u00c9tat, le Guide supr\u00eame iranien Ali Khamenei assure que \u00ab\u00a0l&rsquo;Iran ne se rendra jamais\u00a0\u00bb sous la pression. \u00ab\u00a0La nation iranienne s&rsquo;oppose fermement \u00e0 une guerre impos\u00e9e, tout comme elle s&rsquo;opposera fermement \u00e0 une paix impos\u00e9e\u00a0\u00bb, dit-il. \u00ab\u00a0Les Am\u00e9ricains doivent savoir que toute intervention militaire de leur part entra\u00eenera assur\u00e9ment des d\u00e9g\u00e2ts irr\u00e9parables\u00a0\u00bb, ajoute le dirigeant au pouvoir depuis 1989 alors que Donald Trump a exig\u00e9 \u00ab\u00a0une capitulation sans conditions\u00a0\u00bb de T\u00e9h\u00e9ran.<\/p>\n<p>12:27UN NUM\u00c9RO POUR LES FRAN\u00c7AIS \u00c0 T\u00c9H\u00c9RAN<\/p>\n<p>L&rsquo;ambassade de France dans la capitale iranienne \u00ab\u00a0reste ouverte et au service des ressortissants fran\u00e7ais\u00a0\u00bb. Elle rappelle les recommandations d&rsquo;usage, \u00e0 savoir \u00ab\u00a0d&rsquo;essayer de se mettre \u00e0 l&rsquo;abri\u00a0\u00bb, \u00ab\u00a0d&rsquo;\u00e9viter tout d\u00e9placement de nuit\u00a0\u00bb ou \u00ab\u00a0de quitter la ville\u00a0\u00bb. Si l&rsquo;espace a\u00e9rien et l&rsquo;a\u00e9roport international de T\u00e9h\u00e9ran restent ferm\u00e9s, \u00ab\u00a0les fronti\u00e8res terrestres avec l&rsquo;Arm\u00e9nie et la Turquie\u00a0\u00bb sont elles ouvertes. \u00ab\u00a0Les Fran\u00e7ais qui ne peuvent pas quitter T\u00e9h\u00e9ran doivent se faire conna\u00eetre, s\u2019il ne l\u2019ont pas d\u00e9j\u00e0 fait\u00a0\u00bb en appelant la cellule t\u00e9l\u00e9phonique mise en place au +98 21 64 09 49 00.<\/p>\n<p>12:15L&rsquo;IRAN MET EN GARDE LES \u00c9TATS-UNIS<\/p>\n<p>Les Etats-Unis \u00ab\u00a0sont complices des agissements d&rsquo;Isra\u00ebl\u00a0\u00bb, d\u00e9clare l&rsquo;ambassadeur iranien aupr\u00e8s des Nations unies, Ali Bahreini. \u00ab\u00a0Nous suivons les actions des \u00c9tats-Unis. Et \u00e0 tout moment, si nous arrivons \u00e0 la conclusion que les \u00c9tats-Unis sont directement impliqu\u00e9s dans les attaques contre l&rsquo;Iran, nous commencerons \u00e0 r\u00e9pondre aux \u00c9tats-Unis\u00a0\u00bb, pr\u00e9vient-il. \u00ab\u00a0Si une ligne rouge est franchie, il y aura une r\u00e9ponse\u00a0\u00bb, poursuit le diplomate.\u00a0<\/p>\n<p>12:02DROIT \u00ab\u00a0L\u00c9GITIME\u00a0\u00bb \u00c0 SE D\u00c9FENDRE<\/p>\n<p>Le pr\u00e9sident turc Recep Tayyip Erdogan a estim\u00e9 mercredi que l&rsquo;Iran avait le droit \u00ab\u00a0l\u00e9gitime\u00a0\u00bb de se d\u00e9fendre face aux bombardements effectu\u00e9s par Isra\u00ebl, au 6\u1d49 jour de guerre entre les deux pays.<\/p>\n<p>\u00ab\u00a0C&rsquo;est un droit tr\u00e8s naturel, l\u00e9gitime et l\u00e9gal pour l&rsquo;Iran de se d\u00e9fendre contre la brutalit\u00e9 et le terrorisme d&rsquo;\u00c9tat d&rsquo;Isra\u00ebl\u00a0\u00bb, a d\u00e9clar\u00e9 Recep Tayyip Erdogan, un jour apr\u00e8s avoir qualifi\u00e9 le Premier ministre isra\u00e9lien Benyamin Netanyahou de \u00ab\u00a0plus grande menace pour la s\u00e9curit\u00e9 de la r\u00e9gion\u00a0\u00bb.<\/p>\n<p>\u00ab\u00a0Nous suivons de pr\u00e8s les attaques terroristes isra\u00e9liennes contre l&rsquo;Iran. Toutes nos institutions sont en \u00e9tat d&rsquo;alerte concernant les effets possibles de ces attaques sur la Turquie\u00a0\u00bb, a ajout\u00e9 le chef de l&rsquo;\u00c9tat, affirmant pr\u00e9parer son pays \u00e0 \u00ab\u00a0tous les sc\u00e9narios\u00a0\u00bb.<\/p>\n<p>11:58UN DISPOSITIF POUR LES TOURISTES11:53KHAMENEI DEVANT LES IRANIENS <\/p>\n<p>Le Guide supr\u00eame iranien Ali Khamenei va s&rsquo;exprimer \u00e0 la t\u00e9l\u00e9vision \u00ab\u00a0dans quelques minutes\u00a0\u00bb, indique dans un bref communiqu\u00e9 l&rsquo;agence de presse officielle Irna.<\/p>\n<p>11:33DEUX B\u00c2TIMENTS DE PRODUCTION DE CENTRIFUGEUSES IRANIENNES D\u00c9TRUITS<\/p>\n<p>\u00ab\u00a0L&rsquo;Agence internationale de l&rsquo;\u00e9nergie atomique (AIEA) dispose d&rsquo;informations indiquant que deux installations de production de centrifugeuses en Iran, l&rsquo;atelier TESA de Karaj et le centre de recherche de T\u00e9h\u00e9ran, ont \u00e9t\u00e9 touch\u00e9es\u00a0\u00bb, \u00e9crit l&rsquo;organisation internationale. \u00ab\u00a0Ces deux sites \u00e9taient auparavant sous la surveillance de l&rsquo;AIEA dans le cadre de l&rsquo;Accord de Vienne sur le nucl\u00e9aire iranien (JCPOA)\u00a0\u00bb, rappelle-t-elle.\u00a0<\/p>\n<p>Dans le d\u00e9tail, \u00e0 T\u00e9h\u00e9ran, \u00ab\u00a0un b\u00e2timent, o\u00f9 des rotors de centrifugeuses avanc\u00e9es \u00e9taient fabriqu\u00e9s et test\u00e9s, a \u00e9t\u00e9 touch\u00e9\u00a0\u00bb. \u00c0 Karaj, \u00ab\u00a0deux b\u00e2timents, o\u00f9 diff\u00e9rents composants de centrifugeuses \u00e9taient fabriqu\u00e9s, ont \u00e9t\u00e9 d\u00e9truits\u00a0\u00bb.\u00a0<\/p>\n<p>Pour rappel, ces machines sont utilis\u00e9es pour enrichir l&rsquo;uranium.\u00a0<\/p>\n<blockquote data-testid=\"EmbedTwitter\" id=\"tweet-1935263681840873744-:Recc9kqb6ij9n79m:\" class=\"jsx-aeff1a1c40f54d7a twitter-tweet flex justify-center items-center\"><p>The IAEA has information that two centrifuge production facilities in Iran, the TESA Karaj workshop and the Tehran Research Center, were hit. Both sites were previously under IAEA monitoring and verification as part of the JCPOA. \u2014 IAEA &#8211; International Atomic Energy Agency \u269b\ufe0f (@iaeaorg)  June 18, 2025<\/p><\/blockquote>\n<p>11:13DRONE ISRA\u00c9LIEN<\/p>\n<p>L&rsquo;arm\u00e9e isra\u00e9lienne indique qu&rsquo;un de ses drones en op\u00e9ration en Iran y avait \u00e9t\u00e9 abattu par un missile sol-air. \u00a0\u00ab\u00a0Au cours d&rsquo;une op\u00e9ration, un missile sol-air a \u00e9t\u00e9 tir\u00e9 en direction d&rsquo;un drone de l&rsquo;IAF (aviation isra\u00e9lienne, NDLR)\u00a0\u00bb, d\u00e9taille Tsahal dans son communiqu\u00e9. L&rsquo;appareil \u00ab\u00a0est tomb\u00e9 en Iran, aucun bless\u00e9 n&rsquo;a \u00e9t\u00e9 signal\u00e9 et il n&rsquo;y a aucun risque de fuite d&rsquo;informations\u00a0\u00bb, ajoute-t-elle.\u00a0<\/p>\n<p>10:54&Prime;R\u00c9PONSE TR\u00c8S S\u00c9RIEUSE\u00a0\u00bb<\/p>\n<p>\u00ab\u00a0L&rsquo;Iran va r\u00e9pondre. L&rsquo;Iran est d\u00e9termin\u00e9 \u00e0 r\u00e9pondre aux attaques d&rsquo;Isra\u00ebl\u00a0\u00bb et \u00ab\u00a0nous r\u00e9pondrons tr\u00e8s, tr\u00e8s, tr\u00e8s s\u00e9rieusement et fermement, et c&rsquo;est ce que nous faisons maintenant\u00a0\u00bb, d\u00e9clare l&rsquo;ambassadeur iranien aupr\u00e8s des Nations unies, Ali Bahreini. \u00ab\u00a0Personne ne doit s&rsquo;attendre \u00e0 ce que l&rsquo;Iran fasse preuve d&rsquo;une quelconque retenue. (&#8230;) L&rsquo;Iran r\u00e9pondra tr\u00e8s fermement. Et nous mettrons fin \u00e0 l&rsquo;agression par tous les moyens\u00a0\u00bb, assure-t-il, tout en promettant une r\u00e9ponse \u00ab\u00a0proportionn\u00e9e\u00a0\u00bb.\u00a0<\/p>\n<p>\u00ab\u00a0Nous r\u00e9pondrons fermement et nous mettrons fin \u00e0 l&rsquo;agression de quiconque, qu&rsquo;il s&rsquo;agisse d&rsquo;Isra\u00ebl ou des \u00c9tats-Unis. Et nous avons fait savoir aux \u00c9tats-Unis que nous r\u00e9pondrons tr\u00e8s fermement et que nous mettrons fin \u00e0 l&rsquo;agression de quiconque, y compris des \u00c9tats-Unis\u00a0\u00bb, pr\u00e9vient encore le diplomate.\u00a0<\/p>\n<p>10:44&Prime;D\u00c9FAITE PLUS RAPIDE DE L&rsquo;IRAN\u00a0\u00bb<\/p>\n<p>Donald Trump, qui a pr\u00e9cipitamment quitt\u00e9 le sommet du G7, songerait \u00e0 lancer les \u00c9tats-Unis dans la guerre contre l&rsquo;Iran. Si l&rsquo;\u00c9tat h\u00e9breu dit ne pas avoir sollicit\u00e9 l&rsquo;appui de Washington pour ses offensives, un tel soutien \u00ab\u00a0raccourcirait le conflit\u00a0\u00bb, juge ce mercredi Joshua Zarka, l&rsquo;ambassadeur d&rsquo;Isra\u00ebl en France, sur le plateau de \u00ab\u00a0Bonjour ! La Matinale TF1\u00a0\u00bb.<\/p>\n<p>International<img decoding=\"async\" src=\"https:\/\/www.europesays.com\/fr\/wp-content\/uploads\/2025\/06\/joshua-zarka-ambassadeur-d-israel-en-france-3e98eb-0@1x.jpeg\" alt=\"Joshua Zarka, ambassadeur d'Isra\u00ebl en France.\" loading=\"lazy\" importance=\"low\" fetchpriority=\"low\" class=\"\" aria-hidden=\"true\"\/>Publi\u00e9 aujourd&rsquo;hui \u00e0 9h3210:42&Prime;UN PLAN\u00a0\u00bb POUR \u00ab\u00a0\u00c9LIMINER ISRA\u00cbL\u00a0\u00bb<\/p>\n<p>Le ministre isra\u00e9lien des Affaires \u00e9trang\u00e8res, Gideon Sa&rsquo;ar, a envoy\u00e9 une lettre au Conseil de s\u00e9curit\u00e9 des Nations unies pour justifier l&rsquo;offensive de l&rsquo;\u00c9tat h\u00e9breu contre l&rsquo;Iran. \u00ab\u00a0L&rsquo;Iran a un plan strat\u00e9gique pour \u00e9liminer Isra\u00ebl. Isra\u00ebl ne peut pas accepter et n&rsquo;acceptera pas la menace d&rsquo;extermination\u00a0\u00bb, mart\u00e8le-t-il. L&rsquo;attaque contre l&rsquo;Iran \u00ab\u00a0a \u00e9t\u00e9 lanc\u00e9e \u00e0 la suite d&rsquo;un d\u00e9veloppement critique du programme d&rsquo;armement nucl\u00e9aire iranien et visait \u00e9galement \u00e0 contrecarrer la menace imminente de nouveaux missiles iraniens et d&rsquo;attaques par procuration\u00a0\u00bb, assure-t-il, pr\u00e9cisant que la d\u00e9cision de passer \u00e0 l&rsquo;offensive a \u00e9t\u00e9 prise \u00ab\u00a0en dernier recours\u00a0\u00bb.\u00a0<\/p>\n<blockquote data-testid=\"EmbedTwitter\" id=\"tweet-1935226608647885139-:Recg9kqb6ij9n79m:\" class=\"jsx-aeff1a1c40f54d7a twitter-tweet flex justify-center items-center\"><p>Iran has a strategic plan to eliminate Israel. Israel cannot and will not accept the threat of extermination!  My letter to the UN Security Council, exposing Iran&rsquo;s malign plans to annihilate Israel -&gt;  pic.twitter.com\/cd06qGPygL \u2014 Gideon Sa&rsquo;ar | \u05d2\u05d3\u05e2\u05d5\u05df \u05e1\u05e2\u05e8 (@gidonsaar)  June 18, 2025<\/p><\/blockquote>\n<p>10:29QUE VA FAIRE TRUMP ?<\/p>\n<p>Donald Trump va-t-il d\u00e9cider d&rsquo;une intervention militaire en Iran ? C&rsquo;est toute la question. Le pr\u00e9sident am\u00e9ricain fait face \u00e0 la pression notamment d&rsquo;une partie de son camp qui insiste pour soutenir plus activement Isra\u00ebl. Au contraire, une partie de sa base \u00e9lectorale ne veut pas d&rsquo;une nouvelle aventure militaire. L&rsquo;autre difficult\u00e9 pour le chef d&rsquo;\u00c9tat est d&rsquo;essayer d&rsquo;\u00e9viter l&rsquo;escalade au Moyen-Orient.<\/p>\n<p>Potentielle intervention am\u00e9ricaine en Iran : LCI \u00e0 WashingtonSource : TF1 Info<\/p>\n<p><img decoding=\"async\" src=\"https:\/\/www.europesays.com\/fr\/wp-content\/uploads\/2025\/06\/potentielle-intervention-americaine-en-iran-lci-a-washington-e09144-0@1x.jpeg\" alt=\"Potentielle intervention am\u00e9ricaine en Iran : LCI \u00e0 Washington\" loading=\"lazy\" importance=\"low\" fetchpriority=\"low\" class=\"\"\/><img decoding=\"async\" src=\"https:\/\/www.tf1info.fr\/images\/icons\/player-logo-play.svg\" alt=\"Logo lecture\" class=\"jsx-d0de44c05fe3042c PlayerLazyload__Play\"\/>10:03DONN\u00c9ES PERSONNELLES<\/p>\n<p>WhatsApp d\u00e9ment mercredi transmettre \u00e0 Isra\u00ebl les donn\u00e9es personnelles de ses utilisateurs iraniens, craignant un blocage de sa messagerie apr\u00e8s des appels iraniens \u00e0 abandonner l&rsquo;application.\u00a0<\/p>\n<p>La t\u00e9l\u00e9vision d&rsquo;\u00c9tat iranienne a appel\u00e9 mardi la population \u00e0 \u00ab\u00a0supprimer l&rsquo;application WhatsApp de son t\u00e9l\u00e9phone portable\u00a0\u00bb, au motif qu&rsquo;elle recueille des donn\u00e9es personnelles, dont la position des utilisateurs, et \u00ab\u00a0les communique \u00e0 l&rsquo;ennemi sioniste\u00a0\u00bb. \u00ab\u00a0Nous craignons que ces faux rapports puissent servir d&rsquo;excuse pour bloquer nos services, \u00e0 un moment o\u00f9 les gens en ont le plus besoin\u00a0\u00bb, r\u00e9agit un porte-parole de WhatsApp, dans un communiqu\u00e9. \u00ab\u00a0Tous les messages que vous envoyez \u00e0 votre famille et vos amis sur WhatsApp sont crypt\u00e9s de bout en bout, ce qui signifie que personne, hormis l&rsquo;exp\u00e9diteur et le destinataire, n&rsquo;a acc\u00e8s \u00e0 ces messages, pas m\u00eame WhatsApp\u00a0\u00bb, assure-t-il, disant fournir \u00ab\u00a0d&rsquo;informations \u00e0 aucun gouvernement\u00a0\u00bb.\u00a0<\/p>\n<p>10:00LCI \u00c0 TEL-AVIV<\/p>\n<p>Plusieurs villes isra\u00e9liennes ont de nouveau \u00e9t\u00e9 cibl\u00e9es par l&rsquo;Iran la nuit derni\u00e8re. \u00ab\u00a0Il y a eu deux salves de missiles qui se sont abattues cette nuit. La d\u00e9fense antia\u00e9rienne a \u00e9t\u00e9 assez efficace. Quelques d\u00e9bris sont tomb\u00e9s, provoquant des incendies, mais il n&rsquo;y a pas eu de d\u00e9g\u00e2ts d&rsquo;ampleur\u00a0\u00bb, indique notre envoy\u00e9e sp\u00e9ciale \u00e0 Tel-Aviv.\u00a0<\/p>\n<p>L&rsquo;Iran bombarde encore Isra\u00ebl : LCI \u00e0 Tel-AvivSource : TF1 Info<\/p>\n<p><img decoding=\"async\" src=\"https:\/\/www.europesays.com\/fr\/wp-content\/uploads\/2025\/06\/l-iran-bombarde-encore-israel-lci-a-tel-aviv-61ce5a-0@1x.jpeg\" alt=\"L'Iran bombarde encore Isra\u00ebl : LCI \u00e0 Tel-Aviv\" loading=\"lazy\" importance=\"low\" fetchpriority=\"low\" class=\"\"\/><img decoding=\"async\" src=\"https:\/\/www.tf1info.fr\/images\/icons\/player-logo-play.svg\" alt=\"Logo lecture\" class=\"jsx-d0de44c05fe3042c PlayerLazyload__Play\"\/>09:36LA CHINE \u00c9VACUE SES RESSORTISSANTS <\/p>\n<p>La Chine dit avoir d\u00e9j\u00e0 \u00e9vacu\u00e9 d&rsquo;Iran pr\u00e8s de 800 ressortissants d&rsquo;Iran. \u00ab\u00a0Gr\u00e2ce \u00e0 l&rsquo;organisation et \u00e0 la coordination du minist\u00e8re des Affaires \u00e9trang\u00e8res (&#8230;) et avec l&rsquo;aide et le soutien actifs des pays voisins, 791 citoyens chinois ont d\u00e9j\u00e0 \u00e9t\u00e9 transf\u00e9r\u00e9s d&rsquo;Iran vers des zones s\u00fbres, et plus de 1.000 personnes sont en cours d&rsquo;\u00e9vacuation\u00a0\u00bb, indique devant la presse Guo Jiakun, un porte-parole du minist\u00e8re chinois des Affaires \u00e9trang\u00e8res.<\/p>\n<p>09:33INTERCEPTEURS D\u00c9FENSIFS<\/p>\n<p>Le stock d&rsquo;intercepteurs d\u00e9fensifs Arrow d&rsquo;Isra\u00ebl s&rsquo;\u00e9puise rapidement, rapporte le <a href=\"https:\/\/www.wsj.com\/world\/middle-east\/israel-is-running-low-on-defensive-interceptors-official-says-fd64163d\" target=\"_blank\" rel=\"noopener\">Wall Street Journal<\/a>, qui cite un responsable am\u00e9ricain. Si elles se confirmaient, ces difficult\u00e9s pourraient menacer les capacit\u00e9s d\u00e9fensives de l&rsquo;\u00c9tat h\u00e9breu face aux missiles iraniens longue port\u00e9e.\u00a0<\/p>\n<p>09:27PLUS DE 400 MISSILES <\/p>\n<p>Depuis les premi\u00e8res frappes isra\u00e9liennes vendredi, l&rsquo;Iran a lanc\u00e9 \u00ab\u00a0plus de 400 missiles et des centaines de drones\u00a0\u00bb sur l&rsquo;\u00c9tat h\u00e9breu, affirment la <a href=\"https:\/\/www.bbc.com\/news\/live\/cx23e4jz2g0t\" target=\"_blank\" rel=\"noopener\">BBC<\/a> et <a href=\"https:\/\/edition.cnn.com\/world\/live-news\/israel-iran-conflict-06-18-25-intl-hnk?t=1750231333614\" target=\"_blank\" rel=\"noopener\">CNN<\/a>, s&rsquo;appuyant sur des donn\u00e9es communiqu\u00e9es par le bureau du Premier ministre isra\u00e9lien Benyamin Netanyahou. \u00ab\u00a0Les frappes ont touch\u00e9 40 sites en Isra\u00ebl\u00a0\u00bb, est-il encore indiqu\u00e9.<\/p>\n<p>Concernant le bilan humain, jusqu&rsquo;\u00e0 pr\u00e9sent, 24 personnes ont \u00e9t\u00e9 tu\u00e9es en Isra\u00ebl, plus de 800 ont \u00e9t\u00e9 bless\u00e9es et plus de 3.800 ont \u00e9t\u00e9 \u00e9vacu\u00e9es de leur domicile. \u00c0 noter qu&rsquo;aucun d\u00e9c\u00e8s n&rsquo;est \u00e0 d\u00e9plorer lors de cette nuit.\u00a0<\/p>\n<p>09:10DIPLOMATES RUSSES<\/p>\n<p>Les familles de diplomates russes ont quitt\u00e9 le territoire isra\u00e9lien, annonce l&rsquo;ambassadeur de Russie \u00e0 Tel-Aviv, Anatoli Viktorov, en pleine confrontation militaire entre Isra\u00ebl et l&rsquo;Iran. \u00ab\u00a0Pratiquement tous les \u00e9pouses et enfants des employ\u00e9s de l&rsquo;ambassade\u00a0\u00bb sont partis mardi via l&rsquo;\u00c9gypte \u00ab\u00a0pour regagner leur patrie\u00a0\u00bb, d\u00e9clare-t-il.\u00a0<\/p>\n<p>Le diplomate n&rsquo;exclut pas non plus que l&rsquo;ambassade de Russie puisse \u00eatre transf\u00e9r\u00e9e \u00ab\u00a0vers un endroit plus s\u00e9curis\u00e9 sans quitter Isra\u00ebl\u00a0\u00bb, apr\u00e8s une sixi\u00e8me nuit de frappes entre Isra\u00e9liens et Iraniens.<\/p>\n<p>08:58&Prime;TORNADE SUR T\u00c9H\u00c9RAN\u00a0\u00bb<\/p>\n<p>\u00ab\u00a0Une tornade passe au-dessus de T\u00e9h\u00e9ran. Les symboles du gouvernement \u2013 l\u2019Autorit\u00e9 de radiodiffusion et bient\u00f4t d\u2019autres cibles \u2013sont bombard\u00e9s et d\u00e9truits et des foules de r\u00e9sidents fuient\u00a0\u00bb, affirme Isra\u00ebl Katz, le ministre isra\u00e9lien de la D\u00e9fense. \u00ab\u00a0C\u2019est ainsi que les dictatures s\u2019effondrent\u00a0\u00bb, glisse-t-il.\u00a0<\/p>\n<blockquote data-testid=\"EmbedTwitter\" id=\"tweet-1935219369988026484-:Reco9kqb6ij9n79m:\" class=\"jsx-aeff1a1c40f54d7a twitter-tweet flex justify-center items-center\"><p>\u05e1\u05d5\u05e4\u05ea \u05d8\u05d5\u05e8\u05e0\u05d3\u05d5 \u05e2\u05d5\u05d1\u05e8\u05ea \u05e2\u05dc \u05d8\u05d4\u05e8\u05df. \u05e1\u05de\u05dc\u05d9 \u05e9\u05dc\u05d8\u05d5\u05df \u05de\u05d5\u05e4\u05e6\u05e6\u05d9\u05dd \u05d5\u05e7\u05d5\u05e8\u05e1\u05d9\u05dd &#8211; \u05de\u05e8\u05e9\u05d5\u05ea \u05d4\u05e9\u05d9\u05d3\u05d5\u05e8 \u05d5\u05d1\u05e7\u05e8\u05d5\u05d1 \u05d9\u05e2\u05d3\u05d9\u05dd \u05e0\u05d5\u05e1\u05e4\u05d9\u05dd, \u05d5\u05d4\u05de\u05d5\u05e0\u05d9 \u05ea\u05d5\u05e9\u05d1\u05d9\u05dd \u05d1\u05d5\u05e8\u05d7\u05d9\u05dd. \u05db\u05da \u05e7\u05d5\u05e8\u05e1\u05d5\u05ea \u05d3\u05d9\u05e7\u05d8\u05d8\u05d5\u05e8\u05d5\u05ea. \u2014 \u05d9\u05e9\u05e8\u05d0\u05dc \u05db\u201d\u05e5 Israel Katz (@Israel_katz)  June 18, 2025<\/p><\/blockquote>\n<p>08:39&Prime;TRUMP S&rsquo;EST TROMP\u00c9 SUR L&rsquo;IRAN\u00a0\u00bb<\/p>\n<p>\u00ab\u00a0Si quelqu\u2019un s\u2019est tromp\u00e9 vis-\u00e0-vis de l\u2019Iran, c\u2019est bien Donald Trump. Il y a le trait\u00e9 de Vienne qui visait \u00e0 d\u00e9nucl\u00e9ariser l&rsquo;Iran, \u00e0 faire en sorte d&rsquo;obtenir un accord volontaire de T\u00e9h\u00e9ran pour arr\u00eater d&rsquo;enrichir l&rsquo;uranium. Or, Trump en est sorti. Il s&rsquo;est tromp\u00e9 et je pense que, l\u00e0, il y a une premi\u00e8re faute\u00a0\u00bb, juge Bruno Retailleau sur CNews.\u00a0<\/p>\n<p>08:29MENACES SUR LE SOL FRAN\u00c7AIS <\/p>\n<p>\u00ab\u00a0Il y a deux menaces (d\u00e9coulant du conflit entre l&rsquo;Iran et Isra\u00ebl) sur le sol fran\u00e7ais : des jeunes qui se radicalisent avec les \u00e9v\u00e9nements sur les r\u00e9seaux sociaux et le r\u00e9gime des mollahs qui peut tenter de commettre des attentats (ce qu&rsquo;ils ont d\u00e9j\u00e0 fait par le pass\u00e9)\u00a0\u00bb, affirme Bruno Retailleau sur CNews. \u00ab\u00a0On est tr\u00e8s vigilants\u00a0\u00bb, assure le ministre de l&rsquo;Int\u00e9rieur.\u00a0Ce weekend, pour la f\u00eate de la musique, le dispositif policier sera renforc\u00e9.\u00a0<\/p>\n<p>08:22ARRESTATIONS EN IRAN <\/p>\n<p>Cinq individus, accus\u00e9s de \u00ab\u00a0noircir\u00a0\u00bb l&rsquo;image du pays sur internet, ont \u00e9t\u00e9 arr\u00eat\u00e9s dans l&rsquo;ouest du pays par les forces de l&rsquo;ordre iraniennes.\u00a0\u00ab\u00a0Ces mercenaires, par leurs activit\u00e9s d\u00e9lib\u00e9r\u00e9es dans le cyberespace, ont tent\u00e9 de susciter l&rsquo;inqui\u00e9tude du public et de noircir l&rsquo;image du syst\u00e8me sacr\u00e9 de la R\u00e9publique islamique d&rsquo;Iran\u00a0\u00bb, pr\u00e9cisent les agences Isna et Tasnim, citant un communiqu\u00e9 des Gardiens de la R\u00e9volution, l&rsquo;arm\u00e9e id\u00e9ologique du pays.<\/p>\n<p>08:05UNE \u00ab\u00a0ATTAQUE PR\u00c9VENTIVE\u00a0\u00bb MAIS&#8230;<\/p>\n<p>\u00ab\u00a0Nous sommes en guerre avec l&rsquo;Iran depuis plus d&rsquo;un an. Les Iraniens ont tir\u00e9 330 missiles sur Isra\u00ebl en avril dernier, 180 en octobre dernier. C&rsquo;est une attaque pr\u00e9ventive contre le programme nucl\u00e9aire, mais dans le cadre d&rsquo;une guerre qu&rsquo;il y a avec l&rsquo;Iran\u00a0\u00bb, justifie Joshua Zarka, l&rsquo;ambassadeur d&rsquo;Isra\u00ebl en France, sur le plateau de Bonjour ! La Matinale de TF1. \u00ab\u00a0Nous avons tout \u00e0 fait le droit dans le cadre de cette guerre d&rsquo;avoir certaines cibles\u00a0\u00bb, ajoute-t-il.<\/p>\n<p>08:01D\u00c9FAITE DE L&rsquo;IRAN<\/p>\n<p>\u00ab\u00a0Pour Isra\u00ebl, la d\u00e9faite de l&rsquo;Iran serait que le pays n&rsquo;aurait plus la capacit\u00e9 de d\u00e9velopper l&rsquo;arme nucl\u00e9aire et plus de capacit\u00e9 de nous menacer avec des missiles balistiques. C&rsquo;est la d\u00e9finition que l&rsquo;on a donn\u00e9e au d\u00e9but de l&rsquo;op\u00e9ration. On ne demande pas une capitulation sans condition\u00a0\u00bb, souligne Joshua Zarka, l&rsquo;ambassadeur d&rsquo;Isra\u00ebl en France, sur le plateau de Bonjour ! La Matinale de TF1.\u00a0<\/p>\n<p>07:58LES VICTIMES CIVILES<\/p>\n<p>\u00ab\u00a0Nous avons d\u00e9capit\u00e9 le syst\u00e8me militaire iranien et nous avons attaqu\u00e9 des cibles militaires. Les Iraniens ont tir\u00e9 sur nos civils\u00a0\u00bb, d\u00e9nonce Joshua Zarka, l&rsquo;ambassadeur d&rsquo;Isra\u00ebl en France. \u00ab\u00a0Il y a une grande diff\u00e9rence entre tirer sur les civils, essayer de les tuer, et tirer sur la direction de l&rsquo;\u00c9tat. Malheureusement, des civils sont pris dans le tir\u00a0\u00bb, poursuit le diplomate.\u00a0<\/p>\n<blockquote data-testid=\"EmbedTwitter\" id=\"tweet-1935214056463286423-:Recu9kqb6ij9n79m:\" class=\"jsx-aeff1a1c40f54d7a twitter-tweet flex justify-center items-center\"><p>Isra\u00ebl-Iran : \u00ab\u00a0Nous essayons de tirer sur la direction de l&rsquo;\u00c9tat et malheureusement il y a des civils qui sont pris dans les tirs\u00a0\u00bb,  @yzarka dans  #BonjourLaMatinaleTF1 pic.twitter.com\/NH1EaPl65Y \u2014 TF1Info (@TF1Info)  June 18, 2025<\/p><\/blockquote>\n<p>07:54&Prime;D\u00c9FAITE IRANIENNE PLUS RAPIDE\u00a0\u00bb<\/p>\n<p>Une intervention militaire am\u00e9ricaine \u00ab\u00a0raccourcirait le conflit (contre l&rsquo;Iran) parce que \u00e7a m\u00e8nerait \u00e0 une d\u00e9faite iranienne beaucoup plus rapide et les objectifs militaires que nous avons d\u00e9finis seraient atteints beaucoup plus rapidement\u00a0\u00bb, affirme Joshua Zarka, l&rsquo;ambassadeur d&rsquo;Isra\u00ebl en France.\u00a0<\/p>\n<blockquote data-testid=\"EmbedTwitter\" id=\"tweet-1935213577175994841-:Recv9kqb6ij9n79m:\" class=\"jsx-aeff1a1c40f54d7a twitter-tweet flex justify-center items-center\"><p>Une intervention am\u00e9ricaine dans le conflit Isra\u00ebl-Iran \u00ab\u00a0m\u00e8nerait \u00e0 une d\u00e9faite iranienne beaucoup plus rapide\u00a0\u00bb,  @yzarka dans  #BonjourLaMatinaleTF1 pic.twitter.com\/NmVP9wEuKD \u2014 TF1Info (@TF1Info)  June 18, 2025<\/p><\/blockquote>\n<p>07:49L&rsquo;IRAN DERRI\u00c8RE LE 7 OCTOBRE ? <\/p>\n<p>\u00ab\u00a0L&rsquo;Iran est derri\u00e8re toutes les offensives et l&rsquo;instabilit\u00e9 au Moyen-Orient depuis des ann\u00e9es. Tous les derniers conflits dans la r\u00e9gion sont li\u00e9s \u00e0 l&rsquo;Iran et tous ceux li\u00e9s \u00e0 Isra\u00ebl sont li\u00e9s \u00e0 l&rsquo;Iran\u00a0\u00bb, assure Joshua Zarka, l&rsquo;ambassadeur d&rsquo;Isra\u00ebl en France, sur le plateau de Bonjour ! La Matinale de TF1. \u00ab\u00a0En plus, l&rsquo;Iran est l&rsquo;entit\u00e9 qui est derri\u00e8re le 7 octobre\u00a0\u00bb, ajoute-t-il.\u00a0<\/p>\n<p>07:45BUTS D&rsquo;ISRA\u00cbL<\/p>\n<p>En plus du d\u00e9mant\u00e8lement du programme nucl\u00e9aire iranien, Isra\u00ebl a pour objectif de \u00ab\u00a0d\u00e9manteler les capacit\u00e9s balistiques de T\u00e9h\u00e9ran\u00a0\u00bb, affirme Joshua Zarka, l&rsquo;ambassadeur d&rsquo;Isra\u00ebl en France, sur le plateau de Bonjour ! La Matinale de TF1. \u00ab\u00a0Ce sont deux buts, cibles, militaires, que nous avons d\u00e9finis d\u00e8s le d\u00e9but de l&rsquo;op\u00e9ration. La question du changement de r\u00e9gime n&rsquo;est pas une question isra\u00e9lienne (mais) nous serions tr\u00e8s contents si ce r\u00e9gime disparaissait\u00a0\u00bb, ajoute le diplomate.\u00a0\u00ab\u00a0Pour nous, la disparition de ce r\u00e9gime serait quelque chose qui m\u00e8nerait \u00e0 la paix entre nous et nos voisins, mais ce n&rsquo;est pas notre but\u00a0\u00bb, mart\u00e8le-t-il.\u00a0<\/p>\n<p>07:43INTERVENTION POTENTIELLE DE WASHINGTON<\/p>\n<p>\u00ab\u00a0D&rsquo;abord, c&rsquo;est un choix am\u00e9ricain, ce n&rsquo;est pas quelque chose qu&rsquo;Isra\u00ebl demande. Nous avons demand\u00e9 de l&rsquo;aide aux \u00c9tats-Unis pour la d\u00e9fense des civils isra\u00e9liens mais nous ne demandons pas leur participation aux offensives\u00a0\u00bb, assure Joshua Zarka, l&rsquo;ambassadeur d&rsquo;Isra\u00ebl en France, sur le plateau de Bonjour ! La Matinale de TF1. \u00ab\u00a0Si Washington d\u00e9cidait de rentrer dans cette guerre, \u00e7a la raccourcirait, tout simplement. Cela rendrait les choses plus simples\u00a0\u00bb, juge-t-il. \u00a0<\/p>\n<p>07:40MISSILES SUPERSONIQUES<\/p>\n<p>\u00ab\u00a0Les Iraniens publient chaque jour des succ\u00e8s militaires \u00e9normes, qui sont totalement faux. Non, les Iraniens n&rsquo;ont pas de missile supersonique\u00a0\u00bb, affirme Joshua Zarka, l&rsquo;ambassadeur d&rsquo;Isra\u00ebl en France, sur le plateau de Bonjour ! La Matinale de TF1.\u00a0<\/p>\n<p>07:33DES ZONES \u00c0 \u00c9VITER<\/p>\n<p>Le site sp\u00e9cialis\u00e9 FlightRadar publie une carte des radars de vol. Les zones de conflits actuels au Moyen-Orient &#8211; d\u00e9peupl\u00e9es en avions &#8211; apparaissent clairement.\u00a0<\/p>\n<blockquote data-testid=\"EmbedTwitter\" id=\"tweet-1935184772214472778-:Red49kqb6ij9n79m:\" class=\"jsx-aeff1a1c40f54d7a twitter-tweet flex justify-center items-center\"><p>Want to know more about where flights don&rsquo;t operate, have a look  https:\/\/t.co\/5Bsh0dCbni \u2014 Flightradar24 (@flightradar24)  June 18, 2025<\/p><\/blockquote>\n<p>07:30DES VOLS POUR RAPATRIER LES RESSORTISSANTS ISRA\u00c9LIENS<\/p>\n<p>Le premier vol rapatriant des ressortissants isra\u00e9liens, bloqu\u00e9s \u00e0 l&rsquo;\u00e9tranger en raison de l&rsquo;annulation des liaisons a\u00e9riennes apr\u00e8s le d\u00e9clenchement avec l&rsquo;Iran, a atterri mercredi dans un a\u00e9roport proche de Tel-Aviv, annoncent les autorit\u00e9s a\u00e9roportuaires. \u00ab\u00a0Il y a quelques instants, le premier vol de l&rsquo;op\u00e9ration &lsquo;Retour en toute s\u00e9curit\u00e9&rsquo; a atterri \u00e0 l&rsquo;a\u00e9roport Ben Gourion\u00a0\u00bb, indique un communiqu\u00e9, pr\u00e9cisant que le vol avait \u00e9t\u00e9 assur\u00e9 par la compagnie nationale El Al et ramenait des passagers depuis Larnaca (Chypre).\u00a0<\/p>\n<p>07:13CAPITULATION SANS CONDITIONS<\/p>\n<p>Donald Trump exige une \u00ab\u00a0capitulation sans conditions\u00a0\u00bb de l&rsquo;Iran, dans une communication publi\u00e9e sur son r\u00e9seau Truth Social. Le dirigeant affirme aussi vouloir \u00e9pargner la vie de l&rsquo;ayatollah Khamenei, \u00ab\u00a0pour le moment\u00a0\u00bb.<\/p>\n<p>International<img decoding=\"async\" src=\"https:\/\/www.europesays.com\/fr\/wp-content\/uploads\/2025\/06\/donald-trump-usa-1-63f063-0@1x.jpeg\" alt=\"Donald Trump, pr\u00e9sident des Etats-Unis\" loading=\"lazy\" importance=\"low\" fetchpriority=\"low\" class=\"\" aria-hidden=\"true\"\/>07:11ISRA\u00cbL FRAPPE DES SITES STRAT\u00c9GIQUES<\/p>\n<p>L&rsquo;arm\u00e9e isra\u00e9lienne annonce ce matin avoir frapp\u00e9 des sites de production de centrifugeuses d&rsquo;uranium et des usines d&rsquo;armes en Iran, au sixi\u00e8me jour de son offensive sans pr\u00e9c\u00e9dent contre la R\u00e9publique islamique.<\/p>\n<p>Ces frappes, men\u00e9es par \u00ab\u00a0plus de 50 avions\u00a0\u00bb, ont vis\u00e9 \u00ab\u00a0une installation de production de centrifugeuses \u00e0 T\u00e9h\u00e9ran\u00a0\u00bb ainsi que \u00ab\u00a0plusieurs sites de fabrication d&rsquo;armes (&#8230;) notamment des installations de production de mati\u00e8res premi\u00e8res et de composants utilis\u00e9s pour assembler des missiles sol-sol\u00a0\u00bb, d\u00e9taille le communiqu\u00e9.<\/p>\n<blockquote data-testid=\"EmbedTwitter\" id=\"tweet-1935202605677916236-:Red79kqb6ij9n79m:\" class=\"jsx-aeff1a1c40f54d7a twitter-tweet flex justify-center items-center\"><p>\u2b55\ufe0f The IDF struck a centrifuge production site and multiple weapon manufacturing facilities in the Tehran area, key elements of Iran\u2019s nuclear weapons and missile programs. Over 50 IAF fighter jets targeted: &#8211; A facility for producing centrifuges used to enrich uranium beyond\u2026  pic.twitter.com\/YXMiKAJWVz \u2014 Israel Defense Forces (@IDF)  June 18, 2025<\/p><\/blockquote>\n<p>07:06UN CHANGEMENT SYNONYME DE CHAOS ?<\/p>\n<p>Donald Trump a appel\u00e9 ce mardi 17 juin \u00e0 une \u00ab\u00a0capitulation sans conditions\u00a0\u00bb dans une s\u00e9rie de messages sur l&rsquo;Iran. Emmanuel Macron a averti que toute tentative de renversement du pouvoir en Iran par la guerre entra\u00eenerait le \u00ab\u00a0chaos\u00a0\u00bb dans le pays. Suivez les derni\u00e8res informations.<\/p>\n<p>07:01VERS UNE INTERVENTION AM\u00c9RICAINE ? <\/p>\n<p>Ces derni\u00e8res heures, une grande question sur le conflit s&rsquo;impose : les \u00c9tats-Unis vont-ils intervenir militairement ? Le pr\u00e9sident am\u00e9ricain Donald Trump, qui a quitt\u00e9 pr\u00e9cipitamment le G7 avant de r\u00e9unir le Conseil de s\u00e9curit\u00e9 nationale, semble pr\u00e9parer le terrain \u00e0 une entr\u00e9e en action des forces am\u00e9ricaines en Iran. Outre la mise en alerte des bases dans la r\u00e9gion, le dirigeant a exig\u00e9 une capitulation sans condition de T\u00e9h\u00e9ran, d\u00e9montrant un changement de ton.\u00a0<\/p>\n<p>Frapper l&rsquo;Iran : Trump y serait favorableSource : TF1 Info<\/p>\n<p><img decoding=\"async\" src=\"https:\/\/www.europesays.com\/fr\/wp-content\/uploads\/2025\/06\/frapper-l-iran-trump-y-serait-favorable-09da2c-0@1x.jpeg\" alt=\"Frapper l'Iran : Trump y serait favorable\" loading=\"lazy\" importance=\"low\" fetchpriority=\"low\" class=\"\"\/><img decoding=\"async\" src=\"https:\/\/www.tf1info.fr\/images\/icons\/player-logo-play.svg\" alt=\"Logo lecture\" class=\"jsx-d0de44c05fe3042c PlayerLazyload__Play\"\/>06:52DES MISSILES HYPERSONIQUES ? <\/p>\n<p>Les gardiens de la R\u00e9volution disent avoir tir\u00e9 plusieurs missiles hypersoniques de port\u00e9e interm\u00e9diaire Fattah-1 vers Isra\u00ebl, des projectiles beaucoup plus difficiles \u00e0 intercepter que des missiles traditionnels. \u00ab\u00a0Nous devons donner une r\u00e9ponse forte au r\u00e9gime terroriste sioniste. Nous ne montrerons aucune piti\u00e9 envers eux\u00a0\u00bb, a lanc\u00e9 Ali Khamenei, le guide supr\u00eame iranien.\u00a0<\/p>\n<p>L&rsquo;Iran dit avoir tir\u00e9 des missiles hypersoniquesSource : TF1 Info<\/p>\n<p><img decoding=\"async\" src=\"https:\/\/www.europesays.com\/fr\/wp-content\/uploads\/2025\/06\/l-iran-dit-avoir-tire-des-missiles-hypersoniques-4135c5-0@1x.jpeg\" alt=\"L'Iran dit avoir tir\u00e9 des missiles hypersoniques\" loading=\"lazy\" importance=\"low\" fetchpriority=\"low\" class=\"\"\/><img decoding=\"async\" src=\"https:\/\/www.tf1info.fr\/images\/icons\/player-logo-play.svg\" alt=\"Logo lecture\" class=\"jsx-d0de44c05fe3042c PlayerLazyload__Play\"\/>06:51CONSEIL DE D\u00c9FENSE CET APR\u00c8S-MIDI<\/p>\n<p>Emmanuel Macron a annonc\u00e9 mardi qu&rsquo;il pr\u00e9siderait mercredi, \u00e0 son retour d&rsquo;un sommet du G7 au Canada, un conseil de d\u00e9fense sur le conflit entre l&rsquo;Iran et Isra\u00ebl et ses implications pour les ressortissants et bases fran\u00e7aises dans la r\u00e9gion. Il fera le point sur \u00ab\u00a0la s\u00e9curit\u00e9 de nos ressortissants, l&rsquo;adaptation et l&rsquo;\u00e9volution de la menace et d&rsquo;\u00e9ventuelles initiatives compl\u00e9mentaires \u00e0 prendre\u00a0\u00bb, a fait avoir le chef d&rsquo;\u00c9tat fran\u00e7ais.\u00a0<\/p>\n<p>Le Premier ministre Fran\u00e7ois Bayrou, S\u00e9bastien Lecornu, Bruno Retailleau et Jean-No\u00ebl Barrot figurent parmi les participants \u00e0 ce conseil de d\u00e9fense pr\u00e9vu \u00e0 16h \u00e0 l\u2019\u00c9lys\u00e9e, a appris TF1\/LCI de sources gouvernementales.\u00a0<\/p>\n<p>06:15DES MISSILES HYPERSONIQUES VERS ISRA\u00cbL ?<\/p>\n<p>Les Gardiens de la R\u00e9volution iraniens affirment ce mercredi avoir tir\u00e9 des missiles hypersoniques vers Isra\u00ebl, \u00e0 la sixi\u00e8me nuit de la confrontation militaire entre les deux pays ennemis.<\/p>\n<p>L&rsquo;arm\u00e9e iranienne a men\u00e9 \u00ab\u00a0la onzi\u00e8me vague de la fi\u00e8re op\u00e9ration Promesse Honn\u00eate 3 en utilisant des missiles Fattah-1\u00a0\u00bb, des missiles balistiques hypersoniques de port\u00e9e interm\u00e9diaire d\u00e9voil\u00e9s en 2023, indique l&rsquo;arm\u00e9e id\u00e9ologique de la R\u00e9publique islamique, dans un communiqu\u00e9 diffus\u00e9 par la t\u00e9l\u00e9vision d&rsquo;\u00c9tat. T\u00e9h\u00e9ran a acquis \u00ab\u00a0un contr\u00f4le total du ciel des territoires occup\u00e9s\u00a0\u00bb, assure-t-elle.\u00a0<\/p>\n<p>06:14AMBASSADE AM\u00c9RICAINE FERM\u00c9E A WASHINGTON<\/p>\n<p>Les \u00c9tats-Unis ont annonc\u00e9 mardi fermer leur ambassade \u00e0 J\u00e9rusalem pour des raisons de s\u00e9curit\u00e9, au cinqui\u00e8me jour de la confrontation militaire entre Isra\u00ebl et l&rsquo;Iran, alors que les sp\u00e9culations autour d&rsquo;une possible intervention am\u00e9ricaine s&rsquo;intensifient.<\/p>\n<p>\u00ab\u00a0En raison de la situation s\u00e9curitaire actuelle et du conflit en cours entre Isra\u00ebl et l&rsquo;Iran, l&rsquo;ambassade des \u00c9tats-Unis a demand\u00e9 \u00e0 tous les employ\u00e9s du gouvernement am\u00e9ricain et aux membres de leur famille de continuer \u00e0 s&rsquo;abriter sur place \u00e0 l&rsquo;int\u00e9rieur et \u00e0 proximit\u00e9 de leur r\u00e9sidence jusqu&rsquo;\u00e0 nouvel ordre\u00a0\u00bb, ajoute l&rsquo;avis.<\/p>\n<p>06:09BONJOUR \u00c0 TOUS<\/p>\n<p>Bonjour \u00e0 toutes et \u00e0 tous et bienvenue dans ce nouveau direct du mercredi 18 juin 2025 consacr\u00e9 \u00e0 la guerre entre Isra\u00ebl et l&rsquo;Iran.<\/p>\n<p data-module=\"article-paragraph\" class=\"jsx-3046738180 Paragraph Paragraph__End\">Donald Trump va-t-il impliquer directement les \u00c9tats-Unis dans le conflit isra\u00e9lo-iranien ? Le pr\u00e9sident am\u00e9ricain a sembl\u00e9 pr\u00e9parer le terrain mardi. Dans une rafale de messages sur son r\u00e9seau Truth Social, le pr\u00e9sident des \u00c9tats-Unis a appel\u00e9 l&rsquo;Iran \u00e0 une<a href=\"https:\/\/www.tf1info.fr\/international\/donald-trump-s-en-prend-frontalement-au-regime-iranien-dont-il-reclame-la-capitulation-sans-conditions-2377596.html\" target=\"_blank\" rel=\"noopener\"> \u00ab\u00a0capitulation sans conditions\u00a0\u00bb<\/a>, disant que sa \u00ab\u00a0patience arrive \u00e0 bout\u00a0\u00bb au <a href=\"https:\/\/www.tf1info.fr\/international\/direct-israel-iran-jour-5-proche-orient-operation-rising-lionstrump-evoque-un-accord-proche-avec-teheran-washington-renforce-son-dispositif-defensif-les-dernieres-informations-du-17-juin-2025-2377409.html\" target=\"_blank\" rel=\"noopener\">cinqui\u00e8me jour de la confrontation militaire<\/a> entre Isra\u00ebl et l&rsquo;Iran. Les \u00c9tats-Unis \u00ab\u00a0savent exactement o\u00f9 se cache le soi-disant &lsquo;guide supr\u00eame'\u00a0\u00bb iranien, l&rsquo;ayatollah Khamenei, a-t-il encore menac\u00e9, avant de pr\u00e9ciser qu&rsquo;ils ne comptaient pas \u00ab\u00a0l&rsquo;\u00e9liminer (le tuer!), du moins pour le moment\u00a0\u00bb.<\/p>\n<p data-module=\"article-paragraph\" class=\"jsx-3046738180 Paragraph\">Peu auparavant, Donald Trump avait assur\u00e9 que \u00ab\u00a0nous contr\u00f4lons d\u00e9sormais compl\u00e8tement et totalement l&rsquo;espace a\u00e9rien iranien\u00a0\u00bb, semblant pour la premi\u00e8re fois associer les \u00c9tats-Unis aux vis\u00e9es militaires d&rsquo;Isra\u00ebl en Iran. Washington s&rsquo;est content\u00e9 jusqu&rsquo;\u00e0 pr\u00e9sent, du moins publiquement, de d\u00e9fendre Isra\u00ebl face aux missiles iraniens.<\/p>\n<p data-module=\"article-paragraph\" class=\"jsx-3046738180 Paragraph Paragraph__End\">Ce mardi soir le New York Time rapporte que l&rsquo;Iran pr\u00e9parerait des frappes de repr\u00e9sailles sur des bases am\u00e9ricaines au Proche-Orient si les Etats-Unis venaient \u00e0 s&rsquo;engager militairement aux c\u00f4t\u00e9s d&rsquo;Isra\u00ebl. Une menace prise tr\u00e8s au s\u00e9rieux, et qui changerait la donne puisque Trump aurait indiqu\u00e9 qu&rsquo;il ne tol\u00e9rerait pas qu&rsquo;on \u00ab\u00a0touche \u00e0 un cheveu d&rsquo;un Am\u00e9ricain\u00a0\u00bb.<\/p>\n<p><a href=\"https:\/\/www.tf1info.fr\/international\/ca-ne-m-emeut-pas-emmanuel-macron-qualifie-de-peripetie-les-critiques-de-donald-trump-a-son-egard-2377624.html\" rel=\"noopener\" class=\"jsx-3308031228 Link flex\" target=\"_blank\"><img decoding=\"async\" src=\"https:\/\/www.europesays.com\/fr\/wp-content\/uploads\/2025\/06\/trump-macron-2247-3f4eef-1@1x.jpeg\" alt=\"AFP\" loading=\"lazy\" importance=\"low\" fetchpriority=\"low\" class=\"\"\/><\/p>\n<p class=\"jsx-3657663356 ReadMoreArticle__Title\">Lire aussi<\/p>\n<p class=\"jsx-3657663356\">\u00ab\u00a0Ca ne m&rsquo;\u00e9meut pas\u00a0\u00bb : Emmanuel Macron qualifie de \u00ab\u00a0p\u00e9rip\u00e9tie\u00a0\u00bb les critiques de Donald Trump \u00e0 son \u00e9gard<\/p>\n<p><\/a><\/p>\n<p data-module=\"article-paragraph\" class=\"jsx-3046738180 Paragraph\">Sur place, des sir\u00e8nes d&rsquo;alertes antia\u00e9riennes ont bri\u00e8vement retenti mardi soir dans le nord d&rsquo;Isra\u00ebl mais aucun tir de missiles iraniens vers ces r\u00e9gions n&rsquo;a \u00e9t\u00e9 d\u00e9tect\u00e9, selon l&rsquo;arm\u00e9e isra\u00e9lienne. Cet avertissement est intervenu quelques heures apr\u00e8s un pr\u00e9c\u00e9dent tir de barrage de l&rsquo;Iran visant le centre c\u00f4tier de Tel-Aviv et le nord du pays. Les syst\u00e8mes sophistiqu\u00e9s de d\u00e9fense a\u00e9rienne d&rsquo;Isra\u00ebl ont r\u00e9ussi \u00e0 intercepter la plupart des missiles et des drones iraniens tir\u00e9s contre le pays.<\/p>\n<p data-module=\"article-paragraph\" class=\"jsx-3046738180 Paragraph Paragraph__End\">Selon le bureau du Premier ministre, les attaques iraniennes contre Isra\u00ebl ont pour l&rsquo;instant fait au moins 24 morts et 592 bless\u00e9s. Dimanche, les attaques isra\u00e9liennes avaient fait au moins 224 morts et plus de 1.200 bless\u00e9s en Iran, selon le minist\u00e8re de la sant\u00e9 de ce pays. Parmi les victimes figurent des civils, des commandants militaires de haut rang et des scientifiques nucl\u00e9aires.\u00a0<\/p>\n<p>La r\u00e9daction de TF1info<\/p>\n<p>Sur le<br \/><strong> m\u00eame th\u00e8me<\/strong><\/p>\n<p><a href=\"https:\/\/www.tf1info.fr\/actualite\/israel-frappe-l-iran-qui-promet-une-riposte-d-ampleur-operation-rising-lion-sites-civils-et-militaires-nucleaires-14305\/\" rel=\"noopener\" class=\"jsx-484472199 Link jsx-1428418400 jsx-554215408\" target=\"_blank\"><\/p>\n<p>InternationalIsra\u00ebl-Iran en guerre, la crainte de l&rsquo;escalade<\/p>\n<p><\/a>Voir plus\u00a0&#8211; Afficher tout<\/p>\n<p>Tout<br \/><strong> TF1 Info<\/strong><\/p>\n<p>Les + lusDerni\u00e8re minuteTendance<\/p>\n<ol id=\"AllNews__List__0\" class=\"jsx-95874d8574924d6f jsx-3678163218 AllNews__List AllNews__List--visible\">\n<li data-testid=\"AllNewsItem\" class=\"jsx-2e8fe6ce4c477ce7 AllNewsItem \"\/>\n<li data-testid=\"AllNewsItem\" class=\"jsx-2e8fe6ce4c477ce7 AllNewsItem \"\/>\n<li data-testid=\"AllNewsItem\" class=\"jsx-2e8fe6ce4c477ce7 AllNewsItem \"\/>\n<li data-testid=\"AllNewsItem\" class=\"jsx-2e8fe6ce4c477ce7 AllNewsItem \"\/>\n<li data-testid=\"AllNewsItem\" class=\"jsx-2e8fe6ce4c477ce7 AllNewsItem \"\/>\n<li data-testid=\"AllNewsItem\" class=\"jsx-2e8fe6ce4c477ce7 AllNewsItem AllNewsItem__Hidden\"\/>\n<li data-testid=\"AllNewsItem\" class=\"jsx-2e8fe6ce4c477ce7 AllNewsItem AllNewsItem__Hidden\"\/>\n<li data-testid=\"AllNewsItem\" class=\"jsx-2e8fe6ce4c477ce7 AllNewsItem AllNewsItem__Hidden\"\/>\n<li data-testid=\"AllNewsItem\" class=\"jsx-2e8fe6ce4c477ce7 AllNewsItem AllNewsItem__Hidden\"\/>\n<li data-testid=\"AllNewsItem\" class=\"jsx-2e8fe6ce4c477ce7 AllNewsItem AllNewsItem__Hidden\"\/>Voir plus d&rsquo;actualit\u00e9s\u00a0&#8211; Afficher tout<\/ol>\n<ol id=\"AllNews__List__1\" class=\"jsx-95874d8574924d6f jsx-3678163218 AllNews__List\">\n<li data-testid=\"AllNewsItem\" class=\"jsx-2e8fe6ce4c477ce7 AllNewsItem \"\/>\n<li data-testid=\"AllNewsItem\" class=\"jsx-2e8fe6ce4c477ce7 AllNewsItem \"\/>\n<li data-testid=\"AllNewsItem\" class=\"jsx-2e8fe6ce4c477ce7 AllNewsItem \"\/>\n<li data-testid=\"AllNewsItem\" class=\"jsx-2e8fe6ce4c477ce7 AllNewsItem \"\/>\n<li data-testid=\"AllNewsItem\" class=\"jsx-2e8fe6ce4c477ce7 AllNewsItem \"\/>\n<li data-testid=\"AllNewsItem\" class=\"jsx-2e8fe6ce4c477ce7 AllNewsItem AllNewsItem__Hidden\"\/>\n<li data-testid=\"AllNewsItem\" class=\"jsx-2e8fe6ce4c477ce7 AllNewsItem AllNewsItem__Hidden\"\/>\n<li data-testid=\"AllNewsItem\" class=\"jsx-2e8fe6ce4c477ce7 AllNewsItem AllNewsItem__Hidden\"\/>\n<li data-testid=\"AllNewsItem\" class=\"jsx-2e8fe6ce4c477ce7 AllNewsItem AllNewsItem__Hidden\"\/>\n<li data-testid=\"AllNewsItem\" class=\"jsx-2e8fe6ce4c477ce7 AllNewsItem AllNewsItem__Hidden\"\/>Voir plus d&rsquo;actualit\u00e9s\u00a0&#8211; Afficher tout<\/ol>\n<ol id=\"AllNews__List__2\" class=\"jsx-95874d8574924d6f jsx-3678163218 AllNews__List\">\n<li data-testid=\"AllNewsItem\" class=\"jsx-2e8fe6ce4c477ce7 AllNewsItem \"\/>\n<li data-testid=\"AllNewsItem\" class=\"jsx-2e8fe6ce4c477ce7 AllNewsItem \"\/>\n<li data-testid=\"AllNewsItem\" class=\"jsx-2e8fe6ce4c477ce7 AllNewsItem \"\/>\n<li data-testid=\"AllNewsItem\" class=\"jsx-2e8fe6ce4c477ce7 AllNewsItem \"\/>\n<li data-testid=\"AllNewsItem\" class=\"jsx-2e8fe6ce4c477ce7 AllNewsItem \"\/>\n<li data-testid=\"AllNewsItem\" class=\"jsx-2e8fe6ce4c477ce7 AllNewsItem AllNewsItem__Hidden\"\/>\n<li data-testid=\"AllNewsItem\" class=\"jsx-2e8fe6ce4c477ce7 AllNewsItem AllNewsItem__Hidden\"\/>\n<li data-testid=\"AllNewsItem\" class=\"jsx-2e8fe6ce4c477ce7 AllNewsItem AllNewsItem__Hidden\"\/>\n<li data-testid=\"AllNewsItem\" class=\"jsx-2e8fe6ce4c477ce7 AllNewsItem AllNewsItem__Hidden\"\/>\n<li data-testid=\"AllNewsItem\" class=\"jsx-2e8fe6ce4c477ce7 AllNewsItem AllNewsItem__Hidden\"\/>Voir plus d&rsquo;actualit\u00e9s\u00a0&#8211; Afficher tout<\/ol>\n<ol class=\"jsx-3116133996 Breadcrumb__Wrapper\">\n<li class=\"jsx-3116133996 Breadcrumb__Element\"><a href=\"https:\/\/www.tf1info.fr\/\" rel=\"noopener\" class=\"jsx-484472199 Link\" target=\"_blank\">Accueil<\/a><\/li>\n<li class=\"jsx-3116133996 Breadcrumb__Element\">&#8211;<a href=\"https:\/\/www.tf1info.fr\/international\/\" rel=\"noopener\" class=\"jsx-484472199 Link\" target=\"_blank\">International<\/a><\/li>\n<li class=\"jsx-3116133996 Breadcrumb__Element\">-EN DIRECT &#8211; Guerre Isra\u00ebl-Iran : Trump n&rsquo;a pas encore pris sa d\u00e9cision sur une participation aux frappes<\/li>\n<\/ol>\n<p><script async src=\"https:\/\/platform.twitter.com\/widgets.js\" charset=\"utf-8\"><\/script><\/p>\n","protected":false},"excerpt":{"rendered":"Donald Trump a d\u00e9clar\u00e9 mercredi depuis la Maison Blanche qu&rsquo;il n&rsquo;avait pas encore arr\u00eat\u00e9 sa d\u00e9cision quant \u00e0&hellip;\n","protected":false},"author":2,"featured_media":186660,"comment_status":"","ping_status":"","sticky":false,"template":"","format":"standard","meta":{"footnotes":""},"categories":[1589],"tags":[1111,11,1921,75,73,1866,1922,3019,664,32447,32448,12,1864,1865,1863,308,133,1920],"class_list":{"0":"post-186659","1":"post","2":"type-post","3":"status-publish","4":"format-standard","5":"has-post-thumbnail","7":"category-etats-unis","8":"tag-actu","9":"tag-actualites","10":"tag-article-video","11":"tag-donald-trump","12":"tag-etats-unis","13":"tag-etats-unis-damerique","14":"tag-info","15":"tag-iran","16":"tag-israel","17":"tag-israel-iran-en-guerre","18":"tag-la-crainte-de-lescalade","19":"tag-news","20":"tag-united-states","21":"tag-united-states-of-america","22":"tag-us","23":"tag-usa","24":"tag-video","25":"tag-video-international"},"share_on_mastodon":{"url":"https:\/\/pubeurope.com\/@fr\/114706143163769481","error":""},"_links":{"self":[{"href":"https:\/\/www.europesays.com\/fr\/wp-json\/wp\/v2\/posts\/186659","targetHints":{"allow":["GET"]}}],"collection":[{"href":"https:\/\/www.europesays.com\/fr\/wp-json\/wp\/v2\/posts"}],"about":[{"href":"https:\/\/www.europesays.com\/fr\/wp-json\/wp\/v2\/types\/post"}],"author":[{"embeddable":true,"href":"https:\/\/www.europesays.com\/fr\/wp-json\/wp\/v2\/users\/2"}],"replies":[{"embeddable":true,"href":"https:\/\/www.europesays.com\/fr\/wp-json\/wp\/v2\/comments?post=186659"}],"version-history":[{"count":0,"href":"https:\/\/www.europesays.com\/fr\/wp-json\/wp\/v2\/posts\/186659\/revisions"}],"wp:featuredmedia":[{"embeddable":true,"href":"https:\/\/www.europesays.com\/fr\/wp-json\/wp\/v2\/media\/186660"}],"wp:attachment":[{"href":"https:\/\/www.europesays.com\/fr\/wp-json\/wp\/v2\/media?parent=186659"}],"wp:term":[{"taxonomy":"category","embeddable":true,"href":"https:\/\/www.europesays.com\/fr\/wp-json\/wp\/v2\/categories?post=186659"},{"taxonomy":"post_tag","embeddable":true,"href":"https:\/\/www.europesays.com\/fr\/wp-json\/wp\/v2\/tags?post=186659"}],"curies":[{"name":"wp","href":"https:\/\/api.w.org\/{rel}","templated":true}]}}