{"id":186674,"date":"2025-06-18T20:07:10","date_gmt":"2025-06-18T20:07:10","guid":{"rendered":"https:\/\/www.europesays.com\/fr\/186674\/"},"modified":"2025-06-18T20:07:10","modified_gmt":"2025-06-18T20:07:10","slug":"le-tours-vb-recrute-le-passeur-samuel-njok","status":"publish","type":"post","link":"https:\/\/www.europesays.com\/fr\/186674\/","title":{"rendered":"le Tours VB recrute le passeur Samuel Njok"},"content":{"rendered":"<p>Une fois de plus, c\u2019est un ex-Narbonnais qui officiera en tant que deuxi\u00e8me passeur au Tours\u00a0VB, la saison prochaine. Apr\u00e8s \u00eatre all\u00e9 chercher Alexandre Gabin chez les Centurions pour endosser ce r\u00f4le, ces deux derni\u00e8res saisons, le TVB a cette fois choisi de recruter Samuel Njok, venu lui aussi tout droit du club de l\u2019Aude, o\u00f9 il officiait comme doublure de Luke Herr.<\/p>\n<p>Ce jeune passeur assez physique (20\u00a0ans, 1,94\u00a0m), pass\u00e9 par le p\u00f4le espoir de Lyon, avait \u00e9t\u00e9 rep\u00e9r\u00e9 au Mende Volley Loz\u00e8re, avec lequel il a \u00e9t\u00e9 sacr\u00e9 champion de Ligue\u00a0B en 2023, alors qu\u2019il occupait d\u00e9j\u00e0 le r\u00f4le de second passeur mais avait pu disputer plusieurs matchs&#8230;. <\/p>\n<p>    Cet article a \u00e9t\u00e9 tronqu\u00e9. Abonnez-vous pour lire l&rsquo;article complet sur notre site.<\/p>\n<p style=\"margin: 0 !important; padding: 0 !important; font-size: 12px !important;\">Cet article a \u00e9t\u00e9 tronqu\u00e9. Abonnez-vous pour lire l&rsquo;article complet.<\/p>\n<p>    <a href=\"https:\/\/www.lanouvellerepublique.fr\/abonnements\" style=\"display: inline-block; margin-top: 5px !important; padding: 6px 12px !important; background: #cb1c27; color: white; text-decoration: none; border-radius: 4px; font-size: 12px !important;\" rel=\"nofollow noopener\" target=\"_blank\"><br \/>\n      S&rsquo;abonner<br \/>\n    <\/a><\/p>\n","protected":false},"excerpt":{"rendered":"Une fois de plus, c\u2019est un ex-Narbonnais qui officiera en tant que deuxi\u00e8me passeur au Tours\u00a0VB, la saison&hellip;\n","protected":false},"author":2,"featured_media":186675,"comment_status":"","ping_status":"","sticky":false,"template":"","format":"standard","meta":{"footnotes":""},"categories":[1417],"tags":[1392,1011,27,1387,1655,60,1390,1471,2767,1470,1469],"class_list":{"0":"post-186674","1":"post","2":"type-post","3":"status-publish","4":"format-standard","5":"has-post-thumbnail","7":"category-volley","8":"tag-a-la-une-local","9":"tag-fr","10":"tag-france","11":"tag-indre-et-loire","12":"tag-ligue-a","13":"tag-sports","14":"tag-tours","15":"tag-tours-volley-ball","16":"tag-tvb-37","17":"tag-volley","18":"tag-volleyball"},"share_on_mastodon":{"url":"https:\/\/pubeurope.com\/@fr\/114706176001317058","error":""},"_links":{"self":[{"href":"https:\/\/www.europesays.com\/fr\/wp-json\/wp\/v2\/posts\/186674","targetHints":{"allow":["GET"]}}],"collection":[{"href":"https:\/\/www.europesays.com\/fr\/wp-json\/wp\/v2\/posts"}],"about":[{"href":"https:\/\/www.europesays.com\/fr\/wp-json\/wp\/v2\/types\/post"}],"author":[{"embeddable":true,"href":"https:\/\/www.europesays.com\/fr\/wp-json\/wp\/v2\/users\/2"}],"replies":[{"embeddable":true,"href":"https:\/\/www.europesays.com\/fr\/wp-json\/wp\/v2\/comments?post=186674"}],"version-history":[{"count":0,"href":"https:\/\/www.europesays.com\/fr\/wp-json\/wp\/v2\/posts\/186674\/revisions"}],"wp:featuredmedia":[{"embeddable":true,"href":"https:\/\/www.europesays.com\/fr\/wp-json\/wp\/v2\/media\/186675"}],"wp:attachment":[{"href":"https:\/\/www.europesays.com\/fr\/wp-json\/wp\/v2\/media?parent=186674"}],"wp:term":[{"taxonomy":"category","embeddable":true,"href":"https:\/\/www.europesays.com\/fr\/wp-json\/wp\/v2\/categories?post=186674"},{"taxonomy":"post_tag","embeddable":true,"href":"https:\/\/www.europesays.com\/fr\/wp-json\/wp\/v2\/tags?post=186674"}],"curies":[{"name":"wp","href":"https:\/\/api.w.org\/{rel}","templated":true}]}}