{"id":186686,"date":"2025-06-18T20:14:08","date_gmt":"2025-06-18T20:14:08","guid":{"rendered":"https:\/\/www.europesays.com\/fr\/186686\/"},"modified":"2025-06-18T20:14:08","modified_gmt":"2025-06-18T20:14:08","slug":"le-club-officialise-larrivee-de-mathilde-bourdieu","status":"publish","type":"post","link":"https:\/\/www.europesays.com\/fr\/186686\/","title":{"rendered":"le club officialise l\u2019arriv\u00e9e de Mathilde Bourdieu"},"content":{"rendered":"<p>C\u2019\u00e9tait le premier gros dossier du mercato de l\u2019OM f\u00e9minin. Il avait \u00e9t\u00e9 ouvert avant m\u00eame la fin de la saison et a \u00e9t\u00e9 boucl\u00e9 rapidement gr\u00e2ce notamment \u00e0 la mont\u00e9e en D1 du club olympien.<\/p>\n<p>L\u2019attaquante de 26\u00a0ans arrive libre du Paris FC, club qu\u2019elle a rejoint en\u00a02016 \u00e0 l\u2019\u00e2ge de 17\u00a0ans. Avec l\u2019autre \u00e9curie de la capitale, qu\u2019elle a d\u2019abord connue sous le nom de Juvisy, la nouvelle num\u00e9ro\u00a09 de l\u2019OM (qui remplacera Mama Diop, sur le d\u00e9part) a disput\u00e9 plus de 100 matches de D1 (32 buts), d\u00e9couvert la Ligue des champions et c\u00f4toy\u00e9 toutes les \u00e9quipes de France jeunes jusqu\u2019\u00e0 atteindre les A (1 s\u00e9lection).<\/p>\n<p>Apr\u00e8s avoir annonc\u00e9 <a href=\"https:\/\/www.laprovence.com\/article\/om\/15079616824653\/om-charlotte-verdier-premier-depart-de-lintersaison-chez-les-feminines\" target=\"_blank\" rel=\"noopener\">les d\u00e9parts de Charlotte Verdier<\/a> et Carla Giaimo, l\u2019Olympique passe donc \u00e0 l\u2019attaque et l\u2019arriv\u00e9e de la Francilienne, dont la dur\u00e9e du contrat n\u2019a pas \u00e9t\u00e9 \u00e9voqu\u00e9e, devrait rapidement \u00eatre suivie par plusieurs autres.<\/p>\n","protected":false},"excerpt":{"rendered":"C\u2019\u00e9tait le premier gros dossier du mercato de l\u2019OM f\u00e9minin. Il avait \u00e9t\u00e9 ouvert avant m\u00eame la fin&hellip;\n","protected":false},"author":2,"featured_media":186687,"comment_status":"","ping_status":"","sticky":false,"template":"","format":"standard","meta":{"footnotes":""},"categories":[1410],"tags":[17,32451,5244,12300,63,1011,27,16800,25662,28960,149,60],"class_list":{"0":"post-186686","1":"post","2":"type-post","3":"status-publish","4":"format-standard","5":"has-post-thumbnail","7":"category-football","8":"tag-17","9":"tag-bourdieu","10":"tag-club","11":"tag-feminines","12":"tag-football","13":"tag-fr","14":"tag-france","15":"tag-larrivee","16":"tag-mathilde","17":"tag-officialise","18":"tag-om","19":"tag-sports"},"share_on_mastodon":{"url":"https:\/\/pubeurope.com\/@fr\/114706203471606846","error":""},"_links":{"self":[{"href":"https:\/\/www.europesays.com\/fr\/wp-json\/wp\/v2\/posts\/186686","targetHints":{"allow":["GET"]}}],"collection":[{"href":"https:\/\/www.europesays.com\/fr\/wp-json\/wp\/v2\/posts"}],"about":[{"href":"https:\/\/www.europesays.com\/fr\/wp-json\/wp\/v2\/types\/post"}],"author":[{"embeddable":true,"href":"https:\/\/www.europesays.com\/fr\/wp-json\/wp\/v2\/users\/2"}],"replies":[{"embeddable":true,"href":"https:\/\/www.europesays.com\/fr\/wp-json\/wp\/v2\/comments?post=186686"}],"version-history":[{"count":0,"href":"https:\/\/www.europesays.com\/fr\/wp-json\/wp\/v2\/posts\/186686\/revisions"}],"wp:featuredmedia":[{"embeddable":true,"href":"https:\/\/www.europesays.com\/fr\/wp-json\/wp\/v2\/media\/186687"}],"wp:attachment":[{"href":"https:\/\/www.europesays.com\/fr\/wp-json\/wp\/v2\/media?parent=186686"}],"wp:term":[{"taxonomy":"category","embeddable":true,"href":"https:\/\/www.europesays.com\/fr\/wp-json\/wp\/v2\/categories?post=186686"},{"taxonomy":"post_tag","embeddable":true,"href":"https:\/\/www.europesays.com\/fr\/wp-json\/wp\/v2\/tags?post=186686"}],"curies":[{"name":"wp","href":"https:\/\/api.w.org\/{rel}","templated":true}]}}