{"id":186690,"date":"2025-06-18T20:16:08","date_gmt":"2025-06-18T20:16:08","guid":{"rendered":"https:\/\/www.europesays.com\/fr\/186690\/"},"modified":"2025-06-18T20:16:08","modified_gmt":"2025-06-18T20:16:08","slug":"photographes-passionnes-ce-nouveau-film-leica-promet-des-images-spectaculaires-en-noir-blanc","status":"publish","type":"post","link":"https:\/\/www.europesays.com\/fr\/186690\/","title":{"rendered":"Photographes passionn\u00e9s, ce nouveau film Leica promet des images spectaculaires en noir &#038; blanc"},"content":{"rendered":"<p class=\"ed__a-p ed__bdy__l\">Cette ann\u00e9e, la c\u00e9l\u00e8bre marque allemande \u00e0 la pastille rouge Leica f\u00eate ses 100 ans. C&rsquo;est en 1925 que le premier Leica est arriv\u00e9 sur le march\u00e9 et a r\u00e9volutionn\u00e9 la photographie avec le format 35 mm, devenu depuis le standard, encore m\u00eame aujourd&rsquo;hui. La majorit\u00e9 des appareils photo argentiques (les compacts, les reflex, les t\u00e9l\u00e9m\u00e9triques, les jetables) fonctionnent avec des pellicules 35 mm. C&rsquo;est le cas par exemple du <a href=\"https:\/\/www.lesnumeriques.com\/reflex-hybride\/leica-m6-la-firme-allemande-sort-une-version-amelioree-de-son-telemetrique-phare-n194403.html\" title=\"Leica M6 : la firme allemande sort une version am\u00e9lior\u00e9e de son t\u00e9l\u00e9m\u00e9trique phare\" rel=\"nofollow noopener\" target=\"_blank\">Leica M6<\/a>, encore commercialis\u00e9, ou de l&rsquo;original <a href=\"https:\/\/www.lesnumeriques.com\/appareil-photo-numerique\/pentax-17-p75163\/test.html\" title=\"Pentax 17, l\u2019argentique demi-format en demi-teinte\" rel=\"nofollow noopener\" target=\"_blank\">Pentax 17<\/a>.<\/p>\n<p class=\"ed__a-p ed__bdy__l\"><img loading=\"lazy\" decoding=\"async\" src=\"data:image\/svg+xml,%3Csvg xmlns='http:\/\/www.w3.org\/2000\/svg'%3E%3C\/svg%3E\" draggable=\"false\" width=\"8000\" height=\"5324\" class=\"ed__title-xxs\" alt=\"Le film Leica MONOPAN 50.\" style=\"background-color: #f2f2f2; aspect-ratio:8000\/5324;\"\/><\/p>\n<p>Le film Leica MONOPAN 50.<\/p>\n<p>\u00a9 Leica<\/p>\n<\/p>\n<p>        Publicit\u00e9, votre contenu continue ci-dessous<\/p>\n<p class=\"ed__a-p ed__bdy__l\">En hommage \u00e0 cette r\u00e9volution technologique, Leica a d\u00e9cid\u00e9 de lancer sa premi\u00e8re pellicule argentique noir et blanc, le film MONOPAN 50. Il s&rsquo;agit donc d&rsquo;une \u00e9mulsion \u00e0 grain ultra-fin qui affiche une r\u00e9solution de 280 paires de lignes par millim\u00e8tre avec une faible sensibilit\u00e9 de 50 ISO. C&rsquo;est un film dit superpanchromatique qui peut fixer des lumi\u00e8res jusqu&rsquo;\u00e0 780 nm et donc un candidat int\u00e9ressant pour la photographie infrarouge. Leica oblige, ce film est naturellement produit en Allemagne. Il est propos\u00e9 en 36 poses.<\/p>\n<p class=\"ed__a-p ed__bdy__l\"><img loading=\"lazy\" decoding=\"async\" src=\"data:image\/svg+xml,%3Csvg xmlns='http:\/\/www.w3.org\/2000\/svg'%3E%3C\/svg%3E\" draggable=\"false\" width=\"697\" height=\"421\" class=\"ed__title-xxs\" alt=\"La courbe de sensibilit\u00e9 spectrale du Leica MONOPAN 50.\" style=\"background-color: #f2f2f2; aspect-ratio:697\/421;\"\/><\/p>\n<p>La courbe de sensibilit\u00e9 spectrale du Leica MONOPAN 50.<\/p>\n<p>\u00a9 Leica<\/p>\n<\/p>\n<p class=\"ed__a-p ed__bdy__l\">Ce type de film est donc tr\u00e8s bien adapt\u00e9 \u00e0 une photographie en ext\u00e9rieur de jour et\/ou avec des objectifs tr\u00e8s lumineux. Il se pr\u00eate tr\u00e8s bien par exemple \u00e0 la photographie de paysages, d&rsquo;architecture, de ville ou m\u00eame de voyage.<\/p>\n<p class=\"ed__a-p ed__bdy__l\">Cette nouvelle \u00e9mulsion sera disponible d\u00e8s le 21 ao\u00fbt prochain et propos\u00e9e au prix de 15 euros. Elle est propos\u00e9e dans un emballage de style ancien qui \u00e9voque l&rsquo;\u00e8re pionni\u00e8re de la photographie 35 mm.<\/p>\n<p>        Publicit\u00e9, votre contenu continue ci-dessous<\/p>\n<p class=\"ed__a-p ed__bdy__l\">Envie de faire encore plus d\u2019\u00e9conomies ? D\u00e9couvrez <a href=\"https:\/\/www.lesnumeriques.com\/codes-promo.html\" rel=\"nofollow noopener\" target=\"_blank\">nos codes promo<\/a> s\u00e9lectionn\u00e9s pour vous.<\/p>\n","protected":false},"excerpt":{"rendered":"Cette ann\u00e9e, la c\u00e9l\u00e8bre marque allemande \u00e0 la pastille rouge Leica f\u00eate ses 100 ans. C&rsquo;est en 1925&hellip;\n","protected":false},"author":2,"featured_media":186691,"comment_status":"","ping_status":"","sticky":false,"template":"","format":"standard","meta":{"footnotes":""},"categories":[1358],"tags":[1348,1384,1385,1386,58,59,1011,27],"class_list":{"0":"post-186690","1":"post","2":"type-post","3":"status-publish","4":"format-standard","5":"has-post-thumbnail","7":"category-arts-et-design","8":"tag-arts","9":"tag-arts-and-design","10":"tag-arts-et-design","11":"tag-design","12":"tag-divertissement","13":"tag-entertainment","14":"tag-fr","15":"tag-france"},"share_on_mastodon":{"url":"https:\/\/pubeurope.com\/@fr\/114706211644187759","error":""},"_links":{"self":[{"href":"https:\/\/www.europesays.com\/fr\/wp-json\/wp\/v2\/posts\/186690","targetHints":{"allow":["GET"]}}],"collection":[{"href":"https:\/\/www.europesays.com\/fr\/wp-json\/wp\/v2\/posts"}],"about":[{"href":"https:\/\/www.europesays.com\/fr\/wp-json\/wp\/v2\/types\/post"}],"author":[{"embeddable":true,"href":"https:\/\/www.europesays.com\/fr\/wp-json\/wp\/v2\/users\/2"}],"replies":[{"embeddable":true,"href":"https:\/\/www.europesays.com\/fr\/wp-json\/wp\/v2\/comments?post=186690"}],"version-history":[{"count":0,"href":"https:\/\/www.europesays.com\/fr\/wp-json\/wp\/v2\/posts\/186690\/revisions"}],"wp:featuredmedia":[{"embeddable":true,"href":"https:\/\/www.europesays.com\/fr\/wp-json\/wp\/v2\/media\/186691"}],"wp:attachment":[{"href":"https:\/\/www.europesays.com\/fr\/wp-json\/wp\/v2\/media?parent=186690"}],"wp:term":[{"taxonomy":"category","embeddable":true,"href":"https:\/\/www.europesays.com\/fr\/wp-json\/wp\/v2\/categories?post=186690"},{"taxonomy":"post_tag","embeddable":true,"href":"https:\/\/www.europesays.com\/fr\/wp-json\/wp\/v2\/tags?post=186690"}],"curies":[{"name":"wp","href":"https:\/\/api.w.org\/{rel}","templated":true}]}}