{"id":186694,"date":"2025-06-18T20:18:10","date_gmt":"2025-06-18T20:18:10","guid":{"rendered":"https:\/\/www.europesays.com\/fr\/186694\/"},"modified":"2025-06-18T20:18:10","modified_gmt":"2025-06-18T20:18:10","slug":"dans-c-a-vous-rachida-dati-sattaque-sans-detour-a-patrick-cohen-en-direct","status":"publish","type":"post","link":"https:\/\/www.europesays.com\/fr\/186694\/","title":{"rendered":"Dans \u00ab\u00a0C \u00e0 vous\u00a0\u00bb, Rachida Dati s\u2019attaque sans d\u00e9tour \u00e0 Patrick Cohen en direct"},"content":{"rendered":"<p>        <img decoding=\"async\" loading=\"lazy\" src=\"https:\/\/www.europesays.com\/fr\/wp-content\/uploads\/2025\/06\/09cdafd_upload-1-jtoufu1jlagy-capture-da-a-cran-2025-06-18-213837.png\"  width=\"728\" height=\"410\" alt=\"Dans \u00ab\u00a0C \u00e0 vous\u00a0\u00bb, Rachida Dati s\u2019attaque sans d\u00e9tour \u00e0 Patrick Cohen en direct, ce mercredi 18\u00a0juin.\"\/>  <\/p>\n<p>C \u00e0 vous<\/p>\n<p>Dans \u00ab\u00a0C \u00e0 vous\u00a0\u00bb, Rachida Dati s\u2019attaque sans d\u00e9tour \u00e0 Patrick Cohen en direct, ce mercredi 18\u00a0juin.<\/p>\n<p class=\"asset asset-text\">T\u00c9L\u00c9VISION &#8211; Le verbe assassin. Invit\u00e9e de l\u2019\u00e9mission C \u00e0 vous, sur France 5, la ministre de la Culture <a href=\"https:\/\/www.huffingtonpost.fr\/politique\/article\/le-complement-d-enquete-sur-rachida-dati-dresse-un-portrait-accablant-de-la-ministre-de-la-culture_250983.html\" target=\"_blank\" rel=\"noopener\">Rachida Dati<\/a> s\u2019en est pris sans d\u00e9tour, ce mercredi 18\u00a0juin, au journaliste <a href=\"https:\/\/www.huffingtonpost.fr\/france\/article\/l-hommage-puissant-a-pierre-cousein-derriere-le-papillon-bleu-porte-par-l-equipe-de-c-a-vous_249221.html\" target=\"_blank\" rel=\"noopener\">Patrick Cohen<\/a>, puis \u00e0 la pr\u00e9sentatrice Anne-\u00c9lisabeth Lemoine.<\/p>\n<p class=\"asset asset-text\">La ministre \u00e9tait interrog\u00e9e sur<a href=\"https:\/\/www.huffingtonpost.fr\/politique\/article\/dati-honoraires-gdf-suez-ce-que-contiennent-ces-documents-reveles-par-france-2-et-le-nouvel-obs_250942.html\" target=\"_blank\" rel=\"noopener\"> l\u2019enqu\u00eate\u00a0de Compl\u00e9ment d\u2019enqu\u00eate\u00a0et le\u00a0Nouvel Obs<\/a>, qui r\u00e9v\u00e9lait que\u00a0<a href=\"https:\/\/www.huffingtonpost.fr\/culture\/article\/rachida-dati-lance-l-ete-culturel-au-camping-pour-vous-faire-decouvrir-la-culture-en-vacances_250432.html\" target=\"_blank\" rel=\"noopener\">Rachida Dati<\/a>\u00a0aurait per\u00e7u 299\u00a0000\u00a0euros d\u2019\u00ab\u00a0honoraires\u00a0\u00bb non d\u00e9clar\u00e9s de<a href=\"https:\/\/www.huffingtonpost.fr\/environnement\/article\/totalenergies-le-nouveau-projet-gazier-en-afrique-du-sud-denonce-par-les-ecologistes_209082.html\" target=\"_blank\" rel=\"noopener\">\u00a0GDF Suez<\/a>\u00a0en 2010-2011 quand elle \u00e9tait eurod\u00e9put\u00e9e et avocate.\u00a0Des all\u00e9gations qu\u2019elle d\u00e9ment.<\/p>\n<p class=\"asset asset-text\">\u00ab\u00a0Ce sont des factures, des honoraires qui ont \u00e9t\u00e9 trouv\u00e9s dans une comptabilit\u00e9. Tout cela a \u00e9t\u00e9 scann\u00e9 (&#8230;) Cela \u00e9t\u00e9 d\u00e9clar\u00e9 et valid\u00e9\u00a0\u00bb, a r\u00e9torqu\u00e9 Rachida Dati. Des dires que le chroniqueur Patrick Cohen a mis en doute, pointant \u00ab\u00a0un probl\u00e8me de conflit d\u2019int\u00e9r\u00eats\u00a0\u00bb dans cette affaire.<\/p>\n<p class=\"asset asset-text\">C\u2019est \u00e0 ce moment que la ministre de la Culture a d\u00e9cid\u00e9 de retourner la situation \u00e0 son avantage, en attaquant verbalement le journaliste\u00a0: \u00ab\u00a0Monsieur Cohen, il y a une enqu\u00eate Mediapart qui vous a mis en cause pour harc\u00e8lement, pour management toxique\u00a0\u00bb. Patrick Cohen, d\u00e9sar\u00e7onn\u00e9, l\u00e2che un \u00ab\u00a0non\u00a0\u00bb, \u00e0 peine audible.<\/p>\n<p>                     \u00ab\u00a0Je n\u2019ai pas \u00e9t\u00e9 accus\u00e9 de harc\u00e8lement\u00a0\u00bb    <\/p>\n<p class=\"asset asset-text\">Et Rachida Dati poursuit son invective\u00a0: \u00ab\u00a0est-ce que vous harcelez vos collaborateurs\u00a0? Est-ce que vous \u00eates d\u00e9sagr\u00e9able avec les gens avec lesquels vous travaillez\u00a0? C\u2019est affirm\u00e9 dans une enqu\u00eate\u00a0Mediapart.\u00a0\u00bb<\/p>\n<p> La lecture de ce contenu est susceptible d\u2019entra\u00eener un d\u00e9p\u00f4t de cookies de la part de l\u2019op\u00e9rateur tiers qui l\u2019h\u00e9berge. Compte-tenu des choix que vous avez exprim\u00e9s en mati\u00e8re de d\u00e9p\u00f4t de cookies, nous avons bloqu\u00e9 l\u2019affichage de ce contenu. Si vous souhaitez y acc\u00e9der, vous devez accepter la cat\u00e9gorie de cookies \u201cContenus tiers\u201d en cliquant sur le bouton ci-dessous. <\/p>\n<p> Lire la Vid\u00e9o        <\/p>\n<p class=\"asset asset-text\">\u00ab\u00a0Ne d\u00e9tournez pas la question. Je n\u2019ai pas d\u2019enqu\u00eate de justice\u00a0\u00bb, r\u00e9torque le journaliste, visiblement g\u00ean\u00e9. Et il se d\u00e9fend plusieurs fois\u00a0: \u00ab\u00a0je n\u2019ai pas \u00e9t\u00e9 accus\u00e9 de harc\u00e8lement\u00a0\u00bb, lorsque Rachida Dati mart\u00e8le\u00a0que \u00ab\u00a0le harc\u00e8lement est un d\u00e9lit\u00a0\u00bb.<\/p>\n<p class=\"asset asset-text\">Anne-\u00c9lisabeth Lemoine tente de calmer le jeu, en vain. La ministre poursuit\u00a0: \u00ab\u00a0l\u2019article dit que l\u2019ambiance est \u00e9pouvantable \u00e0 C \u00e0 vous et que vous pleurez toute la journ\u00e9e. Est-ce que c\u2019est vrai\u00a0?\u00a0\u00bb. \u00ab\u00a0Non, c\u2019est faux\u00a0\u00bb, r\u00e9pond finalement la pr\u00e9sentatrice de l\u2019\u00e9mission de France 5. De quoi mettre un point final \u00e0 une longue altercation.<\/p>\n","protected":false},"excerpt":{"rendered":"C \u00e0 vous Dans \u00ab\u00a0C \u00e0 vous\u00a0\u00bb, Rachida Dati s\u2019attaque sans d\u00e9tour \u00e0 Patrick Cohen en direct, ce&hellip;\n","protected":false},"author":2,"featured_media":186695,"comment_status":"","ping_status":"","sticky":false,"template":"","format":"standard","meta":{"footnotes":""},"categories":[1356],"tags":[251,58,59,1011,27,4467,500,13960,417,252,1364],"class_list":{"0":"post-186694","1":"post","2":"type-post","3":"status-publish","4":"format-standard","5":"has-post-thumbnail","7":"category-television","8":"tag-culture","9":"tag-divertissement","10":"tag-entertainment","11":"tag-fr","12":"tag-france","13":"tag-france-5","14":"tag-medias","15":"tag-patrick-cohen","16":"tag-rachida-dati","17":"tag-television","18":"tag-tv"},"share_on_mastodon":{"url":"https:\/\/pubeurope.com\/@fr\/114706219417755722","error":""},"_links":{"self":[{"href":"https:\/\/www.europesays.com\/fr\/wp-json\/wp\/v2\/posts\/186694","targetHints":{"allow":["GET"]}}],"collection":[{"href":"https:\/\/www.europesays.com\/fr\/wp-json\/wp\/v2\/posts"}],"about":[{"href":"https:\/\/www.europesays.com\/fr\/wp-json\/wp\/v2\/types\/post"}],"author":[{"embeddable":true,"href":"https:\/\/www.europesays.com\/fr\/wp-json\/wp\/v2\/users\/2"}],"replies":[{"embeddable":true,"href":"https:\/\/www.europesays.com\/fr\/wp-json\/wp\/v2\/comments?post=186694"}],"version-history":[{"count":0,"href":"https:\/\/www.europesays.com\/fr\/wp-json\/wp\/v2\/posts\/186694\/revisions"}],"wp:featuredmedia":[{"embeddable":true,"href":"https:\/\/www.europesays.com\/fr\/wp-json\/wp\/v2\/media\/186695"}],"wp:attachment":[{"href":"https:\/\/www.europesays.com\/fr\/wp-json\/wp\/v2\/media?parent=186694"}],"wp:term":[{"taxonomy":"category","embeddable":true,"href":"https:\/\/www.europesays.com\/fr\/wp-json\/wp\/v2\/categories?post=186694"},{"taxonomy":"post_tag","embeddable":true,"href":"https:\/\/www.europesays.com\/fr\/wp-json\/wp\/v2\/tags?post=186694"}],"curies":[{"name":"wp","href":"https:\/\/api.w.org\/{rel}","templated":true}]}}