{"id":186700,"date":"2025-06-18T20:21:14","date_gmt":"2025-06-18T20:21:14","guid":{"rendered":"https:\/\/www.europesays.com\/fr\/186700\/"},"modified":"2025-06-18T20:21:14","modified_gmt":"2025-06-18T20:21:14","slug":"le-depistage-systematique-du-cmv-pendant-la-grossesse-recommande-par-la-haute-autorite-de-sante","status":"publish","type":"post","link":"https:\/\/www.europesays.com\/fr\/186700\/","title":{"rendered":"Le d\u00e9pistage syst\u00e9matique du CMV pendant la grossesse recommand\u00e9 par la Haute autorit\u00e9 de sant\u00e9"},"content":{"rendered":"<p>        <img decoding=\"async\" loading=\"lazy\" src=\"https:\/\/www.europesays.com\/fr\/wp-content\/uploads\/2025\/06\/04c68c1_upload-1-4zzxb0qvsb2i-pexels-mart-production-7089333.jpg\"  width=\"728\" height=\"409\" alt=\"Environ un tiers des femmes enceintes en France se font d\u00e9j\u00e0 d\u00e9pister pour le CMV.\"\/>  <\/p>\n<p>Pexels \/ MART PRODUCTION<\/p>\n<p>Environ un tiers des femmes enceintes en France se font d\u00e9j\u00e0 d\u00e9pister pour le CMV.<\/p>\n<p class=\"asset asset-text\">SANT\u00c9 &#8211; C\u2019est une infection qui peut avoir de lourdes cons\u00e9quences si elle a lieu durant la grossesse. Dans un avis rendu public mardi 17\u00a0juin, la Haute autorit\u00e9 de sant\u00e9 (HAS) a recommand\u00e9 de syst\u00e9matiquement d\u00e9pister <a href=\"https:\/\/www.huffingtonpost.fr\/life\/article\/le-cytomegalovirus-l-infection-meconnue-qui-plane-sur-les-femmes-enceintes_182778.html\" target=\"_blank\" rel=\"noopener\">le cytom\u00e9galovirus<\/a> (CMV) pendant le premier trimestre de grossesse, <a href=\"https:\/\/www.huffingtonpost.fr\/life\/article\/femmes-enceintes-peut-on-prevenir-le-cmv-sans-depistage_58362.html\" target=\"_blank\" rel=\"noopener\">une mesure r\u00e9clam\u00e9e de longue date<\/a> par une partie du corps m\u00e9dical en raison des risques pour le f\u0153tus.<\/p>\n<p class=\"asset asset-text\">La HAS \u00ab\u00a0recommande de mettre en place un d\u00e9pistage syst\u00e9matique, \u00e0 destination de toutes les femmes enceintes dont le statut s\u00e9rologique est inconnu ou n\u00e9gatif\u00a0\u00bb de ce virus de la m\u00eame famille que celui du bouton de fi\u00e8vre, de l\u2019herp\u00e8s g\u00e9nital ou de la varicelle, dit-elle dans u<a href=\"https:\/\/www.has-sante.fr\/jcms\/p_3610208\/fr\/cytomegalovirus-cmv-chez-la-femme-enceinte-la-has-recommande-un-depistage-systematique-pour-toutes-a-reevaluer-apres-3-ans-de-mise-en-oeuvre\" target=\"_blank\" rel=\"noopener\" title=\"Nouvelle fen\u00eatre\">n communiqu\u00e9<\/a>.<\/p>\n<p class=\"asset asset-text\">L\u2019autorit\u00e9 de sant\u00e9, dont les avis sont le plus souvent suivis par le gouvernement, tranche ainsi un d\u00e9bat de longue date entre partisans et adversaires d\u2019un d\u00e9pistage g\u00e9n\u00e9ralis\u00e9 des infections au CMV pendant la grossesse.<\/p>\n<p>    Un tiers des femmes enceintes d\u00e9j\u00e0 d\u00e9pist\u00e9es    <\/p>\n<p class=\"asset asset-text\">Les infections au CMV sont tr\u00e8s courantes &#8211; pr\u00e8s d\u2019une femme sur deux a \u00e9t\u00e9 en contact avec ce virus &#8211; et g\u00e9n\u00e9ralement sans gravit\u00e9. Mais chez une femme enceinte, elles peuvent causer de graves s\u00e9quelles chez l\u2019enfant \u00e0 na\u00eetre. Des cas de surdit\u00e9, de troubles neurologiques, des retards globaux de d\u00e9veloppement et des formes de paralysie ont \u00e9t\u00e9 recens\u00e9s suite \u00e0 une infection de la m\u00e8re lors de sa grossesse.<\/p>\n<p class=\"asset asset-text\">De nombreux m\u00e9decins sont favorables \u00e0 un d\u00e9pistage syst\u00e9matique, en particulier l\u2019Acad\u00e9mie de m\u00e9decine qui a pris plusieurs fois position en ce sens. Dans les faits, les soignants prescrivent souvent un d\u00e9pistage au CMV. \u00ab\u00a0Environ un tiers des femmes enceintes en France se font d\u00e9j\u00e0 d\u00e9pister pour le CMV, explique aupr\u00e8s du <a href=\"https:\/\/www.lemonde.fr\/sciences\/article\/2025\/06\/18\/handicap-la-haute-autorite-de-sante-recommande-le-depistage-systematique-du-cytomegalovirus-pendant-la-grossesse_6614204_1650684.html\" target=\"_blank\" rel=\"noopener\" title=\"Nouvelle fen\u00eatre\">Monde<\/a> Yves Ville, chef de service de la maternit\u00e9 Necker-Enfants malades \u00e0 Paris (AP-HP). Ce sont des femmes bien inform\u00e9es, qui r\u00e9sistent quelquefois au d\u00e9couragement qu\u2019on leur oppose quand elles le demandent, et qui finalement l\u2019obtiennent\u2026 explique-t-il.\u00a0D\u00e9sormais, le d\u00e9pistage sera \u00e9galement expliqu\u00e9 et propos\u00e9 aux femmes qui ne le connaissent pas.\u00a0\u00bb<\/p>\n<p>    Une r\u00e9\u00e9valuation apr\u00e8s trois ans    <\/p>\n<p class=\"asset asset-text\">Mais l\u2019id\u00e9e de g\u00e9n\u00e9raliser le d\u00e9pistage du CMV ne fait pas consensus. Le Haut conseil de la sant\u00e9 publique (HCSP), autorit\u00e9 distincte de la HAS, s\u2019est ainsi prononc\u00e9 en sa d\u00e9faveur. Selon le HCSP, les b\u00e9n\u00e9fices d\u2019un tel d\u00e9pistage ne sont pas \u00e9vidents, notamment parce que l\u2019on manque de recul sur les risques du principal traitement prescrit aux femmes enceintes en cas d\u2019infection au CMV.<\/p>\n<p class=\"asset asset-text\">La HAS, qui avait \u00e9t\u00e9 saisie sur le sujet par le minist\u00e8re de la Sant\u00e9, prend finalement le contrepied du HCSP, d\u00e9fendant sa position par \u00ab\u00a0le fardeau que repr\u00e9sente l\u2019infection par le CMV au cours de la grossesse\u00a0\u00bb. Elle cite \u00e9galement \u00ab\u00a0les in\u00e9galit\u00e9s de d\u00e9pistage sur le territoire et l\u2019existence d\u2019un test de d\u00e9tection et d\u2019un traitement pouvant limiter la transmission au f\u0153tus\u00a0\u00bb.<\/p>\n<p class=\"asset asset-text\">Toutefois, la recommandation n\u2019est que provisoire\u00a0: l\u2019autorit\u00e9 demande \u00e0 r\u00e9\u00e9valuer apr\u00e8s trois ans l\u2019int\u00e9r\u00eat du d\u00e9pistage syst\u00e9matique \u00e0 partir des donn\u00e9es qui auront \u00e9t\u00e9 recueillies. Cette r\u00e9\u00e9valuation devra notamment pr\u00e9ciser les connaissances sur l\u2019efficacit\u00e9 r\u00e9elle des tests, ainsi que \u00ab\u00a0la s\u00e9curit\u00e9 du valaciclovir sur le long terme, \u00e0 plus large \u00e9chelle et son effet sur les s\u00e9quelles du f\u0153tus et du nouveau-n\u00e9\u00a0\u00bb.<\/p>\n","protected":false},"excerpt":{"rendered":"Pexels \/ MART PRODUCTION Environ un tiers des femmes enceintes en France se font d\u00e9j\u00e0 d\u00e9pister pour le&hellip;\n","protected":false},"author":2,"featured_media":186701,"comment_status":"","ping_status":"","sticky":false,"template":"","format":"standard","meta":{"footnotes":""},"categories":[10],"tags":[14754,1011,27,196,72,5656,71],"class_list":{"0":"post-186700","1":"post","2":"type-post","3":"status-publish","4":"format-standard","5":"has-post-thumbnail","7":"category-sante","8":"tag-depistage","9":"tag-fr","10":"tag-france","11":"tag-grossesse","12":"tag-health","13":"tag-life","14":"tag-sante"},"share_on_mastodon":{"url":"https:\/\/pubeurope.com\/@fr\/114706231110832051","error":""},"_links":{"self":[{"href":"https:\/\/www.europesays.com\/fr\/wp-json\/wp\/v2\/posts\/186700","targetHints":{"allow":["GET"]}}],"collection":[{"href":"https:\/\/www.europesays.com\/fr\/wp-json\/wp\/v2\/posts"}],"about":[{"href":"https:\/\/www.europesays.com\/fr\/wp-json\/wp\/v2\/types\/post"}],"author":[{"embeddable":true,"href":"https:\/\/www.europesays.com\/fr\/wp-json\/wp\/v2\/users\/2"}],"replies":[{"embeddable":true,"href":"https:\/\/www.europesays.com\/fr\/wp-json\/wp\/v2\/comments?post=186700"}],"version-history":[{"count":0,"href":"https:\/\/www.europesays.com\/fr\/wp-json\/wp\/v2\/posts\/186700\/revisions"}],"wp:featuredmedia":[{"embeddable":true,"href":"https:\/\/www.europesays.com\/fr\/wp-json\/wp\/v2\/media\/186701"}],"wp:attachment":[{"href":"https:\/\/www.europesays.com\/fr\/wp-json\/wp\/v2\/media?parent=186700"}],"wp:term":[{"taxonomy":"category","embeddable":true,"href":"https:\/\/www.europesays.com\/fr\/wp-json\/wp\/v2\/categories?post=186700"},{"taxonomy":"post_tag","embeddable":true,"href":"https:\/\/www.europesays.com\/fr\/wp-json\/wp\/v2\/tags?post=186700"}],"curies":[{"name":"wp","href":"https:\/\/api.w.org\/{rel}","templated":true}]}}