{"id":186704,"date":"2025-06-18T20:23:10","date_gmt":"2025-06-18T20:23:10","guid":{"rendered":"https:\/\/www.europesays.com\/fr\/186704\/"},"modified":"2025-06-18T20:23:10","modified_gmt":"2025-06-18T20:23:10","slug":"sophia-aram-retorque-a-la-societe-des-journalistes-du-parisien","status":"publish","type":"post","link":"https:\/\/www.europesays.com\/fr\/186704\/","title":{"rendered":"Sophia Aram r\u00e9torque \u00e0 la Soci\u00e9t\u00e9 des Journalistes du Parisien"},"content":{"rendered":"<p>L\u2019humoriste et chroniqueuse a us\u00e9 de sa plume et de son second degr\u00e9 pour r\u00e9pondre aux accusations de la SDJ du quotidien et \u00e0 leur demande de suppression de sa chronique.<\/p>\n<p class=\"fig-paragraph\">Ping-pong entre la Soci\u00e9t\u00e9 des Journalistes du Parisien et\u00a0<a href=\"https:\/\/www.lefigaro.fr\/tag\/sophia-aram\" target=\"_blank\" rel=\"noopener nofollow\" data-gtm-custom-categorie=\"navigation\" data-gtm-custom-action=\"crossclick\" data-gtm-custom-label=\"Contextuel\" data-gtm-event=\"customEventSPE\">Sophia Aram<\/a>. L\u2019humoriste et chroniqueuse signait ce dimanche un texte dans le quotidien sur la \u00abFlottille de la libert\u00e9\u00bb. Elle y raillait la sortie en mer de 12 militants propalestiniens \u00e0 bord d\u2019un voilier vers Gaza, parmi lesquels se trouvaient l\u2019eurod\u00e9put\u00e9e LFI\u00a0<a href=\"http:\/\/www.lefigaro.fr\/politique\/guillaume-tabard-rima-hassan-faussement-humanitaire-vraiment-narcissique-20250613\" target=\"_blank\" data-fig-type=\"Article\" rel=\"noopener nofollow\" data-gtm-custom-categorie=\"navigation\" data-gtm-custom-action=\"crossclick\" data-gtm-custom-label=\"Contextuel\" data-gtm-event=\"customEventSPE\" data-fig-domain=\"LEFIGARO\">Rima Hassan<\/a>\u00a0et Greta Thunberg. Une chronique qui a visiblement mis le feu aux poudres du c\u00f4t\u00e9 des journalistes et, par cons\u00e9quent, de l\u2019association.<\/p>\n<p class=\"fig-paragraph\">\u00abOutre qu\u2019elle aborde la trag\u00e9die de Gaza avec une l\u00e9g\u00e8ret\u00e9 qui interroge, elle franchit, selon nous, au moins une ligne rouge, ce dont nous tenons \u00e0 nous d\u00e9solidariser formellement\u00bb, a, entre autres, formul\u00e9 la SDJ du Parisien\/Aujourd\u2019hui en France en nuan\u00e7ant\u00a0: \u00abSur le fond, l\u2019autrice est \u00e9videmment en droit d\u2019exprimer publiquement son d\u00e9saccord et son indignation quant \u00e0 cette op\u00e9ration.\u00bb<\/p>\n<p class=\"fig-body-link\">\n            \u00c0 lire aussi<br \/>\n        <a class=\"fig-body-link__link\" href=\"http:\/\/tvmag.lefigaro.fr\/programme-tv\/actu-tele\/elle-franchit-une-ligne-rouge-la-sdj-du-parisien-se-desolidarise-d-une-chronique-de-l-humoriste-sophia-aram-20250618\" target=\"_blank\" data-fig-type=\"Article\" rel=\"noopener nofollow\" data-gtm-custom-categorie=\"navigation\" data-gtm-custom-action=\"crossclick\" data-gtm-custom-label=\"Contextuel\" data-gtm-event=\"customEventSPE\" data-fig-domain=\"TVMAG\">\u00abElle franchit une ligne rouge\u00bb\u00a0: la SDJ du Parisien se d\u00e9solidarise d\u2019une chronique de l\u2019humoriste Sophia Aram<br \/>\n    <\/a>\n<\/p>\n<p class=\"fig-paragraph\">Ce mercredi, Sophia Aram s\u2019est une nouvelle fois saisie de sa plume mais cette fois avec pour ligne de mire ses d\u00e9tracteurs. \u00abMea culpa \u00e0 l\u2019attention de tous \u00ab\u00a0les offens\u00e9s chroniques\u00a0\u00bb\u00bb, a-t-elle amorc\u00e9 sa prise de parole sur Twitter avant de d\u00e9rouler son propos en ciblant la premi\u00e8re accusation de la Soci\u00e9t\u00e9 des Journalistes\u00a0: le racisme envers la militante su\u00e9doise. \u00abConsciente que le racisme anti-su\u00e9dois, comme tous les racismes d\u2019ailleurs, ne saurait avoir sa place dans les colonnes du Parisien, je pr\u00e9sente mes plus plates excuses \u00e0 tous les Su\u00e9dois qui auraient pu se sentir offens\u00e9s par mes propos\u00bb, a-t-elle d\u00e9clar\u00e9 avant de poursuivre, usant d\u2019une certaine autod\u00e9rision\u00a0: \u00abAucun Su\u00e9dois ne devrait jamais avoir \u00e0 subir la violence d\u2019\u00eatre associ\u00e9 \u00e0 un Krisprolls. Comme aucun Fran\u00e7ais ne saurait souffrir d\u2019\u00eatre \u00e0 nouveau associ\u00e9 \u00e0 une baguette, aucun Marocain \u00e0 un tajine, aucun Espagnol \u00e0 une paella. Plus jamais \u00e7a\u00a0! Je dis stop.\u00bb\u00a0<\/p>\n<p>\u00abJ\u2019ai moi-m\u00eame des Krisprolls dans ma pani\u00e8re\u00bb<\/p>\n<p class=\"fig-paragraph\">L\u2019humoriste a ensuite plaisant\u00e9 en ciblant la c\u00e9l\u00e8bre enseigne de meubles scandinave. \u00abEt s\u2019il m\u2019est d\u00e9j\u00e0 arriv\u00e9 de m\u2019\u00e9nerver en lisant la notice d\u2019un meuble IKEA, je jure qu\u2019en dehors de cette regrettable chronique, je n\u2019ai jamais manqu\u00e9 de respect au peuple su\u00e9dois pour qui j\u2019ai la plus profonde estime\u00bb, a-t-elle martel\u00e9 en compl\u00e9tant son plaidoyer piquant\u00a0: \u00abJ\u2019imagine que ce n\u2019est pas en vous expliquant que j\u2019ai moi-m\u00eame des Krisprolls dans ma pani\u00e8re que j\u2019am\u00e9liorerais mon cas. Ainsi, pour vous convaincre de ma bonne foi, je vous annonce entamer une d\u00e9marche personnelle de sensibilisation \u00e0 la lutte contre la scandinavophobie afin de conscientiser pleinement l\u2019offense que cette forme de racisme syst\u00e9mique fait subir aux Su\u00e9dois\u2022e\u2022s. N\u2019h\u00e9sitez pas, si vous entendez parler d\u2019un stage.\u00bb<\/p>\n<p class=\"fig-paragraph\">L\u2019association avait \u00e9galement point\u00e9 du doigt \u00abla l\u00e9g\u00e8ret\u00e9 a avec laquelle elle aborde la trag\u00e9die de Gaza\u00bb. Face \u00e0 cela, Sophia Aram \u00abplaide le malentendu\u00bb. \u00abMon intention dans cette chronique \u00e9tait de d\u00e9noncer le cynisme avec lequel une \u00ab\u00a0flottille\u00a0\u00bb arm\u00e9e de quelques influenceuses et financ\u00e9e par un proche du Hamas, a fait semblant d\u2019apporter un paquet Waza ( l\u00e0 j\u2019ai le droit\u00a0? ), des restes de quinoa et une bo\u00eete de serviettes hygi\u00e9niques au moment o\u00f9 les Gazaouis traversent une effroyable trag\u00e9die\u00bb, a-t-elle rappel\u00e9 tout en rejoignant la SDJ sur un point\u00a0: \u00abJe suis \u00e9galement d\u2019accord avec le fait que l\u2019on ne parle jamais assez de Gaza, ni de toutes les trag\u00e9dies dont on parle encore moins d\u2019ailleurs, sans que cela n\u2019\u00e9meuve personne. Je pense au Darfour, au Soudan, au Y\u00e9men, aux Ou\u00efgours etc.\u00bb Et de conclure par une ultime pique bien sentie\u00a0: \u00abPS\u00a0: N\u2019h\u00e9sitez pas \u00e0 me dire si une demande d\u2019adh\u00e9sion de ma part \u00e0 la France insoumise permettrait de calmer la meute.\u00bb<\/p>\n","protected":false},"excerpt":{"rendered":"L\u2019humoriste et chroniqueuse a us\u00e9 de sa plume et de son second degr\u00e9 pour r\u00e9pondre aux accusations de&hellip;\n","protected":false},"author":2,"featured_media":186705,"comment_status":"","ping_status":"","sticky":false,"template":"","format":"standard","meta":{"footnotes":""},"categories":[8],"tags":[497,496,499,58,59,1011,27,5553,500,504,505,495,503,502,501,10162,32452,498],"class_list":{"0":"post-186704","1":"post","2":"type-post","3":"status-publish","4":"format-standard","5":"has-post-thumbnail","7":"category-divertissement","8":"tag-actu-tv","9":"tag-actualite-tv","10":"tag-buzz-tv","11":"tag-divertissement","12":"tag-entertainment","13":"tag-fr","14":"tag-france","15":"tag-le-parisien","16":"tag-medias","17":"tag-news-tele","18":"tag-news-television","19":"tag-news-tv","20":"tag-programme-tele","21":"tag-programme-tv","22":"tag-quiz-tv","23":"tag-racisme","24":"tag-sophia-aram","25":"tag-tv-actu"},"share_on_mastodon":{"url":"https:\/\/pubeurope.com\/@fr\/114706238852292433","error":""},"_links":{"self":[{"href":"https:\/\/www.europesays.com\/fr\/wp-json\/wp\/v2\/posts\/186704","targetHints":{"allow":["GET"]}}],"collection":[{"href":"https:\/\/www.europesays.com\/fr\/wp-json\/wp\/v2\/posts"}],"about":[{"href":"https:\/\/www.europesays.com\/fr\/wp-json\/wp\/v2\/types\/post"}],"author":[{"embeddable":true,"href":"https:\/\/www.europesays.com\/fr\/wp-json\/wp\/v2\/users\/2"}],"replies":[{"embeddable":true,"href":"https:\/\/www.europesays.com\/fr\/wp-json\/wp\/v2\/comments?post=186704"}],"version-history":[{"count":0,"href":"https:\/\/www.europesays.com\/fr\/wp-json\/wp\/v2\/posts\/186704\/revisions"}],"wp:featuredmedia":[{"embeddable":true,"href":"https:\/\/www.europesays.com\/fr\/wp-json\/wp\/v2\/media\/186705"}],"wp:attachment":[{"href":"https:\/\/www.europesays.com\/fr\/wp-json\/wp\/v2\/media?parent=186704"}],"wp:term":[{"taxonomy":"category","embeddable":true,"href":"https:\/\/www.europesays.com\/fr\/wp-json\/wp\/v2\/categories?post=186704"},{"taxonomy":"post_tag","embeddable":true,"href":"https:\/\/www.europesays.com\/fr\/wp-json\/wp\/v2\/tags?post=186704"}],"curies":[{"name":"wp","href":"https:\/\/api.w.org\/{rel}","templated":true}]}}