{"id":186708,"date":"2025-06-18T20:25:09","date_gmt":"2025-06-18T20:25:09","guid":{"rendered":"https:\/\/www.europesays.com\/fr\/186708\/"},"modified":"2025-06-18T20:25:09","modified_gmt":"2025-06-18T20:25:09","slug":"la-fed-maintient-ses-taux-dinteret","status":"publish","type":"post","link":"https:\/\/www.europesays.com\/fr\/186708\/","title":{"rendered":"la Fed maintient ses taux d\u2019int\u00e9r\u00eat"},"content":{"rendered":"<p>Comme attendu, et malgr\u00e9 les demandes de Donald Trump, la R\u00e9serve f\u00e9d\u00e9rale am\u00e9ricaine a maintenu ses taux pour la quatri\u00e8me fois de suite ce mercredi.<\/p>\n<p class=\"fig-paragraph\">La R\u00e9serve f\u00e9d\u00e9rale am\u00e9ricaine (<a href=\"http:\/\/www.lefigaro.fr\/conjoncture\/donald-trump-martele-que-la-fed-doit-baisser-massivement-ses-taux-d-interet-20250611\" target=\"_blank\" data-fig-type=\"NewsFlash\" rel=\"noopener nofollow\" data-gtm-custom-categorie=\"navigation\" data-gtm-custom-action=\"crossclick\" data-gtm-custom-label=\"Contextuel\" data-gtm-event=\"customEventSPE\" data-fig-domain=\"LEFIGARO\">Fed<\/a>) a sans surprise laiss\u00e9 ses taux inchang\u00e9s mercredi, d\u00e9cision prise \u00e0 l\u2019unanimit\u00e9, et pour la quatri\u00e8me fois d\u2019affil\u00e9e, un statu quo prolong\u00e9 qui accro\u00eet la frustration du pr\u00e9sident Donald Trump \u00e0 son encontre. Dans une d\u00e9cision largement anticip\u00e9e par les march\u00e9s, les banquiers centraux ont maintenu les taux dans une fourchette comprise entre 4,25% et 4,50%.<\/p>\n<p class=\"fig-paragraph\">\u00abL\u2019incertitude concernant les perspectives \u00e9conomiques a diminu\u00e9 mais reste \u00e9lev\u00e9e\u00bb, souligne dans un communiqu\u00e9 la banque centrale, dont les responsables disent encore envisager deux baisses de taux cette ann\u00e9e, une \u00e9ventualit\u00e9 dont les analystes doutent de plus en plus. Lors de sa conf\u00e9rence de presse, le pr\u00e9sident de la banque centrale am\u00e9ricaine, Jerome Powell, a clairement laiss\u00e9 entendre qu\u2019il ne d\u00e9vierait pas rapidement de sa posture attentiste.<\/p>\n<p>L\u2019impact inconnu des droits de douane<\/p>\n<p class=\"fig-paragraph\">Interrog\u00e9 sur l\u2019impact des droits de douane mis en place par l\u2019ex\u00e9cutif am\u00e9ricain, J\u00e9r\u00f4me Powell a assur\u00e9 que la Fed prendra \u00abdes d\u00e9cisions plus avis\u00e9es et meilleures si nous attendons encore quelques mois ou le temps qu\u2019il faudra pour avoir une id\u00e9e r\u00e9elle de la mani\u00e8re dont cela se transmettra \u00e0 l\u2019inflation\u00bb. \u00abLes droits de douane vont probablement tirer les prix vers le haut et peser sur l\u2019activit\u00e9 \u00e9conomique\u00bb, a-t-il aussi d\u00e9clar\u00e9, tout en notant que les taxes mettaient g\u00e9n\u00e9ralement \u00abun peu de temps\u00bb avant d\u2019\u00eatre r\u00e9percut\u00e9es au niveau des consommateurs.<\/p>\n<p class=\"fig-paragraph\">Orient\u00e9e \u00e0 la hausse auparavant, Wall Street a nettement flanch\u00e9 \u00e0 la suite de ces propos: -0,11% pour le Dow Jones, +0,09% pour le Nasdaq et -0,05% pour l\u2019indice \u00e9largi S&amp;P 500 vers 19H10 GMT.<\/p>\n<p class=\"fig-paragraph\">En adepte de l\u2019immobilit\u00e9 prudente face au terrain glissant des droits de douane et des crises g\u00e9opolitiques, la Fed avait conclu les trois pr\u00e9c\u00e9dentes r\u00e9unions depuis le retour au pouvoir de Donald Trump en janvier par un statu quo sur les taux.<\/p>\n<p class=\"fig-paragraph\">Plus t\u00f4t dans la journ\u00e9e,\u00a0<a href=\"http:\/\/www.lefigaro.fr\/conjoncture\/trump-qualifie-de-stupide-le-president-de-la-fed-le-suspecte-d-etre-politise-20250618\" target=\"_blank\" data-fig-type=\"NewsFlash\" rel=\"noopener nofollow\" data-gtm-custom-categorie=\"navigation\" data-gtm-custom-action=\"crossclick\" data-gtm-custom-label=\"Contextuel\" data-gtm-event=\"customEventSPE\" data-fig-domain=\"LEFIGARO\">Donald Trump a qualifi\u00e9 le pr\u00e9sident de la banque centrale am\u00e9ricaine<\/a>, Jerome Powell, de \u00abpersonne stupide\u00bb. Et aussi affirm\u00e9 que ce dernier, qu\u2019il avait lui-m\u00eame d\u00e9sign\u00e9 pour prendre la t\u00eate de l\u2019institution en 2018, \u00e9tait \u00abpolitis\u00e9\u00bb. \u00ab\u00abIl n\u2019y a pas d\u2019inflation\u00bb aux \u00c9tats-Unis \u00abet donc j\u2019aimerais voir les taux baisser. Peut-\u00eatre que je devrais aller \u00e0 la Fed. Est-ce que je suis autoris\u00e9 \u00e0 me d\u00e9signer moi-m\u00eame\u00a0?\u00bb a lanc\u00e9 le pr\u00e9sident am\u00e9ricain devant la Maison-Blanche.<\/p>\n<p>Pr\u00e9visions revues en baisse<\/p>\n<p class=\"fig-paragraph\">En l\u2019absence de surprise sur le niveau des taux directeurs, les nouvelles sont ailleurs. Selon son communiqu\u00e9, la Fed juge que \u00abl\u2019incertitude concernant les perspectives \u00e9conomiques a diminu\u00e9 mais reste \u00e9lev\u00e9e\u00bb. Ses responsables, qui actualisent leurs pr\u00e9visions tous les trois mois, estiment que la situation va se d\u00e9t\u00e9riorer encore plus qu\u2019anticip\u00e9 pour la premi\u00e8re \u00e9conomie mondiale.<\/p>\n<p class=\"fig-paragraph\">Ils attendent d\u00e9sormais la croissance du produit int\u00e9rieur brut (PIB) \u00e0 1,4% \u00e0 la fin de l\u2019ann\u00e9e (contre 1,7% pr\u00e9vu en mars et 2,1% en d\u00e9cembre 2024) et pr\u00e9voient une acc\u00e9l\u00e9ration de l\u2019inflation \u00e0 3% (contre 2,7% en mars), alors que la Fed vise 2%. Ils ont aussi l\u00e9g\u00e8rement relev\u00e9 le taux de ch\u00f4mage attendu, \u00e0 4,5% (contre 4,4% en mars).<\/p>\n","protected":false},"excerpt":{"rendered":"Comme attendu, et malgr\u00e9 les demandes de Donald Trump, la R\u00e9serve f\u00e9d\u00e9rale am\u00e9ricaine a maintenu ses taux pour&hellip;\n","protected":false},"author":2,"featured_media":186709,"comment_status":"","ping_status":"","sticky":false,"template":"","format":"standard","meta":{"footnotes":""},"categories":[6],"tags":[339,340,35,343,345,350,130,344,352,349,75,33,34,341,313,7512,1011,27,346,342,353,351,347,348,10796,354],"class_list":{"0":"post-186708","1":"post","2":"type-post","3":"status-publish","4":"format-standard","5":"has-post-thumbnail","7":"category-economie","8":"tag-actualite-economique","9":"tag-bourse","10":"tag-business","11":"tag-cac-40","12":"tag-chef-dentreprise","13":"tag-concurrence","14":"tag-consommation","15":"tag-creation-dentreprise","16":"tag-crise","17":"tag-delocalisations","18":"tag-donald-trump","19":"tag-economie","20":"tag-economy","21":"tag-emploi","22":"tag-entreprises","23":"tag-fed","24":"tag-fr","25":"tag-france","26":"tag-grands-patrons","27":"tag-impots","28":"tag-licenciements","29":"tag-monopole","30":"tag-multinationales","31":"tag-privatisation","32":"tag-taux-dinteret","33":"tag-unio"},"share_on_mastodon":{"url":"https:\/\/pubeurope.com\/@fr\/114706246766564814","error":""},"_links":{"self":[{"href":"https:\/\/www.europesays.com\/fr\/wp-json\/wp\/v2\/posts\/186708","targetHints":{"allow":["GET"]}}],"collection":[{"href":"https:\/\/www.europesays.com\/fr\/wp-json\/wp\/v2\/posts"}],"about":[{"href":"https:\/\/www.europesays.com\/fr\/wp-json\/wp\/v2\/types\/post"}],"author":[{"embeddable":true,"href":"https:\/\/www.europesays.com\/fr\/wp-json\/wp\/v2\/users\/2"}],"replies":[{"embeddable":true,"href":"https:\/\/www.europesays.com\/fr\/wp-json\/wp\/v2\/comments?post=186708"}],"version-history":[{"count":0,"href":"https:\/\/www.europesays.com\/fr\/wp-json\/wp\/v2\/posts\/186708\/revisions"}],"wp:featuredmedia":[{"embeddable":true,"href":"https:\/\/www.europesays.com\/fr\/wp-json\/wp\/v2\/media\/186709"}],"wp:attachment":[{"href":"https:\/\/www.europesays.com\/fr\/wp-json\/wp\/v2\/media?parent=186708"}],"wp:term":[{"taxonomy":"category","embeddable":true,"href":"https:\/\/www.europesays.com\/fr\/wp-json\/wp\/v2\/categories?post=186708"},{"taxonomy":"post_tag","embeddable":true,"href":"https:\/\/www.europesays.com\/fr\/wp-json\/wp\/v2\/tags?post=186708"}],"curies":[{"name":"wp","href":"https:\/\/api.w.org\/{rel}","templated":true}]}}