{"id":186722,"date":"2025-06-18T20:33:09","date_gmt":"2025-06-18T20:33:09","guid":{"rendered":"https:\/\/www.europesays.com\/fr\/186722\/"},"modified":"2025-06-18T20:33:09","modified_gmt":"2025-06-18T20:33:09","slug":"a-la-seyne-neuf-nuits-de-travaux-sont-programmees-pour-reprofiler-la-plage","status":"publish","type":"post","link":"https:\/\/www.europesays.com\/fr\/186722\/","title":{"rendered":"A La Seyne, neuf nuits de travaux sont programm\u00e9es pour reprofiler la plage"},"content":{"rendered":"<p>Depuis lundi, au soleil couchant, une fois la plage d\u00e9sert\u00e9e de ses usagers, de dr\u00f4les d\u2019engins entrent en action sur le sable des Sablettes.<\/p>\n<p>Une chenille de 17 tonnes, une chargeuse, deux long-bras, dont un tr\u00e8s impressionnant avec ses 22m de haut, et deux tombereaux forment un balai de va-et-vient devant des promeneurs et des clients attabl\u00e9s, curieux de tant d\u2019affairement \u00e0 cette heure cr\u00e9pusculaire.<\/p>\n<p>Une op\u00e9ration de r\u00e9ensablement est en cours.<\/p>\n<p>Explications aupr\u00e8s de la premi\u00e8re adjointe Christine Sinquin, charg\u00e9e de l\u2019environnement: \u00ab\u00a0C\u2019est une op\u00e9ration que nous menons chaque ann\u00e9e. Depuis cinq ans, ce sable est approvisionn\u00e9 de la plage elle-m\u00eame, \u00e0 l\u2019automne, en protection du parc Braudel, sous forme de digue de sable contre les vagues submersives. Nous r\u00e9cup\u00e9rons ce sable chaque \u00e9t\u00e9 pour le r\u00e9\u00e9taler sur les 4.000m2 de plage. Toujours \u00e0 cette p\u00e9riode, jamais avant le 15 juin, \u00e0 cause du solstice d\u2019\u00e9t\u00e9. Cela engendre un co\u00fbt de 125.000 euros par op\u00e9ration d\u2019\u00e9t\u00e9 et d\u2019automne. Nous esp\u00e9rons ainsi regagner huit \u00e0 dix m\u00e8tres de largeur de plage, en direction de Mar Vivo, l\u00e0 o\u00f9 elle a totalement disparu apr\u00e8s de grosses largades hivernales.\u00a0\u00bb<\/p>\n<p>Francis Disdier, responsable d\u2019exploitation de la soci\u00e9t\u00e9 Pasini, entre dans le d\u00e9tail: \u00ab\u00a0Notre mission est de reprofiler la plage, puis de remplir les tombereaux de l\u2019exc\u00e9dent de sable, afin d\u2019aller remblayer la partir appauvrie, entre la digue des restaurants et la plage de Mar Vivo. Durant les travaux, chaque nuit, est pos\u00e9 un filet d\u2019anti-turbidit\u00e9 afin de prot\u00e9ger les posidonies avoisinantes, qui ont besoin de lumi\u00e8re pour leur photosynth\u00e8se, n\u00e9cessaire \u00e0 leur bonne sant\u00e9.\u00a0\u00bb<\/p>\n<p>\u00ab\u00a0Ici, le sable est vraiment beau et naturel \u00a0\u00bb<\/p>\n<p>Neuf nuits de travaux sont programm\u00e9es jusqu\u2019\u00e0 jeudi prochain. Par s\u00e9curit\u00e9, la plage est priv\u00e9e de tout acc\u00e8s du public \u00e0 partir de 20h30 et jusqu\u2019\u00e0 5h du matin, heure de restitution de la plage \u00e0 la population.<\/p>\n<p>\u00ab\u00a0Nous sommes r\u00e9gis par des contr\u00f4les de bathym\u00e9trie et de turbidit\u00e9, chaque nuit \u00e0 3h du matin, puis un dernier contr\u00f4le de Veolia chaque nuit aux alentours de 6h du matin, reprend-il. Cela vaut pour toute la dur\u00e9e du chantier. En fonction de ces analyses, nous sommes capables d\u2019arr\u00eater le chantier s\u2019il le faut. Le contr\u00f4le de 3h du matin est notre r\u00e9f\u00e9rence, pour poursuivre notre travail chaque nuit. En tout, 3.000m3 de sable sont man\u0153uvr\u00e9s, d\u00e9plac\u00e9s, et j\u2019avoue qu\u2019ici, le sable est vraiment beau et naturel.\u00a0\u00bb<\/p>\n<p>Dans la nuit qui grignote le site majestueux, qui fait face aux Deux Fr\u00e8res, huit ouvriers s\u2019affairent pour rendre aux Seynois et aux estivants, en moins d\u2019une dizaine de jours, une plage praticable et agr\u00e9able.<\/p>\n","protected":false},"excerpt":{"rendered":"Depuis lundi, au soleil couchant, une fois la plage d\u00e9sert\u00e9e de ses usagers, de dr\u00f4les d\u2019engins entrent en&hellip;\n","protected":false},"author":2,"featured_media":186723,"comment_status":"","ping_status":"","sticky":false,"template":"","format":"standard","meta":{"footnotes":""},"categories":[9619],"tags":[1111,11,1777,674,1011,27,12,882,25,2310,3366],"class_list":{"0":"post-186722","1":"post","2":"type-post","3":"status-publish","4":"format-standard","5":"has-post-thumbnail","7":"category-toulon","8":"tag-actu","9":"tag-actualites","10":"tag-eu","11":"tag-europe","12":"tag-fr","13":"tag-france","14":"tag-news","15":"tag-provence-alpes-cote-dazur","16":"tag-republique-francaise","17":"tag-toulon","18":"tag-vie-locale"},"share_on_mastodon":{"url":"https:\/\/pubeurope.com\/@fr\/114706279078485563","error":""},"_links":{"self":[{"href":"https:\/\/www.europesays.com\/fr\/wp-json\/wp\/v2\/posts\/186722","targetHints":{"allow":["GET"]}}],"collection":[{"href":"https:\/\/www.europesays.com\/fr\/wp-json\/wp\/v2\/posts"}],"about":[{"href":"https:\/\/www.europesays.com\/fr\/wp-json\/wp\/v2\/types\/post"}],"author":[{"embeddable":true,"href":"https:\/\/www.europesays.com\/fr\/wp-json\/wp\/v2\/users\/2"}],"replies":[{"embeddable":true,"href":"https:\/\/www.europesays.com\/fr\/wp-json\/wp\/v2\/comments?post=186722"}],"version-history":[{"count":0,"href":"https:\/\/www.europesays.com\/fr\/wp-json\/wp\/v2\/posts\/186722\/revisions"}],"wp:featuredmedia":[{"embeddable":true,"href":"https:\/\/www.europesays.com\/fr\/wp-json\/wp\/v2\/media\/186723"}],"wp:attachment":[{"href":"https:\/\/www.europesays.com\/fr\/wp-json\/wp\/v2\/media?parent=186722"}],"wp:term":[{"taxonomy":"category","embeddable":true,"href":"https:\/\/www.europesays.com\/fr\/wp-json\/wp\/v2\/categories?post=186722"},{"taxonomy":"post_tag","embeddable":true,"href":"https:\/\/www.europesays.com\/fr\/wp-json\/wp\/v2\/tags?post=186722"}],"curies":[{"name":"wp","href":"https:\/\/api.w.org\/{rel}","templated":true}]}}