{"id":186730,"date":"2025-06-18T20:37:13","date_gmt":"2025-06-18T20:37:13","guid":{"rendered":"https:\/\/www.europesays.com\/fr\/186730\/"},"modified":"2025-06-18T20:37:13","modified_gmt":"2025-06-18T20:37:13","slug":"la-maison-du-handicap-de-la-seine-maritime-redresse-peu-a-peu-la-barre","status":"publish","type":"post","link":"https:\/\/www.europesays.com\/fr\/186730\/","title":{"rendered":"la maison du handicap de la Seine-Maritime redresse peu \u00e0 peu la barre"},"content":{"rendered":"<p>            Par<br \/>\n        <strong><br \/>\n            <a href=\"https:\/\/actu.fr\/auteur\/fmass\" title=\"Consulter tous les articles de Fabien Massin\" target=\"_blank\" rel=\"noopener\">Fabien Massin<\/a><br \/>\n        <\/strong><\/p>\n<p>        Publi\u00e9 le<\/p>\n<p>            18 juin 2025 \u00e0 20h20        <\/p>\n<p>Sortir la t\u00eate de l\u2019eau. Voil\u00e0 ce \u00e0 quoi s\u2019attelle la <strong>Maison D\u00e9partementale des Personnes Handicap\u00e9es (MDPH)<\/strong> de la <a href=\"https:\/\/actu.fr\/normandie\/seine-maritime_76\" target=\"_blank\" rel=\"noopener\">Seine-Maritime<\/a>, dans le traitement des dossiers d\u2019attribution des aides sociales. En 2024, les d\u00e9lais pour obtenir des allocations, des cartes de stationnement sur des places handicap\u00e9es ou encore des remboursements de soins <a href=\"https:\/\/actu.fr\/societe\/delai-d-attente-precarite-et-crise-de-nerf-cette-administration-de-la-seine-maritime-est-la-pire-de-france_61795224.html\" target=\"_blank\" rel=\"noopener\">sont devenus d\u00e9raisonnables<\/a> pour les aidants, parents ou tout simplement les personnes handicap\u00e9es.<\/p>\n<p class=\" wall-content\">En cause, une MDPH qui <strong>croule sous le nombre de dossiers<\/strong> \u2014 notamment ceux qui concernent les enfants, en augmentation de 43 % en trois ans \u2014, entrainant des d\u00e9lais de r\u00e9ponses pour les demandes d\u2019aides de huit mois en moyenne, <strong>alors que le d\u00e9lais l\u00e9gal est de quatre mois<\/strong>.<\/p>\n<p>Encore du chemin \u00e0 faire<\/p>\n<p class=\" wall-content\">\u00ab\u00a0Au plus fort de la crise en avril 2024, le nombre de dossiers en attente \u00e9tait de 36 000, aujourd\u2019hui nous en sommes \u00e0 20 000, a inform\u00e9 le <strong>pr\u00e9sident du D\u00e9partement Bertrand Bellanger<\/strong>, mardi 17 juin 2025 en conf\u00e9rence de presse d\u2019avant s\u00e9ance pl\u00e9ni\u00e8re. 3 000 dossiers sont re\u00e7us par mois et dans le m\u00eame temps 4 000 sont trait\u00e9s.\u00a0\u00bb<\/p>\n<p class=\" wall-content\">Pour parvenir \u00e0 un d\u00e9lais de 4 mois, il faudrait abaisser le nombre de dossiers en attente \u00e0 12 000. \u00ab\u00a0Le parc informatique \u00e9tait \u00e0 renouveler, explique notamment Bertrand Bellanger. <strong>Et les personnels sont tr\u00e8s motiv\u00e9s pour redresser la barre<\/strong>. Soulignons au passage que 97 % des demandes sont accept\u00e9es.\u00a0\u00bb<\/p>\n<p>Suivez l\u2019actualit\u00e9 de\u00a0<a href=\"https:\/\/www.whatsapp.com\/channel\/0029VaKfnf99hXF2ddApFB1D\" target=\"_blank\" rel=\"noopener\">Rouen<\/a>\u00a0et du\u00a0<a href=\"https:\/\/www.whatsapp.com\/channel\/0029VaFqJYE8aKvLBwVrEe0o\" target=\"_blank\" rel=\"noopener\">Havre<\/a>\u00a0sur WhatsApp et sur notre\u00a0<a href=\"https:\/\/www.tiktok.com\/@76actu.fr?lang=fr\" target=\"_blank\" rel=\"noopener\">compte TikTok<\/a>Vid\u00e9os : en ce moment sur Actu<\/p>\n<p class=\" wall-content\">Suivez toute l\u2019actualit\u00e9 de vos villes et m\u00e9dias favoris en vous inscrivant \u00e0 <a href=\"https:\/\/moncompte.actu.fr\" title=\"D\u00e9couvez Mon Actu\" rel=\"nofollow noopener\" data-trk=\"{&quot;cta&quot;:{&quot;action&quot;:&quot;https:\\\/\\\/moncompte.actu.fr&quot;,&quot;category&quot;:&quot;mon compte&quot;,&quot;from&quot;:&quot;article footer&quot;,&quot;name&quot;:&quot;Mon actu&quot;,&quot;type&quot;:&quot;cta&quot;}}\" target=\"_blank\">Mon Actu<\/a>.<\/p>\n<p>                    <script async src=\"\/\/www.tiktok.com\/embed.js\"><\/script><\/p>\n","protected":false},"excerpt":{"rendered":"Par Fabien Massin Publi\u00e9 le 18 juin 2025 \u00e0 20h20 Sortir la t\u00eate de l\u2019eau. Voil\u00e0 ce \u00e0&hellip;\n","protected":false},"author":2,"featured_media":186731,"comment_status":"","ping_status":"","sticky":false,"template":"","format":"standard","meta":{"footnotes":""},"categories":[9587],"tags":[1111,11,18489,1777,674,1011,27,1943,12,5161,25,9590,71,104],"class_list":{"0":"post-186730","1":"post","2":"type-post","3":"status-publish","4":"format-standard","5":"has-post-thumbnail","7":"category-rouen","8":"tag-actu","9":"tag-actualites","10":"tag-aides-sociales","11":"tag-eu","12":"tag-europe","13":"tag-fr","14":"tag-france","15":"tag-handicap","16":"tag-news","17":"tag-normandie","18":"tag-republique-francaise","19":"tag-rouen","20":"tag-sante","21":"tag-societe"},"share_on_mastodon":{"url":"https:\/\/pubeurope.com\/@fr\/114706293915481096","error":""},"_links":{"self":[{"href":"https:\/\/www.europesays.com\/fr\/wp-json\/wp\/v2\/posts\/186730","targetHints":{"allow":["GET"]}}],"collection":[{"href":"https:\/\/www.europesays.com\/fr\/wp-json\/wp\/v2\/posts"}],"about":[{"href":"https:\/\/www.europesays.com\/fr\/wp-json\/wp\/v2\/types\/post"}],"author":[{"embeddable":true,"href":"https:\/\/www.europesays.com\/fr\/wp-json\/wp\/v2\/users\/2"}],"replies":[{"embeddable":true,"href":"https:\/\/www.europesays.com\/fr\/wp-json\/wp\/v2\/comments?post=186730"}],"version-history":[{"count":0,"href":"https:\/\/www.europesays.com\/fr\/wp-json\/wp\/v2\/posts\/186730\/revisions"}],"wp:featuredmedia":[{"embeddable":true,"href":"https:\/\/www.europesays.com\/fr\/wp-json\/wp\/v2\/media\/186731"}],"wp:attachment":[{"href":"https:\/\/www.europesays.com\/fr\/wp-json\/wp\/v2\/media?parent=186730"}],"wp:term":[{"taxonomy":"category","embeddable":true,"href":"https:\/\/www.europesays.com\/fr\/wp-json\/wp\/v2\/categories?post=186730"},{"taxonomy":"post_tag","embeddable":true,"href":"https:\/\/www.europesays.com\/fr\/wp-json\/wp\/v2\/tags?post=186730"}],"curies":[{"name":"wp","href":"https:\/\/api.w.org\/{rel}","templated":true}]}}