{"id":186736,"date":"2025-06-18T20:42:19","date_gmt":"2025-06-18T20:42:19","guid":{"rendered":"https:\/\/www.europesays.com\/fr\/186736\/"},"modified":"2025-06-18T20:42:19","modified_gmt":"2025-06-18T20:42:19","slug":"accident-sur-la-4-voies-entre-saint-malo-et-rennes-la-circulation-perturbee","status":"publish","type":"post","link":"https:\/\/www.europesays.com\/fr\/186736\/","title":{"rendered":"Accident sur la 4 voies entre Saint-Malo et Rennes : la circulation perturb\u00e9e"},"content":{"rendered":"<p>            Par<br \/>\n        <strong><br \/>\n            <a href=\"https:\/\/actu.fr\/auteur\/journaliste-pm\" title=\"Consulter tous les articles de R\u00e9daction Saint-Malo\" rel=\"nofollow noopener\" target=\"_blank\">R\u00e9daction Saint-Malo<\/a><br \/>\n        <\/strong><\/p>\n<p>        Publi\u00e9 le<\/p>\n<p>            18 juin 2025 \u00e0 19h59        <\/p>\n<p>L\u2019histoire se r\u00e9p\u00e8te chaque semaine sur cette 4 voies. La d\u00e9partementale 137, entre <a href=\"https:\/\/actu.fr\/bretagne\/saint-malo_35288\" rel=\"nofollow noopener\" target=\"_blank\">Saint-Malo<\/a> et <a href=\"https:\/\/actu.fr\/rennes\/\" rel=\"nofollow noopener\" target=\"_blank\">Rennes<\/a>, est \u00e0 nouveau le th\u00e9\u00e2tre d\u2019un accident de la route, ce mercredi 18 juin 2025, survenu vers 19h, peu apr\u00e8s Saint-Jouan-des-Gu\u00e9r\u00eats.<\/p>\n<p class=\" wall-content\">Au moins deux v\u00e9hicules sont impliqu\u00e9s. Pompiers et gendarmes sont actuellement mobilis\u00e9s sur place. D\u2019apr\u00e8s les premi\u00e8res informations partag\u00e9es par le secours, il n\u2019y aurait pas de bless\u00e9 grave.<\/p>\n<p class=\" wall-content\">La <a href=\"https:\/\/actu.fr\/tag\/circulation\" rel=\"nofollow noopener\" target=\"_blank\">circulation <\/a>est en revanche tr\u00e8s perturb\u00e9e en ce d\u00e9but de soir\u00e9e.<\/p>\n<p class=\" wall-content\">Suivez toute l\u2019actualit\u00e9 de vos villes et m\u00e9dias favoris en vous inscrivant \u00e0 <a href=\"https:\/\/moncompte.actu.fr\" title=\"D\u00e9couvez Mon Actu\" rel=\"nofollow noopener\" data-trk=\"{&quot;cta&quot;:{&quot;action&quot;:&quot;https:\\\/\\\/moncompte.actu.fr&quot;,&quot;category&quot;:&quot;mon compte&quot;,&quot;from&quot;:&quot;article footer&quot;,&quot;name&quot;:&quot;Mon actu&quot;,&quot;type&quot;:&quot;cta&quot;}}\" target=\"_blank\">Mon Actu<\/a>.<\/p>\n","protected":false},"excerpt":{"rendered":"Par R\u00e9daction Saint-Malo Publi\u00e9 le 18 juin 2025 \u00e0 19h59 L\u2019histoire se r\u00e9p\u00e8te chaque semaine sur cette 4&hellip;\n","protected":false},"author":2,"featured_media":186737,"comment_status":"","ping_status":"","sticky":false,"template":"","format":"standard","meta":{"footnotes":""},"categories":[2821],"tags":[119,1111,11,829,3542,1777,674,118,1011,27,12,584,25],"class_list":{"0":"post-186736","1":"post","2":"type-post","3":"status-publish","4":"format-standard","5":"has-post-thumbnail","7":"category-rennes","8":"tag-accident","9":"tag-actu","10":"tag-actualites","11":"tag-bretagne","12":"tag-circulation","13":"tag-eu","14":"tag-europe","15":"tag-faits-divers","16":"tag-fr","17":"tag-france","18":"tag-news","19":"tag-rennes","20":"tag-republique-francaise"},"share_on_mastodon":{"url":"https:\/\/pubeurope.com\/@fr\/114706313619303485","error":""},"_links":{"self":[{"href":"https:\/\/www.europesays.com\/fr\/wp-json\/wp\/v2\/posts\/186736","targetHints":{"allow":["GET"]}}],"collection":[{"href":"https:\/\/www.europesays.com\/fr\/wp-json\/wp\/v2\/posts"}],"about":[{"href":"https:\/\/www.europesays.com\/fr\/wp-json\/wp\/v2\/types\/post"}],"author":[{"embeddable":true,"href":"https:\/\/www.europesays.com\/fr\/wp-json\/wp\/v2\/users\/2"}],"replies":[{"embeddable":true,"href":"https:\/\/www.europesays.com\/fr\/wp-json\/wp\/v2\/comments?post=186736"}],"version-history":[{"count":0,"href":"https:\/\/www.europesays.com\/fr\/wp-json\/wp\/v2\/posts\/186736\/revisions"}],"wp:featuredmedia":[{"embeddable":true,"href":"https:\/\/www.europesays.com\/fr\/wp-json\/wp\/v2\/media\/186737"}],"wp:attachment":[{"href":"https:\/\/www.europesays.com\/fr\/wp-json\/wp\/v2\/media?parent=186736"}],"wp:term":[{"taxonomy":"category","embeddable":true,"href":"https:\/\/www.europesays.com\/fr\/wp-json\/wp\/v2\/categories?post=186736"},{"taxonomy":"post_tag","embeddable":true,"href":"https:\/\/www.europesays.com\/fr\/wp-json\/wp\/v2\/tags?post=186736"}],"curies":[{"name":"wp","href":"https:\/\/api.w.org\/{rel}","templated":true}]}}