{"id":18674,"date":"2025-04-12T00:48:09","date_gmt":"2025-04-12T00:48:09","guid":{"rendered":"https:\/\/www.europesays.com\/fr\/18674\/"},"modified":"2025-04-12T00:48:09","modified_gmt":"2025-04-12T00:48:09","slug":"quelles-sont-vos-idees-pour-ameliorer-le-quartier-de-la-rouviere","status":"publish","type":"post","link":"https:\/\/www.europesays.com\/fr\/18674\/","title":{"rendered":"quelles sont vos id\u00e9es pour am\u00e9liorer le quartier de La Rouvi\u00e8re ?"},"content":{"rendered":"<p>Lundi 21 avril, le <a href=\"https:\/\/www.laprovence.com\/article\/region\/221504961883315\/la-parole-aux-habitants-de-marseille-quelles-sont-vos-idees-pour-ameliorer-le-quartier-de-chateau-gombert\" target=\"_blank\" rel=\"noopener\">focus <\/a>sera consacr\u00e9 \u00e0 La Rouvi\u00e8re (9e) \u00e0 <a href=\"https:\/\/www.laprovence.com\/ville\/marseille\" target=\"_blank\" rel=\"noopener\">Marseille<\/a>. Fait-il encore bon vivre \u00e0 La Rouvi\u00e8re, cet ensemble de 2200 logements construits dans les ann\u00e9es 60, non loin du p\u00f4le universitaire de Luminy ?<\/p>\n<p>Alors que l&rsquo;extension du tram doit desservir les quartiers Sud, faites-nous par de vos attentes et racontez-nous les probl\u00e8mes que les habitants rencontrent au quotidien : embouteillages, travaux, stationnement, transports en commun, lieux culturels, espaces verts, acc\u00e8s \u00e0 la sant\u00e9&#8230; Qu&rsquo;est-ce qui caract\u00e9rise l&rsquo;\u00e2me de votre quartier, quels sont ses atouts ? Qu&rsquo;est-ce qu&rsquo;il y manque ? Et quels projets pourraient participer \u00e0 am\u00e9liorer votre cadre de vie ?<\/p>\n<p>Votre t\u00e9moignage nous int\u00e9resse !<\/p>\n<p>Vous habitez ou travaillez \u00e0 La Rouvi\u00e8re et avez des id\u00e9es pour am\u00e9liorer votre quartier ? Faites-nous en part !<\/p>\n<p>Pour vos t\u00e9moignages, merci de r\u00e9diger un mail \u00e0 <a href=\"https:\/\/www.laprovence.com\/cdn-cgi\/l\/email-protection\" class=\"__cf_email__\" data-cfemail=\"1e6c7b7a7f7d6a777170737f6c6d7b7772727b5e727f6e6c71687b707d7b307d7173\" target=\"_blank\" rel=\"noopener\">[email\u00a0protected]<\/a><\/p>\n","protected":false},"excerpt":{"rendered":"Lundi 21 avril, le focus sera consacr\u00e9 \u00e0 La Rouvi\u00e8re (9e) \u00e0 Marseille. Fait-il encore bon vivre \u00e0&hellip;\n","protected":false},"author":2,"featured_media":18675,"comment_status":"","ping_status":"","sticky":false,"template":"","format":"standard","meta":{"footnotes":""},"categories":[2814],"tags":[17,1111,11,1007,1777,674,1011,27,4021,884,12,866,882,4022,16,25,3333,4023],"class_list":{"0":"post-18674","1":"post","2":"type-post","3":"status-publish","4":"format-standard","5":"has-post-thumbnail","7":"category-marseille","8":"tag-17","9":"tag-actu","10":"tag-actualites","11":"tag-aux","12":"tag-eu","13":"tag-europe","14":"tag-fr","15":"tag-france","16":"tag-habitants","17":"tag-marseille","18":"tag-news","19":"tag-parole","20":"tag-provence-alpes-cote-dazur","21":"tag-quelles","22":"tag-region","23":"tag-republique-francaise","24":"tag-sont","25":"tag-vos"},"share_on_mastodon":{"url":"https:\/\/pubeurope.com\/@fr\/114322243815138295","error":""},"_links":{"self":[{"href":"https:\/\/www.europesays.com\/fr\/wp-json\/wp\/v2\/posts\/18674","targetHints":{"allow":["GET"]}}],"collection":[{"href":"https:\/\/www.europesays.com\/fr\/wp-json\/wp\/v2\/posts"}],"about":[{"href":"https:\/\/www.europesays.com\/fr\/wp-json\/wp\/v2\/types\/post"}],"author":[{"embeddable":true,"href":"https:\/\/www.europesays.com\/fr\/wp-json\/wp\/v2\/users\/2"}],"replies":[{"embeddable":true,"href":"https:\/\/www.europesays.com\/fr\/wp-json\/wp\/v2\/comments?post=18674"}],"version-history":[{"count":0,"href":"https:\/\/www.europesays.com\/fr\/wp-json\/wp\/v2\/posts\/18674\/revisions"}],"wp:featuredmedia":[{"embeddable":true,"href":"https:\/\/www.europesays.com\/fr\/wp-json\/wp\/v2\/media\/18675"}],"wp:attachment":[{"href":"https:\/\/www.europesays.com\/fr\/wp-json\/wp\/v2\/media?parent=18674"}],"wp:term":[{"taxonomy":"category","embeddable":true,"href":"https:\/\/www.europesays.com\/fr\/wp-json\/wp\/v2\/categories?post=18674"},{"taxonomy":"post_tag","embeddable":true,"href":"https:\/\/www.europesays.com\/fr\/wp-json\/wp\/v2\/tags?post=18674"}],"curies":[{"name":"wp","href":"https:\/\/api.w.org\/{rel}","templated":true}]}}