{"id":186740,"date":"2025-06-18T20:44:18","date_gmt":"2025-06-18T20:44:18","guid":{"rendered":"https:\/\/www.europesays.com\/fr\/186740\/"},"modified":"2025-06-18T20:44:18","modified_gmt":"2025-06-18T20:44:18","slug":"krutenau-un-street-bouche-corner-et-de-la-musique-pour-feter-lete","status":"publish","type":"post","link":"https:\/\/www.europesays.com\/fr\/186740\/","title":{"rendered":"Krutenau. Un Street bouche corner (et de la musique) pour f\u00eater l\u2019\u00e9t\u00e9\u00a0!"},"content":{"rendered":"<p>Le Street bouche corner s\u2019installera <strong>dimanche 22\u00a0juin<\/strong><strong>de 11\u00a0h \u00e0 20\u00a0<\/strong> h place de Zurich <a href=\"https:\/\/www.dna.fr\/culture-loisirs\/2025\/05\/05\/voyage-gustatif-pour-le-premier-street-bouche-corner-2025\" target=\"_blank\" rel=\"nofollow noopener\">avec ses stands d\u00e9di\u00e9s aux sp\u00e9cialit\u00e9s du monde entier.<\/a> La veille, <strong>samedi 21\u00a0juin de 19\u00a0h \u00e0 minuit<\/strong> , De La Food organise sur cette m\u00eame place une soir\u00e9e \u201cTchin Tchin Boom Boom\u201d. Au programme musical\u00a0: de la baile funk, de l\u2019afro, du hip-hop et un DJ en fin de soir\u00e9e\u00a0! Entr\u00e9e libre.<\/p>\n","protected":false},"excerpt":{"rendered":"Le Street bouche corner s\u2019installera dimanche 22\u00a0juinde 11\u00a0h \u00e0 20\u00a0 h place de Zurich avec ses stands d\u00e9di\u00e9s&hellip;\n","protected":false},"author":2,"featured_media":186741,"comment_status":"","ping_status":"","sticky":false,"template":"","format":"standard","meta":{"footnotes":""},"categories":[2820],"tags":[1111,11,2649,1777,674,1011,27,775,6016,12,25,104,640,2879,1631],"class_list":{"0":"post-186740","1":"post","2":"type-post","3":"status-publish","4":"format-standard","5":"has-post-thumbnail","7":"category-strasbourg","8":"tag-actu","9":"tag-actualites","10":"tag-bas-rhin","11":"tag-eu","12":"tag-europe","13":"tag-fr","14":"tag-france","15":"tag-grand-est","16":"tag-magazine-cuisine-et-vins","17":"tag-news","18":"tag-republique-francaise","19":"tag-societe","20":"tag-strasbourg","21":"tag-strasbourg-ville","22":"tag-vie-associative"},"share_on_mastodon":{"url":"https:\/\/pubeurope.com\/@fr\/114706321527626843","error":""},"_links":{"self":[{"href":"https:\/\/www.europesays.com\/fr\/wp-json\/wp\/v2\/posts\/186740","targetHints":{"allow":["GET"]}}],"collection":[{"href":"https:\/\/www.europesays.com\/fr\/wp-json\/wp\/v2\/posts"}],"about":[{"href":"https:\/\/www.europesays.com\/fr\/wp-json\/wp\/v2\/types\/post"}],"author":[{"embeddable":true,"href":"https:\/\/www.europesays.com\/fr\/wp-json\/wp\/v2\/users\/2"}],"replies":[{"embeddable":true,"href":"https:\/\/www.europesays.com\/fr\/wp-json\/wp\/v2\/comments?post=186740"}],"version-history":[{"count":0,"href":"https:\/\/www.europesays.com\/fr\/wp-json\/wp\/v2\/posts\/186740\/revisions"}],"wp:featuredmedia":[{"embeddable":true,"href":"https:\/\/www.europesays.com\/fr\/wp-json\/wp\/v2\/media\/186741"}],"wp:attachment":[{"href":"https:\/\/www.europesays.com\/fr\/wp-json\/wp\/v2\/media?parent=186740"}],"wp:term":[{"taxonomy":"category","embeddable":true,"href":"https:\/\/www.europesays.com\/fr\/wp-json\/wp\/v2\/categories?post=186740"},{"taxonomy":"post_tag","embeddable":true,"href":"https:\/\/www.europesays.com\/fr\/wp-json\/wp\/v2\/tags?post=186740"}],"curies":[{"name":"wp","href":"https:\/\/api.w.org\/{rel}","templated":true}]}}