{"id":186750,"date":"2025-06-18T20:51:10","date_gmt":"2025-06-18T20:51:10","guid":{"rendered":"https:\/\/www.europesays.com\/fr\/186750\/"},"modified":"2025-06-18T20:51:10","modified_gmt":"2025-06-18T20:51:10","slug":"le-pic-de-la-vague-de-chaleur-attendu-samedi-en-france","status":"publish","type":"post","link":"https:\/\/www.europesays.com\/fr\/186750\/","title":{"rendered":"le pic de la vague de chaleur attendu samedi en France"},"content":{"rendered":"<p>Le week-end s\u2019annonce caniculaire sur une grande partie du territoire, avant une chute des temp\u00e9ratures lundi avec l\u2019arriv\u00e9e d\u2019orages.<\/p>\n<p class=\"fig-paragraph\">La\u00a0<a href=\"http:\/\/www.lefigaro.fr\/meteo\/fortes-chaleurs-en-france-un-mois-de-juin-aux-allures-de-plein-ete-20250613\" target=\"_blank\" data-fig-type=\"NewsFlash\" rel=\"noopener\" data-gtm-custom-categorie=\"navigation\" data-gtm-custom-action=\"crossclick\" data-gtm-custom-label=\"Contextuel\" data-gtm-event=\"customEventSPE\" data-fig-domain=\"LEFIGARO\">progression lin\u00e9aire des temp\u00e9ratures<\/a>\u00a0va se poursuivre dans les prochains jours. Le mercure va s\u2019envoler en fin de semaine jusqu\u2019\u00e0 37\u00b0C localement, une vague de chaleur qui atteindra son pic samedi avant un refroidissement attendu dimanche, a annonc\u00e9 mercredi M\u00e9t\u00e9o-France. \u00abAu sein de cette vague de chaleur, les temp\u00e9ratures s\u2019annoncent tr\u00e8s \u00e9lev\u00e9es atteignant pour certains d\u00e9partements les seuils de canicule pendant 3 jours et 3 nuits cons\u00e9cutives\u00bb, pr\u00e9cise\u00a0<a href=\"https:\/\/actualite.lachainemeteo.com\/actualite-meteo\/2025-06-17\/vague-de-chaleur-vers-une-alerte-canicule-pour-la-fin-de-semaine-et-le-week-end-79038\" target=\"_blank\" rel=\"noopener\" data-gtm-custom-categorie=\"navigation\" data-gtm-custom-action=\"crossclick\" data-gtm-custom-label=\"Contextuel\" data-gtm-event=\"customEventSPE\">La Cha\u00eene M\u00e9t\u00e9o<\/a>*.<\/p>\n<p class=\"fig-paragraph\">Les temp\u00e9ratures vont progressivement monter jeudi, puis vendredi, et enfin jusqu\u2019\u00e0 la \u00abjourn\u00e9e de samedi qui devrait constituer le pic de cet \u00e9pisode, notamment sur la r\u00e9gion de l\u2019Ouest, avec des valeurs qui seront fr\u00e9quemment situ\u00e9es entre 34 et 37 voire 38 degr\u00e9s\u00bb, a indiqu\u00e9 Fran\u00e7ois Gourand, pr\u00e9visionniste au sein de M\u00e9t\u00e9o-France, lors d\u2019une conf\u00e9rence de presse. La nuit de jeudi \u00e0 vendredi \u00absera elle-m\u00eame tr\u00e8s chaude sur ces r\u00e9gions de l\u2019Ouest, avec des temp\u00e9ratures qui souvent ne descendront pas sous les 20 degr\u00e9s en temp\u00e9ratures minimales\u00bb, ph\u00e9nom\u00e8ne nocturne qui devrait encore s\u2019accentuer la nuit suivante, a-t-il ajout\u00e9. \u00abLes c\u00f4tes de la Manche conserveront encore une chaleur supportable avec 25 \u00e0 30\u00b0C\u00bb, ajoute de son c\u00f4t\u00e9 La Cha\u00eene M\u00e9t\u00e9o.<\/p>\n<p>    Les temp\u00e9ratures vont s\u2019envoler ce week-end sur la France.<br \/>\n                La Cha\u00eene M\u00e9t\u00e9o<\/p>\n<p class=\"fig-paragraph\">Le pr\u00e9visionniste s\u2019attend ensuite \u00e0 un \u00abrafra\u00eechissement pour la journ\u00e9e de dimanche qui devrait \u00eatre assez marqu\u00e9\u00bb, notamment sur l\u2019Ouest, avec une chaleur qui devrait cependant persister \u00e0 l\u2019est du pays. M\u00e9t\u00e9o-France a d\u00e9j\u00e0 plac\u00e9 un certain nombre de d\u00e9partements de l\u2019Ouest et d\u2019Auvergne-Rh\u00f4ne-Alpes en vigilance jaune canicule (\u00absoyez attentifs\u00bb) \u00e0 partir de jeudi midi, mais pr\u00e9voit d\u2019en placer certains en orange (\u00absoyez tr\u00e8s vigilant\u00bb) plus tard dans la semaine. Des records de chaleur pour un mois de juin sont attendus. \u00abSamedi sera la journ\u00e9e la plus chaude \u00e0 l\u2019\u00e9chelle nationale, explique la cha\u00eene m\u00e9t\u00e9orologique. Avec un indicateur thermique de 26,7\u00b0C, il s\u2019agira du 21 juin le plus chaud depuis pr\u00e8s d\u2019un si\u00e8cle d\u2019observations.\u00bb<\/p>\n<p>    Les nuits vont \u00eatre particuli\u00e8rement chaudes en Ile-de-France ce week-end, notamment dimanche.<br \/>\n                La Cha\u00eene M\u00e9t\u00e9o<\/p>\n<p class=\"fig-paragraph\">Cette chaleur est caus\u00e9e par le blocage d\u2019un anticyclone sur la France, situation parfois qualifi\u00e9e de \u00abblocage en om\u00e9ga\u00bb car la forme des masses d\u2019air sur la carte \u00e9voque la lettre grecque. Une d\u00e9pression d\u2019altitude sur l\u2019Atlantique va faire remonter des masses d\u2019air chaud pr\u00e9sentes sur la p\u00e9ninsule ib\u00e9rique. \u00abCes niveaux de chaleur sont remarquables pour un mois de juin, sans pour autant \u00eatre in\u00e9dits\u00bb, rappelle Matthieu Sorel, climatologue chez M\u00e9t\u00e9o-France. Le pays a d\u00e9j\u00e0 connu deux vagues de chaleur notables en juin ces derni\u00e8res ann\u00e9es, l\u2019une en 2019 et une autre, plus pr\u00e9coce, en juin 2022.<\/p>\n<p class=\"fig-paragraph\">*La Cha\u00eene M\u00e9t\u00e9o appartient au groupe Le Figaro.<\/p>\n","protected":false},"excerpt":{"rendered":"Le week-end s\u2019annonce caniculaire sur une grande partie du territoire, avant une chute des temp\u00e9ratures lundi avec l\u2019arriv\u00e9e&hellip;\n","protected":false},"author":2,"featured_media":186751,"comment_status":"","ping_status":"","sticky":false,"template":"","format":"standard","meta":{"footnotes":""},"categories":[2817],"tags":[1111,11,1997,6698,1777,674,1011,27,2487,7750,7752,7751,7749,2357,12,2219,7748,25],"class_list":{"0":"post-186750","1":"post","2":"type-post","3":"status-publish","4":"format-standard","5":"has-post-thumbnail","7":"category-bordeaux","8":"tag-actu","9":"tag-actualites","10":"tag-bordeaux","11":"tag-canicule","12":"tag-eu","13":"tag-europe","14":"tag-fr","15":"tag-france","16":"tag-meteo","17":"tag-meteo-aujourdhui","18":"tag-meteo-demain","19":"tag-meteo-du-jour","20":"tag-meteo-paris","21":"tag-meteo-france","22":"tag-news","23":"tag-nouvelle-aquitaine","24":"tag-prevision-meteo","25":"tag-republique-francaise"},"share_on_mastodon":{"url":"https:\/\/pubeurope.com\/@fr\/114706349019921230","error":""},"_links":{"self":[{"href":"https:\/\/www.europesays.com\/fr\/wp-json\/wp\/v2\/posts\/186750","targetHints":{"allow":["GET"]}}],"collection":[{"href":"https:\/\/www.europesays.com\/fr\/wp-json\/wp\/v2\/posts"}],"about":[{"href":"https:\/\/www.europesays.com\/fr\/wp-json\/wp\/v2\/types\/post"}],"author":[{"embeddable":true,"href":"https:\/\/www.europesays.com\/fr\/wp-json\/wp\/v2\/users\/2"}],"replies":[{"embeddable":true,"href":"https:\/\/www.europesays.com\/fr\/wp-json\/wp\/v2\/comments?post=186750"}],"version-history":[{"count":0,"href":"https:\/\/www.europesays.com\/fr\/wp-json\/wp\/v2\/posts\/186750\/revisions"}],"wp:featuredmedia":[{"embeddable":true,"href":"https:\/\/www.europesays.com\/fr\/wp-json\/wp\/v2\/media\/186751"}],"wp:attachment":[{"href":"https:\/\/www.europesays.com\/fr\/wp-json\/wp\/v2\/media?parent=186750"}],"wp:term":[{"taxonomy":"category","embeddable":true,"href":"https:\/\/www.europesays.com\/fr\/wp-json\/wp\/v2\/categories?post=186750"},{"taxonomy":"post_tag","embeddable":true,"href":"https:\/\/www.europesays.com\/fr\/wp-json\/wp\/v2\/tags?post=186750"}],"curies":[{"name":"wp","href":"https:\/\/api.w.org\/{rel}","templated":true}]}}